{"id":12884,"date":"2026-08-24T15:50:33","date_gmt":"2026-08-24T15:50:33","guid":{"rendered":"https:\/\/www.decaracomaverdade.com.br\/noticias\/inicio\/?p=12884"},"modified":"2026-08-24T15:55:57","modified_gmt":"2026-08-24T15:55:57","slug":"sao-paulo-28a-bienal-internacional-do-livro-inicia-venda-de-ingressos-com-cashback-de-ate-100","status":"publish","type":"post","link":"https:\/\/www.decaracomaverdade.com.br\/noticias\/inicio\/sao-paulo-28a-bienal-internacional-do-livro-inicia-venda-de-ingressos-com-cashback-de-ate-100\/","title":{"rendered":"S\u00e3o Paulo: 28\u00aa Bienal Internacional do Livro  inicia venda de ingressos com cashback de at\u00e9 100%"},"content":{"rendered":"\t\t<div data-elementor-type=\"wp-post\" data-elementor-id=\"12884\" class=\"elementor elementor-12884\">\n\t\t\t\t\t\t<section class=\"elementor-section elementor-top-section elementor-element elementor-element-1746e19 elementor-section-boxed elementor-section-height-default elementor-section-height-default\" data-id=\"1746e19\" data-element_type=\"section\" data-e-type=\"section\">\n\t\t\t\t\t\t<div class=\"elementor-container elementor-column-gap-default\">\n\t\t\t\t\t<div class=\"elementor-column elementor-col-100 elementor-top-column elementor-element elementor-element-3835468\" data-id=\"3835468\" data-element_type=\"column\" data-e-type=\"column\">\n\t\t\t<div class=\"elementor-widget-wrap elementor-element-populated\">\n\t\t\t\t\t\t<div class=\"elementor-element elementor-element-d2d1df0 elementor-widget elementor-widget-image\" data-id=\"d2d1df0\" data-element_type=\"widget\" data-e-type=\"widget\" data-widget_type=\"image.default\">\n\t\t\t\t<div class=\"elementor-widget-container\">\n\t\t\t\t\t\t\t\t\t\t\t\t\t\t\t<img loading=\"lazy\" width=\"640\" height=\"359\" src=\"https:\/\/www.decaracomaverdade.com.br\/noticias\/wp-content\/uploads\/2026\/08\/release-bienal-3.jpg\" class=\"attachment-large size-large wp-image-12886\" alt=\"release bienal 3\" srcset=\"https:\/\/www.decaracomaverdade.com.br\/noticias\/wp-content\/uploads\/2026\/08\/release-bienal-3.jpg 764w, https:\/\/www.decaracomaverdade.com.br\/noticias\/wp-content\/uploads\/2026\/08\/release-bienal-3-300x168.jpg 300w\" sizes=\"auto, (max-width: 640px) 100vw, 640px\" loading=\"lazy\" decoding=\"async\" \/>\t\t\t\t\t\t\t\t\t\t\t\t\t\t\t<\/div>\n\t\t\t\t<\/div>\n\t\t\t\t\t<\/div>\n\t\t<\/div>\n\t\t\t\t\t<\/div>\n\t\t<\/section>\n\t\t\t\t<section class=\"elementor-section elementor-top-section elementor-element elementor-element-4ba8cbd elementor-section-boxed elementor-section-height-default elementor-section-height-default\" data-id=\"4ba8cbd\" data-element_type=\"section\" data-e-type=\"section\">\n\t\t\t\t\t\t<div class=\"elementor-container elementor-column-gap-default\">\n\t\t\t\t\t<div class=\"elementor-column elementor-col-100 elementor-top-column elementor-element elementor-element-5ffb091\" data-id=\"5ffb091\" data-element_type=\"column\" data-e-type=\"column\">\n\t\t\t<div class=\"elementor-widget-wrap elementor-element-populated\">\n\t\t\t\t\t\t<div class=\"elementor-element elementor-element-1be6bff elementor-widget elementor-widget-text-editor\" data-id=\"1be6bff\" data-element_type=\"widget\" data-e-type=\"widget\" data-widget_type=\"text-editor.default\">\n\t\t\t\t<div class=\"elementor-widget-container\">\n\t\t\t\t\t\t\t\t\t<p style=\"text-align: justify;\">Come\u00e7aram as vendas de ingressos para a 28\u00aa Bienal Internacional do Livro de S\u00e3o Paulo. O evento, que ser\u00e1 realizado entre os dias 4 e 13 de setembro no Distrito Anhembi, na capital paulista, traz uma novidade in\u00e9dita para o p\u00fablico nesta edi\u00e7\u00e3o: um sistema de cashback que poder\u00e1 devolver at\u00e9 100% do valor do ingresso em cr\u00e9ditos para compras de livros nos estandes durante a feira.<\/p><p style=\"text-align: justify;\">Al\u00e9m do benef\u00edcio financeiro, a Bienal do Livro come\u00e7a a desenhar sua programa\u00e7\u00e3o cultural de peso e anuncia as primeiras convidadas internacionais confirmadas no line-up da Arena Cultural: as autoras de best-sellers de fantasia Danielle L. Jensen e Leia Stone, a escritora de com\u00e9dias rom\u00e2nticas Lynn Painter, a prestigiada jornalista e bi\u00f3grafa brit\u00e2nica Lesley-Ann Jones e a escritora norte-americana Courtney Henning Novak.<\/p><p style=\"text-align: justify;\">A for\u00e7a da literatura nacional contempor\u00e2nea tamb\u00e9m ganha destaque central nas primeiras confirma\u00e7\u00f5es do evento. A Arena Cultural receber\u00e1 o fen\u00f4meno de vendas e psicanalista Ana Suy, o premiado escritor e voz marcante da fic\u00e7\u00e3o social Jos\u00e9 Falero, e o principal expoente do afrofuturismo brasileiro, Al\u00ea Santos. Para os amantes de literatura especulativa, cultura pop e novos g\u00eaneros de nicho, o evento tamb\u00e9m confirma a presen\u00e7a do autor e quadrinista Felipe Castilho, da editora e tradutora Jana Bianchi, al\u00e9m das escritoras que arrastam multid\u00f5es no segmento juvenil e crist\u00e3o, Queren Ane e Cristina Bomfim.<\/p><p style=\"text-align: justify;\">Com todos os espa\u00e7os de exposi\u00e7\u00e3o j\u00e1 comercializados e expectativa de grande p\u00fablico, a Bienal desenhou a pol\u00edtica de pre\u00e7os e cashback estruturada por per\u00edodos. De segunda a quinta-feira, os ingressos custar\u00e3o R$ 40,00 (inteira) e R$ 20,00 (meia-entrada), com cashback de R$ 15,00 e R$ 7,50, respectivamente. J\u00e1 \u00e0s sextas, s\u00e1bados e domingos, os valores ser\u00e3o de R$ 42,00 (inteira) e R$ 21,00 (meia-entrada), com retorno de R$ 15,00 e R$ 7,50 em cr\u00e9ditos.<\/p><p style=\"text-align: justify;\">O principal destaque da a\u00e7\u00e3o ser\u00e1 o per\u00edodo noturno, ap\u00f3s as 17h, de segunda a quinta-feira, quando o visitante ter\u00e1 direito a 100% de cashback. Nessa modalidade, os ingressos custar\u00e3o R$ 30,00 (inteira) e R$ 15,00 (meia-entrada), com o valor integral revertido em cr\u00e9ditos para utiliza\u00e7\u00e3o de compra de livros durante a feira. Al\u00e9m de uma programa\u00e7\u00e3o exclusiva para o p\u00fablico que visita o evento ap\u00f3s as 17h. Com o objetivo de atender melhor o p\u00fablico adulto, a organiza\u00e7\u00e3o priorizar\u00e1 agendas noturnas pensadas para o per\u00edodo p\u00f3s-expediente.<\/p><p style=\"text-align: justify;\">De acordo com Sevani Matos, presidente da C\u00e2mara Brasileira do Livro (CBL), a iniciativa foi pensada para impulsionar o mercado editorial no evento. &#8220;O cashback \u00e9 um benef\u00edcio tanto para os visitantes, que poder\u00e3o utilizar o valor em suas compras, quanto para os expositores, que devem registrar aumento nas vendas e melhores resultados durante o evento&#8221;, afirma.<\/p><p style=\"text-align: justify;\">Para Mayra Nardy, diretora da RX, organizadora da Bienal, a iniciativa refor\u00e7a o posicionamento inovador do evento. &#8220;Desenvolver solu\u00e7\u00f5es inovadoras faz parte do nosso neg\u00f3cio&#8221;, destaca Mayra. &#8220;Somado \u00e0s in\u00fameras novidades desta edi\u00e7\u00e3o, o cashback ter\u00e1 impacto significativo na experi\u00eancia do p\u00fablico e tamb\u00e9m na gera\u00e7\u00e3o de neg\u00f3cios&#8221;, complementa.<\/p><p style=\"text-align: justify;\"><br \/>Din\u00e2mica do benef\u00edcio e gratuidades<\/p><p style=\"text-align: justify;\">Os ingressos estar\u00e3o dispon\u00edveis no site da Fever. Ter\u00e3o direito \u00e0 meia-entrada estudantes e pessoas com defici\u00eancia. Ter\u00e3o direito \u00e0 gratuidade professores, profissionais do mercado editorial, crian\u00e7as menores de 12 anos, pessoas acima de 60 anos e portadores da Credencial Plena do Sesc.<\/p><p style=\"text-align: justify;\">Para esta edi\u00e7\u00e3o, j\u00e1 est\u00e3o confirmados patrocinadores como Claro, Faber-Castell, Mercado Livre, Skeelo, Seguros Sura Brasil, Suzano, Sylvamo e TechHub. A Infinito Cultural \u00e9 a parceira respons\u00e1vel pela capta\u00e7\u00e3o de recursos e na articula\u00e7\u00e3o de investimentos que permitem a manuten\u00e7\u00e3o da grandiosidade e do impacto cultural no evento.<\/p><p style=\"text-align: justify;\">Servi\u00e7o<br \/>Evento: 28\u00aa Bienal Internacional do Livro de S\u00e3o Paulo<br \/>Data: 4 a 13 de setembro de 2026<br \/>Local: Distrito Anhembi \u2013 S\u00e3o Paulo<br \/>P\u00fablico estimado: mais de 700 mil visita<\/p>\t\t\t\t\t\t\t\t<\/div>\n\t\t\t\t<\/div>\n\t\t\t\t\t<\/div>\n\t\t<\/div>\n\t\t\t\t\t<\/div>\n\t\t<\/section>\n\t\t\t\t<\/div>\n\t\t","protected":false},"excerpt":{"rendered":"<p>Come\u00e7aram as vendas de ingressos para a 28\u00aa Bienal Internacional do Livro de S\u00e3o Paulo. O evento, que<\/p>\n","protected":false},"author":1,"featured_media":0,"comment_status":"closed","ping_status":"open","sticky":false,"template":"","format":"standard","meta":{"_eb_attr":"","footnotes":""},"categories":[3],"tags":[],"class_list":["post-12884","post","type-post","status-publish","format-standard","hentry","category-cidades"],"yoast_head":"<!-- This site is optimized with the Yoast SEO plugin v28.3 - https:\/\/yoast.com\/product\/yoast-seo-wordpress\/ -->\n<title>S\u00e3o Paulo: 28\u00aa Bienal Internacional do Livro inicia venda de ingressos com cashback de at\u00e9 100% - DE CARA COM A VERDADE<\/title>\n<meta name=\"robots\" content=\"index, follow, max-snippet:-1, max-image-preview:large, max-video-preview:-1\" \/>\n<link rel=\"canonical\" href=\"https:\/\/www.decaracomaverdade.com.br\/noticias\/inicio\/sao-paulo-28a-bienal-internacional-do-livro-inicia-venda-de-ingressos-com-cashback-de-ate-100\/\" \/>\n<meta property=\"og:locale\" content=\"pt_PT\" \/>\n<meta property=\"og:type\" content=\"article\" \/>\n<meta property=\"og:title\" content=\"S\u00e3o Paulo: 28\u00aa Bienal Internacional do Livro inicia venda de ingressos com cashback de at\u00e9 100% - DE CARA COM A VERDADE\" \/>\n<meta property=\"og:description\" content=\"Come\u00e7aram as vendas de ingressos para a 28\u00aa Bienal Internacional do Livro de S\u00e3o Paulo. O evento, que\" \/>\n<meta property=\"og:url\" content=\"https:\/\/www.decaracomaverdade.com.br\/noticias\/inicio\/sao-paulo-28a-bienal-internacional-do-livro-inicia-venda-de-ingressos-com-cashback-de-ate-100\/\" \/>\n<meta property=\"og:site_name\" content=\"DE CARA COM A VERDADE\" \/>\n<meta property=\"article:published_time\" content=\"2026-08-24T15:50:33+00:00\" \/>\n<meta property=\"article:modified_time\" content=\"2026-08-24T15:55:57+00:00\" \/>\n<meta property=\"og:image\" content=\"https:\/\/www.decaracomaverdade.com.br\/noticias\/wp-content\/uploads\/2026\/08\/release-bienal-3.jpg\" \/>\n\t<meta property=\"og:image:width\" content=\"764\" \/>\n\t<meta property=\"og:image:height\" content=\"429\" \/>\n\t<meta property=\"og:image:type\" content=\"image\/jpeg\" \/>\n<meta name=\"author\" content=\"admin\" \/>\n<meta name=\"twitter:card\" content=\"summary_large_image\" \/>\n<meta name=\"twitter:label1\" content=\"Escrito por\" \/>\n\t<meta name=\"twitter:data1\" content=\"\" \/>\n\t<meta name=\"twitter:label2\" content=\"Tempo estimado de leitura\" \/>\n\t<meta name=\"twitter:data2\" content=\"3 minutos\" \/>\n<script type=\"application\/ld+json\" class=\"yoast-schema-graph\">{\"@context\":\"https:\\\/\\\/schema.org\",\"@graph\":[{\"@type\":\"Article\",\"@id\":\"https:\\\/\\\/www.decaracomaverdade.com.br\\\/noticias\\\/inicio\\\/sao-paulo-28a-bienal-internacional-do-livro-inicia-venda-de-ingressos-com-cashback-de-ate-100\\\/#article\",\"isPartOf\":{\"@id\":\"https:\\\/\\\/www.decaracomaverdade.com.br\\\/noticias\\\/inicio\\\/sao-paulo-28a-bienal-internacional-do-livro-inicia-venda-de-ingressos-com-cashback-de-ate-100\\\/\"},\"author\":{\"name\":\"admin\",\"@id\":\"https:\\\/\\\/www.decaracomaverdade.com.br\\\/noticias\\\/inicio\\\/#\\\/schema\\\/person\\\/57b3d7bc6204e8cb0524a8fe4e443f12\"},\"headline\":\"S\u00e3o Paulo: 28\u00aa Bienal Internacional do Livro inicia venda de ingressos com cashback de at\u00e9 100%\",\"datePublished\":\"2026-08-24T15:50:33+00:00\",\"dateModified\":\"2026-08-24T15:55:57+00:00\",\"mainEntityOfPage\":{\"@id\":\"https:\\\/\\\/www.decaracomaverdade.com.br\\\/noticias\\\/inicio\\\/sao-paulo-28a-bienal-internacional-do-livro-inicia-venda-de-ingressos-com-cashback-de-ate-100\\\/\"},\"wordCount\":684,\"image\":{\"@id\":\"https:\\\/\\\/www.decaracomaverdade.com.br\\\/noticias\\\/inicio\\\/sao-paulo-28a-bienal-internacional-do-livro-inicia-venda-de-ingressos-com-cashback-de-ate-100\\\/#primaryimage\"},\"thumbnailUrl\":\"https:\\\/\\\/www.decaracomaverdade.com.br\\\/noticias\\\/wp-content\\\/uploads\\\/2026\\\/08\\\/release-bienal-3.jpg\",\"articleSection\":[\"Cidades\"],\"inLanguage\":\"pt-PT\"},{\"@type\":\"WebPage\",\"@id\":\"https:\\\/\\\/www.decaracomaverdade.com.br\\\/noticias\\\/inicio\\\/sao-paulo-28a-bienal-internacional-do-livro-inicia-venda-de-ingressos-com-cashback-de-ate-100\\\/\",\"url\":\"https:\\\/\\\/www.decaracomaverdade.com.br\\\/noticias\\\/inicio\\\/sao-paulo-28a-bienal-internacional-do-livro-inicia-venda-de-ingressos-com-cashback-de-ate-100\\\/\",\"name\":\"S\u00e3o Paulo: 28\u00aa Bienal Internacional do Livro inicia venda de ingressos com cashback de at\u00e9 100% - DE CARA COM A VERDADE\",\"isPartOf\":{\"@id\":\"https:\\\/\\\/www.decaracomaverdade.com.br\\\/noticias\\\/inicio\\\/#website\"},\"primaryImageOfPage\":{\"@id\":\"https:\\\/\\\/www.decaracomaverdade.com.br\\\/noticias\\\/inicio\\\/sao-paulo-28a-bienal-internacional-do-livro-inicia-venda-de-ingressos-com-cashback-de-ate-100\\\/#primaryimage\"},\"image\":{\"@id\":\"https:\\\/\\\/www.decaracomaverdade.com.br\\\/noticias\\\/inicio\\\/sao-paulo-28a-bienal-internacional-do-livro-inicia-venda-de-ingressos-com-cashback-de-ate-100\\\/#primaryimage\"},\"thumbnailUrl\":\"https:\\\/\\\/www.decaracomaverdade.com.br\\\/noticias\\\/wp-content\\\/uploads\\\/2026\\\/08\\\/release-bienal-3.jpg\",\"datePublished\":\"2026-08-24T15:50:33+00:00\",\"dateModified\":\"2026-08-24T15:55:57+00:00\",\"author\":{\"@id\":\"https:\\\/\\\/www.decaracomaverdade.com.br\\\/noticias\\\/inicio\\\/#\\\/schema\\\/person\\\/57b3d7bc6204e8cb0524a8fe4e443f12\"},\"breadcrumb\":{\"@id\":\"https:\\\/\\\/www.decaracomaverdade.com.br\\\/noticias\\\/inicio\\\/sao-paulo-28a-bienal-internacional-do-livro-inicia-venda-de-ingressos-com-cashback-de-ate-100\\\/#breadcrumb\"},\"inLanguage\":\"pt-PT\",\"potentialAction\":[{\"@type\":\"ReadAction\",\"target\":[\"https:\\\/\\\/www.decaracomaverdade.com.br\\\/noticias\\\/inicio\\\/sao-paulo-28a-bienal-internacional-do-livro-inicia-venda-de-ingressos-com-cashback-de-ate-100\\\/\"]}]},{\"@type\":\"ImageObject\",\"inLanguage\":\"pt-PT\",\"@id\":\"https:\\\/\\\/www.decaracomaverdade.com.br\\\/noticias\\\/inicio\\\/sao-paulo-28a-bienal-internacional-do-livro-inicia-venda-de-ingressos-com-cashback-de-ate-100\\\/#primaryimage\",\"url\":\"https:\\\/\\\/www.decaracomaverdade.com.br\\\/noticias\\\/wp-content\\\/uploads\\\/2026\\\/08\\\/release-bienal-3.jpg\",\"contentUrl\":\"https:\\\/\\\/www.decaracomaverdade.com.br\\\/noticias\\\/wp-content\\\/uploads\\\/2026\\\/08\\\/release-bienal-3.jpg\"},{\"@type\":\"BreadcrumbList\",\"@id\":\"https:\\\/\\\/www.decaracomaverdade.com.br\\\/noticias\\\/inicio\\\/sao-paulo-28a-bienal-internacional-do-livro-inicia-venda-de-ingressos-com-cashback-de-ate-100\\\/#breadcrumb\",\"itemListElement\":[{\"@type\":\"ListItem\",\"position\":1,\"name\":\"In\u00edcio\",\"item\":\"https:\\\/\\\/www.decaracomaverdade.com.br\\\/noticias\\\/inicio\\\/\"},{\"@type\":\"ListItem\",\"position\":2,\"name\":\"S\u00e3o Paulo: 28\u00aa Bienal Internacional do Livro inicia venda de ingressos com cashback de at\u00e9 100%\"}]},{\"@type\":\"WebSite\",\"@id\":\"https:\\\/\\\/www.decaracomaverdade.com.br\\\/noticias\\\/inicio\\\/#website\",\"url\":\"https:\\\/\\\/www.decaracomaverdade.com.br\\\/noticias\\\/inicio\\\/\",\"name\":\"DE CARA COM A VERDADE\",\"description\":\"Get The Most Freshy News Every Day\",\"potentialAction\":[{\"@type\":\"SearchAction\",\"target\":{\"@type\":\"EntryPoint\",\"urlTemplate\":\"https:\\\/\\\/www.decaracomaverdade.com.br\\\/noticias\\\/inicio\\\/?s={search_term_string}\"},\"query-input\":{\"@type\":\"PropertyValueSpecification\",\"valueRequired\":true,\"valueName\":\"search_term_string\"}}],\"inLanguage\":\"pt-PT\"},{\"@type\":\"Person\",\"@id\":\"https:\\\/\\\/www.decaracomaverdade.com.br\\\/noticias\\\/inicio\\\/#\\\/schema\\\/person\\\/57b3d7bc6204e8cb0524a8fe4e443f12\",\"name\":\"admin\",\"image\":{\"@type\":\"ImageObject\",\"inLanguage\":\"pt-PT\",\"@id\":\"https:\\\/\\\/secure.gravatar.com\\\/avatar\\\/a58535844e1157019c1c46d6fed66689c314ba5bed048d83012b7f39ae98a79c?s=96&d=mm&r=g\",\"url\":\"https:\\\/\\\/secure.gravatar.com\\\/avatar\\\/a58535844e1157019c1c46d6fed66689c314ba5bed048d83012b7f39ae98a79c?s=96&d=mm&r=g\",\"contentUrl\":\"https:\\\/\\\/secure.gravatar.com\\\/avatar\\\/a58535844e1157019c1c46d6fed66689c314ba5bed048d83012b7f39ae98a79c?s=96&d=mm&r=g\",\"caption\":\"admin\"},\"sameAs\":[\"https:\\\/\\\/www.decaracomaverdade.com.br\\\/noticias\"],\"url\":\"https:\\\/\\\/www.decaracomaverdade.com.br\\\/noticias\\\/inicio\\\/author\\\/admin\\\/\"}]}<\/script>\n<!-- \/ Yoast SEO plugin. -->","yoast_head_json":{"title":"S\u00e3o Paulo: 28\u00aa Bienal Internacional do Livro inicia venda de ingressos com cashback de at\u00e9 100% - DE CARA COM A VERDADE","robots":{"index":"index","follow":"follow","max-snippet":"max-snippet:-1","max-image-preview":"max-image-preview:large","max-video-preview":"max-video-preview:-1"},"canonical":"https:\/\/www.decaracomaverdade.com.br\/noticias\/inicio\/sao-paulo-28a-bienal-internacional-do-livro-inicia-venda-de-ingressos-com-cashback-de-ate-100\/","og_locale":"pt_PT","og_type":"article","og_title":"S\u00e3o Paulo: 28\u00aa Bienal Internacional do Livro inicia venda de ingressos com cashback de at\u00e9 100% - DE CARA COM A VERDADE","og_description":"Come\u00e7aram as vendas de ingressos para a 28\u00aa Bienal Internacional do Livro de S\u00e3o Paulo. O evento, que","og_url":"https:\/\/www.decaracomaverdade.com.br\/noticias\/inicio\/sao-paulo-28a-bienal-internacional-do-livro-inicia-venda-de-ingressos-com-cashback-de-ate-100\/","og_site_name":"DE CARA COM A VERDADE","article_published_time":"2026-08-24T15:50:33+00:00","article_modified_time":"2026-08-24T15:55:57+00:00","og_image":[{"width":764,"height":429,"url":"https:\/\/www.decaracomaverdade.com.br\/noticias\/wp-content\/uploads\/2026\/08\/release-bienal-3.jpg","type":"image\/jpeg"}],"author":"admin","twitter_card":"summary_large_image","twitter_misc":{"Escrito por":false,"Tempo estimado de leitura":"3 minutos"},"schema":{"@context":"https:\/\/schema.org","@graph":[{"@type":"Article","@id":"https:\/\/www.decaracomaverdade.com.br\/noticias\/inicio\/sao-paulo-28a-bienal-internacional-do-livro-inicia-venda-de-ingressos-com-cashback-de-ate-100\/#article","isPartOf":{"@id":"https:\/\/www.decaracomaverdade.com.br\/noticias\/inicio\/sao-paulo-28a-bienal-internacional-do-livro-inicia-venda-de-ingressos-com-cashback-de-ate-100\/"},"author":{"name":"admin","@id":"https:\/\/www.decaracomaverdade.com.br\/noticias\/inicio\/#\/schema\/person\/57b3d7bc6204e8cb0524a8fe4e443f12"},"headline":"S\u00e3o Paulo: 28\u00aa Bienal Internacional do Livro inicia venda de ingressos com cashback de at\u00e9 100%","datePublished":"2026-08-24T15:50:33+00:00","dateModified":"2026-08-24T15:55:57+00:00","mainEntityOfPage":{"@id":"https:\/\/www.decaracomaverdade.com.br\/noticias\/inicio\/sao-paulo-28a-bienal-internacional-do-livro-inicia-venda-de-ingressos-com-cashback-de-ate-100\/"},"wordCount":684,"image":{"@id":"https:\/\/www.decaracomaverdade.com.br\/noticias\/inicio\/sao-paulo-28a-bienal-internacional-do-livro-inicia-venda-de-ingressos-com-cashback-de-ate-100\/#primaryimage"},"thumbnailUrl":"https:\/\/www.decaracomaverdade.com.br\/noticias\/wp-content\/uploads\/2026\/08\/release-bienal-3.jpg","articleSection":["Cidades"],"inLanguage":"pt-PT"},{"@type":"WebPage","@id":"https:\/\/www.decaracomaverdade.com.br\/noticias\/inicio\/sao-paulo-28a-bienal-internacional-do-livro-inicia-venda-de-ingressos-com-cashback-de-ate-100\/","url":"https:\/\/www.decaracomaverdade.com.br\/noticias\/inicio\/sao-paulo-28a-bienal-internacional-do-livro-inicia-venda-de-ingressos-com-cashback-de-ate-100\/","name":"S\u00e3o Paulo: 28\u00aa Bienal Internacional do Livro inicia venda de ingressos com cashback de at\u00e9 100% - DE CARA COM A VERDADE","isPartOf":{"@id":"https:\/\/www.decaracomaverdade.com.br\/noticias\/inicio\/#website"},"primaryImageOfPage":{"@id":"https:\/\/www.decaracomaverdade.com.br\/noticias\/inicio\/sao-paulo-28a-bienal-internacional-do-livro-inicia-venda-de-ingressos-com-cashback-de-ate-100\/#primaryimage"},"image":{"@id":"https:\/\/www.decaracomaverdade.com.br\/noticias\/inicio\/sao-paulo-28a-bienal-internacional-do-livro-inicia-venda-de-ingressos-com-cashback-de-ate-100\/#primaryimage"},"thumbnailUrl":"https:\/\/www.decaracomaverdade.com.br\/noticias\/wp-content\/uploads\/2026\/08\/release-bienal-3.jpg","datePublished":"2026-08-24T15:50:33+00:00","dateModified":"2026-08-24T15:55:57+00:00","author":{"@id":"https:\/\/www.decaracomaverdade.com.br\/noticias\/inicio\/#\/schema\/person\/57b3d7bc6204e8cb0524a8fe4e443f12"},"breadcrumb":{"@id":"https:\/\/www.decaracomaverdade.com.br\/noticias\/inicio\/sao-paulo-28a-bienal-internacional-do-livro-inicia-venda-de-ingressos-com-cashback-de-ate-100\/#breadcrumb"},"inLanguage":"pt-PT","potentialAction":[{"@type":"ReadAction","target":["https:\/\/www.decaracomaverdade.com.br\/noticias\/inicio\/sao-paulo-28a-bienal-internacional-do-livro-inicia-venda-de-ingressos-com-cashback-de-ate-100\/"]}]},{"@type":"ImageObject","inLanguage":"pt-PT","@id":"https:\/\/www.decaracomaverdade.com.br\/noticias\/inicio\/sao-paulo-28a-bienal-internacional-do-livro-inicia-venda-de-ingressos-com-cashback-de-ate-100\/#primaryimage","url":"https:\/\/www.decaracomaverdade.com.br\/noticias\/wp-content\/uploads\/2026\/08\/release-bienal-3.jpg","contentUrl":"https:\/\/www.decaracomaverdade.com.br\/noticias\/wp-content\/uploads\/2026\/08\/release-bienal-3.jpg"},{"@type":"BreadcrumbList","@id":"https:\/\/www.decaracomaverdade.com.br\/noticias\/inicio\/sao-paulo-28a-bienal-internacional-do-livro-inicia-venda-de-ingressos-com-cashback-de-ate-100\/#breadcrumb","itemListElement":[{"@type":"ListItem","position":1,"name":"In\u00edcio","item":"https:\/\/www.decaracomaverdade.com.br\/noticias\/inicio\/"},{"@type":"ListItem","position":2,"name":"S\u00e3o Paulo: 28\u00aa Bienal Internacional do Livro inicia venda de ingressos com cashback de at\u00e9 100%"}]},{"@type":"WebSite","@id":"https:\/\/www.decaracomaverdade.com.br\/noticias\/inicio\/#website","url":"https:\/\/www.decaracomaverdade.com.br\/noticias\/inicio\/","name":"DE CARA COM A VERDADE","description":"Get The Most Freshy News Every Day","potentialAction":[{"@type":"SearchAction","target":{"@type":"EntryPoint","urlTemplate":"https:\/\/www.decaracomaverdade.com.br\/noticias\/inicio\/?s={search_term_string}"},"query-input":{"@type":"PropertyValueSpecification","valueRequired":true,"valueName":"search_term_string"}}],"inLanguage":"pt-PT"},{"@type":"Person","@id":"https:\/\/www.decaracomaverdade.com.br\/noticias\/inicio\/#\/schema\/person\/57b3d7bc6204e8cb0524a8fe4e443f12","name":"admin","image":{"@type":"ImageObject","inLanguage":"pt-PT","@id":"https:\/\/secure.gravatar.com\/avatar\/a58535844e1157019c1c46d6fed66689c314ba5bed048d83012b7f39ae98a79c?s=96&d=mm&r=g","url":"https:\/\/secure.gravatar.com\/avatar\/a58535844e1157019c1c46d6fed66689c314ba5bed048d83012b7f39ae98a79c?s=96&d=mm&r=g","contentUrl":"https:\/\/secure.gravatar.com\/avatar\/a58535844e1157019c1c46d6fed66689c314ba5bed048d83012b7f39ae98a79c?s=96&d=mm&r=g","caption":"admin"},"sameAs":["https:\/\/www.decaracomaverdade.com.br\/noticias"],"url":"https:\/\/www.decaracomaverdade.com.br\/noticias\/inicio\/author\/admin\/"}]}},"blog_post_layout_featured_media_urls":{"thumbnail":"","full":""},"categories_names":{"3":{"name":"Cidades","link":"https:\/\/www.decaracomaverdade.com.br\/noticias\/inicio\/category\/cidades\/"}},"tags_names":[],"comments_number":"0","wpmagazine_modules_lite_featured_media_urls":{"thumbnail":"","cvmm-medium":"","cvmm-medium-plus":"","cvmm-portrait":"","cvmm-medium-square":"","cvmm-large":"","cvmm-small":"","full":""},"_links":{"self":[{"href":"https:\/\/www.decaracomaverdade.com.br\/noticias\/inicio\/wp-json\/wp\/v2\/posts\/12884","targetHints":{"allow":["GET"]}}],"collection":[{"href":"https:\/\/www.decaracomaverdade.com.br\/noticias\/inicio\/wp-json\/wp\/v2\/posts"}],"about":[{"href":"https:\/\/www.decaracomaverdade.com.br\/noticias\/inicio\/wp-json\/wp\/v2\/types\/post"}],"author":[{"embeddable":true,"href":"https:\/\/www.decaracomaverdade.com.br\/noticias\/inicio\/wp-json\/wp\/v2\/users\/1"}],"replies":[{"embeddable":true,"href":"https:\/\/www.decaracomaverdade.com.br\/noticias\/inicio\/wp-json\/wp\/v2\/comments?post=12884"}],"version-history":[{"count":4,"href":"https:\/\/www.decaracomaverdade.com.br\/noticias\/inicio\/wp-json\/wp\/v2\/posts\/12884\/revisions"}],"predecessor-version":[{"id":12890,"href":"https:\/\/www.decaracomaverdade.com.br\/noticias\/inicio\/wp-json\/wp\/v2\/posts\/12884\/revisions\/12890"}],"wp:attachment":[{"href":"https:\/\/www.decaracomaverdade.com.br\/noticias\/inicio\/wp-json\/wp\/v2\/media?parent=12884"}],"wp:term":[{"taxonomy":"category","embeddable":true,"href":"https:\/\/www.decaracomaverdade.com.br\/noticias\/inicio\/wp-json\/wp\/v2\/categories?post=12884"},{"taxonomy":"post_tag","embeddable":true,"href":"https:\/\/www.decaracomaverdade.com.br\/noticias\/inicio\/wp-json\/wp\/v2\/tags?post=12884"}],"curies":[{"name":"wp","href":"https:\/\/api.w.org\/{rel}","templated":true}]}}