{"id":12863,"date":"2026-08-24T15:23:07","date_gmt":"2026-08-24T15:23:07","guid":{"rendered":"https:\/\/www.decaracomaverdade.com.br\/noticias\/inicio\/?p=12863"},"modified":"2026-08-24T15:24:24","modified_gmt":"2026-08-24T15:24:24","slug":"alcolumbre-envia-pec-do-fim-da-escala-6x1-para-ccj-do-senado","status":"publish","type":"post","link":"https:\/\/www.decaracomaverdade.com.br\/noticias\/inicio\/alcolumbre-envia-pec-do-fim-da-escala-6x1-para-ccj-do-senado\/","title":{"rendered":"Alcolumbre envia PEC do fim da escala 6&#215;1 para CCJ do Senado"},"content":{"rendered":"\t\t<div data-elementor-type=\"wp-post\" data-elementor-id=\"12863\" class=\"elementor elementor-12863\">\n\t\t\t\t\t\t<section class=\"elementor-section elementor-top-section elementor-element elementor-element-548918b elementor-section-boxed elementor-section-height-default elementor-section-height-default\" data-id=\"548918b\" data-element_type=\"section\" data-e-type=\"section\">\n\t\t\t\t\t\t<div class=\"elementor-container elementor-column-gap-default\">\n\t\t\t\t\t<div class=\"elementor-column elementor-col-100 elementor-top-column elementor-element elementor-element-28b2865\" data-id=\"28b2865\" data-element_type=\"column\" data-e-type=\"column\">\n\t\t\t<div class=\"elementor-widget-wrap elementor-element-populated\">\n\t\t\t\t\t\t<div class=\"elementor-element elementor-element-6ebc1d6 elementor-widget elementor-widget-image\" data-id=\"6ebc1d6\" data-element_type=\"widget\" data-e-type=\"widget\" data-widget_type=\"image.default\">\n\t\t\t\t<div class=\"elementor-widget-container\">\n\t\t\t\t\t\t\t\t\t\t\t\t\t\t\t<img loading=\"lazy\" width=\"640\" height=\"383\" src=\"https:\/\/www.decaracomaverdade.com.br\/noticias\/wp-content\/uploads\/2026\/08\/0d9a6872-1024x613.webp\" class=\"attachment-large size-large wp-image-12865\" alt=\"0d9a6872\" srcset=\"https:\/\/www.decaracomaverdade.com.br\/noticias\/wp-content\/uploads\/2026\/08\/0d9a6872-1024x613.webp 1024w, https:\/\/www.decaracomaverdade.com.br\/noticias\/wp-content\/uploads\/2026\/08\/0d9a6872-300x179.webp 300w, https:\/\/www.decaracomaverdade.com.br\/noticias\/wp-content\/uploads\/2026\/08\/0d9a6872-768x459.webp 768w, https:\/\/www.decaracomaverdade.com.br\/noticias\/wp-content\/uploads\/2026\/08\/0d9a6872.webp 1170w\" sizes=\"auto, (max-width: 640px) 100vw, 640px\" loading=\"lazy\" decoding=\"async\" \/>\t\t\t\t\t\t\t\t\t\t\t\t\t\t\t<\/div>\n\t\t\t\t<\/div>\n\t\t\t\t\t<\/div>\n\t\t<\/div>\n\t\t\t\t\t<\/div>\n\t\t<\/section>\n\t\t\t\t<section class=\"elementor-section elementor-top-section elementor-element elementor-element-1655359 elementor-section-boxed elementor-section-height-default elementor-section-height-default\" data-id=\"1655359\" data-element_type=\"section\" data-e-type=\"section\">\n\t\t\t\t\t\t<div class=\"elementor-container elementor-column-gap-default\">\n\t\t\t\t\t<div class=\"elementor-column elementor-col-100 elementor-top-column elementor-element elementor-element-d40e073\" data-id=\"d40e073\" data-element_type=\"column\" data-e-type=\"column\">\n\t\t\t<div class=\"elementor-widget-wrap elementor-element-populated\">\n\t\t\t\t\t\t<div class=\"elementor-element elementor-element-96406e3 elementor-widget elementor-widget-text-editor\" data-id=\"96406e3\" data-element_type=\"widget\" data-e-type=\"widget\" data-widget_type=\"text-editor.default\">\n\t\t\t\t<div class=\"elementor-widget-container\">\n\t\t\t\t\t\t\t\t\t<p style=\"text-align: justify;\">O presidente do Senado, Davi Alcolumbre (Uni\u00e3o-AP), despachou na tarde desta sexta-feira (21) para a Comiss\u00e3o de Constitui\u00e7\u00e3o e Justi\u00e7a (CCJ) a\u00a0proposta\u00a0de emenda \u00e0 Constitui\u00e7\u00e3o PEC que prev\u00ea o fim da escala de trabalho 6&#215;1.\u00a0<img decoding=\"async\" src=\"https:\/\/agenciabrasil.ebc.com.br\/ebc.png?id=1700364&amp;o=node\" \/><img decoding=\"async\" src=\"https:\/\/agenciabrasil.ebc.com.br\/ebc.gif?id=1700364&amp;o=node\" \/><\/p><p style=\"text-align: justify;\">O relator da mat\u00e9ria na CCJ ser\u00e1 o senador Omar Aziz (PSD-AM).<\/p><p style=\"text-align: justify;\">Na semana passada,\u00a0Alcolumbre\u00a0havia sinalizado que iria destravar o andamento da proposta na Casa ap\u00f3s conversas com o presidente Luiz In\u00e1cio Lula da Silva.<\/p><p style=\"text-align: justify;\">A PEC do fim da escala\u00a0foi aprovada na C\u00e2mara dos Deputados em 27 de maio, e reduz\u00a0a carga hor\u00e1ria m\u00e1xima de trabalho para 40 horas semanais. A PEC estabelece ainda dois dias de repouso semanal remunerado, sem redu\u00e7\u00e3o salarial.\u00a0<\/p><h2 style=\"text-align: justify;\">PEC da Seguran\u00e7a P\u00fablica<\/h2><p style=\"text-align: justify;\">A PEC da Seguran\u00e7a P\u00fablica (18\/2025) tamb\u00e9m foi enviada para a CCJ do Senado. O texto ficar\u00e1 sob a relatoria do senador Rog\u00e9rio Carvalho (PT-SE).<\/p><p style=\"text-align: justify;\">Aprovada pelos deputados federais em mar\u00e7o, a PEC reorganiza o sistema de seguran\u00e7a p\u00fablica no pa\u00eds, como a destina\u00e7\u00e3o parcial da arrecada\u00e7\u00e3o das apostas esportivas aos fundos nacionais de seguran\u00e7a p\u00fablica e do sistema penitenci\u00e1rio.<\/p><p style=\"text-align: justify;\">As duas PECs precisam ser aprovadas na comiss\u00e3o. Depois, ser\u00e3o encaminhadas ao Plen\u00e1rio, necessitando do aval de 49 senadores, no m\u00ednimo, em dois turnos. Em seguida, \u00e9 promulgada em sess\u00e3o solene do Congresso Nacional.<\/p><p style=\"text-align: justify;\">Se aprovadas na CCJ, as PECs ainda precisam ser confirmadas no Plen\u00e1rio, onde precisam conquistar o apoio de tr\u00eas quintos dos senadores \u2014 o equivalente a 49 votos, no m\u00ednimo, em dois turnos. Depois de aprovada, a emenda \u00e9 promulgada em sess\u00e3o solene do Congresso Nacional.<\/p>\t\t\t\t\t\t\t\t<\/div>\n\t\t\t\t<\/div>\n\t\t\t\t\t<\/div>\n\t\t<\/div>\n\t\t\t\t\t<\/div>\n\t\t<\/section>\n\t\t\t\t<\/div>\n\t\t","protected":false},"excerpt":{"rendered":"<p>O presidente do Senado, Davi Alcolumbre (Uni\u00e3o-AP), despachou na tarde desta sexta-feira (21) para a Comiss\u00e3o de Constitui\u00e7\u00e3o<\/p>\n","protected":false},"author":1,"featured_media":0,"comment_status":"closed","ping_status":"open","sticky":false,"template":"","format":"standard","meta":{"_eb_attr":"","footnotes":""},"categories":[6],"tags":[],"class_list":["post-12863","post","type-post","status-publish","format-standard","hentry","category-politica"],"yoast_head":"<!-- This site is optimized with the Yoast SEO plugin v28.3 - https:\/\/yoast.com\/product\/yoast-seo-wordpress\/ -->\n<title>Alcolumbre envia PEC do fim da escala 6x1 para CCJ do Senado - DE CARA COM A VERDADE<\/title>\n<meta name=\"robots\" content=\"index, follow, max-snippet:-1, max-image-preview:large, max-video-preview:-1\" \/>\n<link rel=\"canonical\" href=\"https:\/\/www.decaracomaverdade.com.br\/noticias\/inicio\/alcolumbre-envia-pec-do-fim-da-escala-6x1-para-ccj-do-senado\/\" \/>\n<meta property=\"og:locale\" content=\"pt_PT\" \/>\n<meta property=\"og:type\" content=\"article\" \/>\n<meta property=\"og:title\" content=\"Alcolumbre envia PEC do fim da escala 6x1 para CCJ do Senado - DE CARA COM A VERDADE\" \/>\n<meta property=\"og:description\" content=\"O presidente do Senado, Davi Alcolumbre (Uni\u00e3o-AP), despachou na tarde desta sexta-feira (21) para a Comiss\u00e3o de Constitui\u00e7\u00e3o\" \/>\n<meta property=\"og:url\" content=\"https:\/\/www.decaracomaverdade.com.br\/noticias\/inicio\/alcolumbre-envia-pec-do-fim-da-escala-6x1-para-ccj-do-senado\/\" \/>\n<meta property=\"og:site_name\" content=\"DE CARA COM A VERDADE\" \/>\n<meta property=\"article:published_time\" content=\"2026-08-24T15:23:07+00:00\" \/>\n<meta property=\"article:modified_time\" content=\"2026-08-24T15:24:24+00:00\" \/>\n<meta property=\"og:image\" content=\"https:\/\/www.decaracomaverdade.com.br\/noticias\/wp-content\/uploads\/2026\/08\/0d9a6872.webp\" \/>\n\t<meta property=\"og:image:width\" content=\"1170\" \/>\n\t<meta property=\"og:image:height\" content=\"700\" \/>\n\t<meta property=\"og:image:type\" content=\"image\/webp\" \/>\n<meta name=\"author\" content=\"admin\" \/>\n<meta name=\"twitter:card\" content=\"summary_large_image\" \/>\n<meta name=\"twitter:label1\" content=\"Escrito por\" \/>\n\t<meta name=\"twitter:data1\" content=\"\" \/>\n\t<meta name=\"twitter:label2\" content=\"Tempo estimado de leitura\" \/>\n\t<meta name=\"twitter:data2\" content=\"1 minuto\" \/>\n<script type=\"application\/ld+json\" class=\"yoast-schema-graph\">{\"@context\":\"https:\\\/\\\/schema.org\",\"@graph\":[{\"@type\":\"Article\",\"@id\":\"https:\\\/\\\/www.decaracomaverdade.com.br\\\/noticias\\\/inicio\\\/alcolumbre-envia-pec-do-fim-da-escala-6x1-para-ccj-do-senado\\\/#article\",\"isPartOf\":{\"@id\":\"https:\\\/\\\/www.decaracomaverdade.com.br\\\/noticias\\\/inicio\\\/alcolumbre-envia-pec-do-fim-da-escala-6x1-para-ccj-do-senado\\\/\"},\"author\":{\"name\":\"admin\",\"@id\":\"https:\\\/\\\/www.decaracomaverdade.com.br\\\/noticias\\\/inicio\\\/#\\\/schema\\\/person\\\/57b3d7bc6204e8cb0524a8fe4e443f12\"},\"headline\":\"Alcolumbre envia PEC do fim da escala 6&#215;1 para CCJ do Senado\",\"datePublished\":\"2026-08-24T15:23:07+00:00\",\"dateModified\":\"2026-08-24T15:24:24+00:00\",\"mainEntityOfPage\":{\"@id\":\"https:\\\/\\\/www.decaracomaverdade.com.br\\\/noticias\\\/inicio\\\/alcolumbre-envia-pec-do-fim-da-escala-6x1-para-ccj-do-senado\\\/\"},\"wordCount\":297,\"image\":{\"@id\":\"https:\\\/\\\/www.decaracomaverdade.com.br\\\/noticias\\\/inicio\\\/alcolumbre-envia-pec-do-fim-da-escala-6x1-para-ccj-do-senado\\\/#primaryimage\"},\"thumbnailUrl\":\"https:\\\/\\\/www.decaracomaverdade.com.br\\\/noticias\\\/wp-content\\\/uploads\\\/2026\\\/08\\\/0d9a6872-1024x613.webp\",\"articleSection\":[\"Politica\"],\"inLanguage\":\"pt-PT\"},{\"@type\":\"WebPage\",\"@id\":\"https:\\\/\\\/www.decaracomaverdade.com.br\\\/noticias\\\/inicio\\\/alcolumbre-envia-pec-do-fim-da-escala-6x1-para-ccj-do-senado\\\/\",\"url\":\"https:\\\/\\\/www.decaracomaverdade.com.br\\\/noticias\\\/inicio\\\/alcolumbre-envia-pec-do-fim-da-escala-6x1-para-ccj-do-senado\\\/\",\"name\":\"Alcolumbre envia PEC do fim da escala 6x1 para CCJ do Senado - DE CARA COM A VERDADE\",\"isPartOf\":{\"@id\":\"https:\\\/\\\/www.decaracomaverdade.com.br\\\/noticias\\\/inicio\\\/#website\"},\"primaryImageOfPage\":{\"@id\":\"https:\\\/\\\/www.decaracomaverdade.com.br\\\/noticias\\\/inicio\\\/alcolumbre-envia-pec-do-fim-da-escala-6x1-para-ccj-do-senado\\\/#primaryimage\"},\"image\":{\"@id\":\"https:\\\/\\\/www.decaracomaverdade.com.br\\\/noticias\\\/inicio\\\/alcolumbre-envia-pec-do-fim-da-escala-6x1-para-ccj-do-senado\\\/#primaryimage\"},\"thumbnailUrl\":\"https:\\\/\\\/www.decaracomaverdade.com.br\\\/noticias\\\/wp-content\\\/uploads\\\/2026\\\/08\\\/0d9a6872-1024x613.webp\",\"datePublished\":\"2026-08-24T15:23:07+00:00\",\"dateModified\":\"2026-08-24T15:24:24+00:00\",\"author\":{\"@id\":\"https:\\\/\\\/www.decaracomaverdade.com.br\\\/noticias\\\/inicio\\\/#\\\/schema\\\/person\\\/57b3d7bc6204e8cb0524a8fe4e443f12\"},\"breadcrumb\":{\"@id\":\"https:\\\/\\\/www.decaracomaverdade.com.br\\\/noticias\\\/inicio\\\/alcolumbre-envia-pec-do-fim-da-escala-6x1-para-ccj-do-senado\\\/#breadcrumb\"},\"inLanguage\":\"pt-PT\",\"potentialAction\":[{\"@type\":\"ReadAction\",\"target\":[\"https:\\\/\\\/www.decaracomaverdade.com.br\\\/noticias\\\/inicio\\\/alcolumbre-envia-pec-do-fim-da-escala-6x1-para-ccj-do-senado\\\/\"]}]},{\"@type\":\"ImageObject\",\"inLanguage\":\"pt-PT\",\"@id\":\"https:\\\/\\\/www.decaracomaverdade.com.br\\\/noticias\\\/inicio\\\/alcolumbre-envia-pec-do-fim-da-escala-6x1-para-ccj-do-senado\\\/#primaryimage\",\"url\":\"https:\\\/\\\/www.decaracomaverdade.com.br\\\/noticias\\\/wp-content\\\/uploads\\\/2026\\\/08\\\/0d9a6872-1024x613.webp\",\"contentUrl\":\"https:\\\/\\\/www.decaracomaverdade.com.br\\\/noticias\\\/wp-content\\\/uploads\\\/2026\\\/08\\\/0d9a6872-1024x613.webp\"},{\"@type\":\"BreadcrumbList\",\"@id\":\"https:\\\/\\\/www.decaracomaverdade.com.br\\\/noticias\\\/inicio\\\/alcolumbre-envia-pec-do-fim-da-escala-6x1-para-ccj-do-senado\\\/#breadcrumb\",\"itemListElement\":[{\"@type\":\"ListItem\",\"position\":1,\"name\":\"In\u00edcio\",\"item\":\"https:\\\/\\\/www.decaracomaverdade.com.br\\\/noticias\\\/inicio\\\/\"},{\"@type\":\"ListItem\",\"position\":2,\"name\":\"Alcolumbre envia PEC do fim da escala 6&#215;1 para CCJ do Senado\"}]},{\"@type\":\"WebSite\",\"@id\":\"https:\\\/\\\/www.decaracomaverdade.com.br\\\/noticias\\\/inicio\\\/#website\",\"url\":\"https:\\\/\\\/www.decaracomaverdade.com.br\\\/noticias\\\/inicio\\\/\",\"name\":\"DE CARA COM A VERDADE\",\"description\":\"Get The Most Freshy News Every Day\",\"potentialAction\":[{\"@type\":\"SearchAction\",\"target\":{\"@type\":\"EntryPoint\",\"urlTemplate\":\"https:\\\/\\\/www.decaracomaverdade.com.br\\\/noticias\\\/inicio\\\/?s={search_term_string}\"},\"query-input\":{\"@type\":\"PropertyValueSpecification\",\"valueRequired\":true,\"valueName\":\"search_term_string\"}}],\"inLanguage\":\"pt-PT\"},{\"@type\":\"Person\",\"@id\":\"https:\\\/\\\/www.decaracomaverdade.com.br\\\/noticias\\\/inicio\\\/#\\\/schema\\\/person\\\/57b3d7bc6204e8cb0524a8fe4e443f12\",\"name\":\"admin\",\"image\":{\"@type\":\"ImageObject\",\"inLanguage\":\"pt-PT\",\"@id\":\"https:\\\/\\\/secure.gravatar.com\\\/avatar\\\/a58535844e1157019c1c46d6fed66689c314ba5bed048d83012b7f39ae98a79c?s=96&d=mm&r=g\",\"url\":\"https:\\\/\\\/secure.gravatar.com\\\/avatar\\\/a58535844e1157019c1c46d6fed66689c314ba5bed048d83012b7f39ae98a79c?s=96&d=mm&r=g\",\"contentUrl\":\"https:\\\/\\\/secure.gravatar.com\\\/avatar\\\/a58535844e1157019c1c46d6fed66689c314ba5bed048d83012b7f39ae98a79c?s=96&d=mm&r=g\",\"caption\":\"admin\"},\"sameAs\":[\"https:\\\/\\\/www.decaracomaverdade.com.br\\\/noticias\"],\"url\":\"https:\\\/\\\/www.decaracomaverdade.com.br\\\/noticias\\\/inicio\\\/author\\\/admin\\\/\"}]}<\/script>\n<!-- \/ Yoast SEO plugin. -->","yoast_head_json":{"title":"Alcolumbre envia PEC do fim da escala 6x1 para CCJ do Senado - DE CARA COM A VERDADE","robots":{"index":"index","follow":"follow","max-snippet":"max-snippet:-1","max-image-preview":"max-image-preview:large","max-video-preview":"max-video-preview:-1"},"canonical":"https:\/\/www.decaracomaverdade.com.br\/noticias\/inicio\/alcolumbre-envia-pec-do-fim-da-escala-6x1-para-ccj-do-senado\/","og_locale":"pt_PT","og_type":"article","og_title":"Alcolumbre envia PEC do fim da escala 6x1 para CCJ do Senado - DE CARA COM A VERDADE","og_description":"O presidente do Senado, Davi Alcolumbre (Uni\u00e3o-AP), despachou na tarde desta sexta-feira (21) para a Comiss\u00e3o de Constitui\u00e7\u00e3o","og_url":"https:\/\/www.decaracomaverdade.com.br\/noticias\/inicio\/alcolumbre-envia-pec-do-fim-da-escala-6x1-para-ccj-do-senado\/","og_site_name":"DE CARA COM A VERDADE","article_published_time":"2026-08-24T15:23:07+00:00","article_modified_time":"2026-08-24T15:24:24+00:00","og_image":[{"width":1170,"height":700,"url":"https:\/\/www.decaracomaverdade.com.br\/noticias\/wp-content\/uploads\/2026\/08\/0d9a6872.webp","type":"image\/webp"}],"author":"admin","twitter_card":"summary_large_image","twitter_misc":{"Escrito por":false,"Tempo estimado de leitura":"1 minuto"},"schema":{"@context":"https:\/\/schema.org","@graph":[{"@type":"Article","@id":"https:\/\/www.decaracomaverdade.com.br\/noticias\/inicio\/alcolumbre-envia-pec-do-fim-da-escala-6x1-para-ccj-do-senado\/#article","isPartOf":{"@id":"https:\/\/www.decaracomaverdade.com.br\/noticias\/inicio\/alcolumbre-envia-pec-do-fim-da-escala-6x1-para-ccj-do-senado\/"},"author":{"name":"admin","@id":"https:\/\/www.decaracomaverdade.com.br\/noticias\/inicio\/#\/schema\/person\/57b3d7bc6204e8cb0524a8fe4e443f12"},"headline":"Alcolumbre envia PEC do fim da escala 6&#215;1 para CCJ do Senado","datePublished":"2026-08-24T15:23:07+00:00","dateModified":"2026-08-24T15:24:24+00:00","mainEntityOfPage":{"@id":"https:\/\/www.decaracomaverdade.com.br\/noticias\/inicio\/alcolumbre-envia-pec-do-fim-da-escala-6x1-para-ccj-do-senado\/"},"wordCount":297,"image":{"@id":"https:\/\/www.decaracomaverdade.com.br\/noticias\/inicio\/alcolumbre-envia-pec-do-fim-da-escala-6x1-para-ccj-do-senado\/#primaryimage"},"thumbnailUrl":"https:\/\/www.decaracomaverdade.com.br\/noticias\/wp-content\/uploads\/2026\/08\/0d9a6872-1024x613.webp","articleSection":["Politica"],"inLanguage":"pt-PT"},{"@type":"WebPage","@id":"https:\/\/www.decaracomaverdade.com.br\/noticias\/inicio\/alcolumbre-envia-pec-do-fim-da-escala-6x1-para-ccj-do-senado\/","url":"https:\/\/www.decaracomaverdade.com.br\/noticias\/inicio\/alcolumbre-envia-pec-do-fim-da-escala-6x1-para-ccj-do-senado\/","name":"Alcolumbre envia PEC do fim da escala 6x1 para CCJ do Senado - DE CARA COM A VERDADE","isPartOf":{"@id":"https:\/\/www.decaracomaverdade.com.br\/noticias\/inicio\/#website"},"primaryImageOfPage":{"@id":"https:\/\/www.decaracomaverdade.com.br\/noticias\/inicio\/alcolumbre-envia-pec-do-fim-da-escala-6x1-para-ccj-do-senado\/#primaryimage"},"image":{"@id":"https:\/\/www.decaracomaverdade.com.br\/noticias\/inicio\/alcolumbre-envia-pec-do-fim-da-escala-6x1-para-ccj-do-senado\/#primaryimage"},"thumbnailUrl":"https:\/\/www.decaracomaverdade.com.br\/noticias\/wp-content\/uploads\/2026\/08\/0d9a6872-1024x613.webp","datePublished":"2026-08-24T15:23:07+00:00","dateModified":"2026-08-24T15:24:24+00:00","author":{"@id":"https:\/\/www.decaracomaverdade.com.br\/noticias\/inicio\/#\/schema\/person\/57b3d7bc6204e8cb0524a8fe4e443f12"},"breadcrumb":{"@id":"https:\/\/www.decaracomaverdade.com.br\/noticias\/inicio\/alcolumbre-envia-pec-do-fim-da-escala-6x1-para-ccj-do-senado\/#breadcrumb"},"inLanguage":"pt-PT","potentialAction":[{"@type":"ReadAction","target":["https:\/\/www.decaracomaverdade.com.br\/noticias\/inicio\/alcolumbre-envia-pec-do-fim-da-escala-6x1-para-ccj-do-senado\/"]}]},{"@type":"ImageObject","inLanguage":"pt-PT","@id":"https:\/\/www.decaracomaverdade.com.br\/noticias\/inicio\/alcolumbre-envia-pec-do-fim-da-escala-6x1-para-ccj-do-senado\/#primaryimage","url":"https:\/\/www.decaracomaverdade.com.br\/noticias\/wp-content\/uploads\/2026\/08\/0d9a6872-1024x613.webp","contentUrl":"https:\/\/www.decaracomaverdade.com.br\/noticias\/wp-content\/uploads\/2026\/08\/0d9a6872-1024x613.webp"},{"@type":"BreadcrumbList","@id":"https:\/\/www.decaracomaverdade.com.br\/noticias\/inicio\/alcolumbre-envia-pec-do-fim-da-escala-6x1-para-ccj-do-senado\/#breadcrumb","itemListElement":[{"@type":"ListItem","position":1,"name":"In\u00edcio","item":"https:\/\/www.decaracomaverdade.com.br\/noticias\/inicio\/"},{"@type":"ListItem","position":2,"name":"Alcolumbre envia PEC do fim da escala 6&#215;1 para CCJ do Senado"}]},{"@type":"WebSite","@id":"https:\/\/www.decaracomaverdade.com.br\/noticias\/inicio\/#website","url":"https:\/\/www.decaracomaverdade.com.br\/noticias\/inicio\/","name":"DE CARA COM A VERDADE","description":"Get The Most Freshy News Every Day","potentialAction":[{"@type":"SearchAction","target":{"@type":"EntryPoint","urlTemplate":"https:\/\/www.decaracomaverdade.com.br\/noticias\/inicio\/?s={search_term_string}"},"query-input":{"@type":"PropertyValueSpecification","valueRequired":true,"valueName":"search_term_string"}}],"inLanguage":"pt-PT"},{"@type":"Person","@id":"https:\/\/www.decaracomaverdade.com.br\/noticias\/inicio\/#\/schema\/person\/57b3d7bc6204e8cb0524a8fe4e443f12","name":"admin","image":{"@type":"ImageObject","inLanguage":"pt-PT","@id":"https:\/\/secure.gravatar.com\/avatar\/a58535844e1157019c1c46d6fed66689c314ba5bed048d83012b7f39ae98a79c?s=96&d=mm&r=g","url":"https:\/\/secure.gravatar.com\/avatar\/a58535844e1157019c1c46d6fed66689c314ba5bed048d83012b7f39ae98a79c?s=96&d=mm&r=g","contentUrl":"https:\/\/secure.gravatar.com\/avatar\/a58535844e1157019c1c46d6fed66689c314ba5bed048d83012b7f39ae98a79c?s=96&d=mm&r=g","caption":"admin"},"sameAs":["https:\/\/www.decaracomaverdade.com.br\/noticias"],"url":"https:\/\/www.decaracomaverdade.com.br\/noticias\/inicio\/author\/admin\/"}]}},"blog_post_layout_featured_media_urls":{"thumbnail":"","full":""},"categories_names":{"6":{"name":"Politica","link":"https:\/\/www.decaracomaverdade.com.br\/noticias\/inicio\/category\/politica\/"}},"tags_names":[],"comments_number":"0","wpmagazine_modules_lite_featured_media_urls":{"thumbnail":"","cvmm-medium":"","cvmm-medium-plus":"","cvmm-portrait":"","cvmm-medium-square":"","cvmm-large":"","cvmm-small":"","full":""},"_links":{"self":[{"href":"https:\/\/www.decaracomaverdade.com.br\/noticias\/inicio\/wp-json\/wp\/v2\/posts\/12863","targetHints":{"allow":["GET"]}}],"collection":[{"href":"https:\/\/www.decaracomaverdade.com.br\/noticias\/inicio\/wp-json\/wp\/v2\/posts"}],"about":[{"href":"https:\/\/www.decaracomaverdade.com.br\/noticias\/inicio\/wp-json\/wp\/v2\/types\/post"}],"author":[{"embeddable":true,"href":"https:\/\/www.decaracomaverdade.com.br\/noticias\/inicio\/wp-json\/wp\/v2\/users\/1"}],"replies":[{"embeddable":true,"href":"https:\/\/www.decaracomaverdade.com.br\/noticias\/inicio\/wp-json\/wp\/v2\/comments?post=12863"}],"version-history":[{"count":4,"href":"https:\/\/www.decaracomaverdade.com.br\/noticias\/inicio\/wp-json\/wp\/v2\/posts\/12863\/revisions"}],"predecessor-version":[{"id":12868,"href":"https:\/\/www.decaracomaverdade.com.br\/noticias\/inicio\/wp-json\/wp\/v2\/posts\/12863\/revisions\/12868"}],"wp:attachment":[{"href":"https:\/\/www.decaracomaverdade.com.br\/noticias\/inicio\/wp-json\/wp\/v2\/media?parent=12863"}],"wp:term":[{"taxonomy":"category","embeddable":true,"href":"https:\/\/www.decaracomaverdade.com.br\/noticias\/inicio\/wp-json\/wp\/v2\/categories?post=12863"},{"taxonomy":"post_tag","embeddable":true,"href":"https:\/\/www.decaracomaverdade.com.br\/noticias\/inicio\/wp-json\/wp\/v2\/tags?post=12863"}],"curies":[{"name":"wp","href":"https:\/\/api.w.org\/{rel}","templated":true}]}}