{"id":12849,"date":"2026-08-24T02:12:23","date_gmt":"2026-08-24T02:12:23","guid":{"rendered":"https:\/\/www.decaracomaverdade.com.br\/noticias\/inicio\/?p=12849"},"modified":"2026-08-24T02:24:06","modified_gmt":"2026-08-24T02:24:06","slug":"itatiaia-comemora-60-anos-da-turma-do-bate-bola-com-participacao-especial-de-emanuel-carneiro","status":"publish","type":"post","link":"https:\/\/www.decaracomaverdade.com.br\/noticias\/inicio\/itatiaia-comemora-60-anos-da-turma-do-bate-bola-com-participacao-especial-de-emanuel-carneiro\/","title":{"rendered":"Itatiaia comemora 60 anos da Turma do Bate-Bola com participa\u00e7\u00e3o especial de Emanuel Carneiro"},"content":{"rendered":"\t\t<div data-elementor-type=\"wp-post\" data-elementor-id=\"12849\" class=\"elementor elementor-12849\">\n\t\t\t\t\t\t<section class=\"elementor-section elementor-top-section elementor-element elementor-element-e470db1 elementor-section-boxed elementor-section-height-default elementor-section-height-default\" data-id=\"e470db1\" data-element_type=\"section\" data-e-type=\"section\">\n\t\t\t\t\t\t<div class=\"elementor-container elementor-column-gap-default\">\n\t\t\t\t\t<div class=\"elementor-column elementor-col-100 elementor-top-column elementor-element elementor-element-aca373b\" data-id=\"aca373b\" data-element_type=\"column\" data-e-type=\"column\">\n\t\t\t<div class=\"elementor-widget-wrap elementor-element-populated\">\n\t\t\t\t\t\t<div class=\"elementor-element elementor-element-7567d08 elementor-widget elementor-widget-image\" data-id=\"7567d08\" data-element_type=\"widget\" data-e-type=\"widget\" data-widget_type=\"image.default\">\n\t\t\t\t<div class=\"elementor-widget-container\">\n\t\t\t\t\t\t\t\t\t\t\t\t\t\t\t<img loading=\"lazy\" width=\"640\" height=\"356\" src=\"https:\/\/www.decaracomaverdade.com.br\/noticias\/wp-content\/uploads\/2026\/08\/itatiaia-1024x569.png\" class=\"attachment-large size-large wp-image-12850\" alt=\"itatiaia\" srcset=\"https:\/\/www.decaracomaverdade.com.br\/noticias\/wp-content\/uploads\/2026\/08\/itatiaia-1024x569.png 1024w, https:\/\/www.decaracomaverdade.com.br\/noticias\/wp-content\/uploads\/2026\/08\/itatiaia-300x167.png 300w, https:\/\/www.decaracomaverdade.com.br\/noticias\/wp-content\/uploads\/2026\/08\/itatiaia-768x427.png 768w, https:\/\/www.decaracomaverdade.com.br\/noticias\/wp-content\/uploads\/2026\/08\/itatiaia.png 1170w\" sizes=\"auto, (max-width: 640px) 100vw, 640px\" loading=\"lazy\" decoding=\"async\" \/>\t\t\t\t\t\t\t\t\t\t\t\t\t\t\t<\/div>\n\t\t\t\t<\/div>\n\t\t\t\t\t<\/div>\n\t\t<\/div>\n\t\t\t\t\t<\/div>\n\t\t<\/section>\n\t\t\t\t<section class=\"elementor-section elementor-top-section elementor-element elementor-element-f76bb91 elementor-section-boxed elementor-section-height-default elementor-section-height-default\" data-id=\"f76bb91\" data-element_type=\"section\" data-e-type=\"section\">\n\t\t\t\t\t\t<div class=\"elementor-container elementor-column-gap-default\">\n\t\t\t\t\t<div class=\"elementor-column elementor-col-100 elementor-top-column elementor-element elementor-element-02e1ec3\" data-id=\"02e1ec3\" data-element_type=\"column\" data-e-type=\"column\">\n\t\t\t<div class=\"elementor-widget-wrap elementor-element-populated\">\n\t\t\t\t\t\t<div class=\"elementor-element elementor-element-6e1c3cd elementor-widget elementor-widget-text-editor\" data-id=\"6e1c3cd\" data-element_type=\"widget\" data-e-type=\"widget\" data-widget_type=\"text-editor.default\">\n\t\t\t\t<div class=\"elementor-widget-container\">\n\t\t\t\t\t\t\t\t\t<p style=\"text-align: justify;\">A R\u00e1dio Itatiaia FM 95.7 de Belo Horizonte promoveu na \u00faltima segunda-feira (17) uma edi\u00e7\u00e3o especial da Turma do Bate-Bola para marcar os 60 anos de um dos programas esportivos mais tradicionais do r\u00e1dio mineiro. A atra\u00e7\u00e3o teve como principal destaque o retorno de Emanuel Carneiro ao comando, fun\u00e7\u00e3o que exerceu durante 55 anos, al\u00e9m da participa\u00e7\u00e3o de nomes que fizeram parte da trajet\u00f3ria do programa, como Roberto Abras, Valdir Barbosa, Marco Antonio Bruck e \u00c1lvaro Dami\u00e3o.<\/p><p style=\"text-align: justify;\">Criada por Emanuel Carneiro, a Turma do Bate-Bola completou seis d\u00e9cadas em 2026. A edi\u00e7\u00e3o comemorativa resgatou elementos hist\u00f3ricos da atra\u00e7\u00e3o, incluindo a tradicional abertura na voz de Emanuel. O comunicador tamb\u00e9m se emocionou durante a exibi\u00e7\u00e3o de um v\u00eddeo preparado especialmente para a celebra\u00e7\u00e3o.<\/p><p style=\"text-align: justify;\">A programa\u00e7\u00e3o contou ainda com participa\u00e7\u00f5es de profissionais que marcaram diferentes per\u00edodos da atra\u00e7\u00e3o. Entre elas estiveram Aparecida Ferreira e Carlos Sevidane, que voltaram a realizar boletins no formato que integrou a rotina da Turma do Bate-Bola ao longo de sua hist\u00f3ria.<\/p><p style=\"text-align: justify;\">Presidente e comentarista da R\u00e1dio Itatiaia, Jo\u00e3o Vitor Xavier destacou o car\u00e1ter hist\u00f3rico da edi\u00e7\u00e3o e a presen\u00e7a de profissionais ligados \u00e0 trajet\u00f3ria da emissora. Segundo ele, o especial tamb\u00e9m serviu como uma homenagem a Emanuel Carneiro.<\/p><p style=\"text-align: justify;\">\u201cDia emocionante para todos. Todo mundo se segurando para n\u00e3o chorar. Isso \u00e9 a hist\u00f3ria do r\u00e1dio e da R\u00e1dio Itatiaia. J\u00e1 estive aqui com Emanuel, Bruck, Valdir, o \u00c1lvaro, que hoje \u00e9 prefeito de BH e um dia foi apresentador e rep\u00f3rter da R\u00e1dio Itatiaia. Ent\u00e3o, \u00e9 um dia muito emocionante e bonito para todos n\u00f3s. \u00c9 honrar a hist\u00f3ria daquele que \u00e9 o maior nome da hist\u00f3ria da r\u00e1dio de Minas Gerais\u201d, afirmou.<\/p><p style=\"text-align: justify;\">Jo\u00e3o Vitor tamb\u00e9m relacionou a trajet\u00f3ria da R\u00e1dio Itatiaia \u00e0s transforma\u00e7\u00f5es pelas quais o meio passa atualmente, citando a atua\u00e7\u00e3o da emissora em plataformas digitais, aplicativo, site, redes sociais e produ\u00e7\u00e3o de v\u00eddeo.<\/p><p style=\"text-align: justify;\">\u201cA R\u00e1dio Itatiaia foi pioneira em tudo que ela fez e continua sendo. Hoje a gente est\u00e1 no YouTube, no aplicativo, no site, com uma reda\u00e7\u00e3o como essa de colegas que nunca falaram em um microfone de r\u00e1dio, mas s\u00e3o craques no site, nas redes sociais, na edi\u00e7\u00e3o de v\u00eddeos. Isso \u00e9 inovar e ainda tem muita coisa boa para vir pela frente\u201d, declarou.<\/p><p style=\"text-align: justify;\">O presidente da emissora tamb\u00e9m destacou o desempenho recente da R\u00e1dio Itatiaia nas pesquisas de audi\u00eancia. Segundo Jo\u00e3o Vitor Xavier, a r\u00e1dio completou 13 meses consecutivos na lideran\u00e7a nacional do Ibope, mesmo estando em um mercado populacionalmente menor do que S\u00e3o Paulo e Rio de Janeiro.<\/p><p style=\"text-align: justify;\">\u201cA R\u00e1dio Itatiaia nunca para de criar e crescer. Comemoramos agora 13 meses seguidos em primeiro lugar no Ibope do Brasil. Isso n\u00e3o \u00e9 pouca coisa, porque a gente luta contra r\u00e1dio de S\u00e3o Paulo, que tem 25 milh\u00f5es na regi\u00e3o metropolitana, e Rio, que tem 16 milh\u00f5es, e n\u00f3s temos cinco, mas estamos ganhando deles\u201d, disse.<\/p><p style=\"text-align: justify;\">Michel Angelo, diretor de Esportes da R\u00e1dio Itatiaia e profissional que atuou por quase duas d\u00e9cadas na produ\u00e7\u00e3o da Turma do Bate-Bola, tamb\u00e9m destacou o aspecto nost\u00e1lgico da edi\u00e7\u00e3o. Ele est\u00e1 na emissora h\u00e1 quase 30 anos e trabalhou diretamente com Emanuel Carneiro durante boa parte desse per\u00edodo.<\/p><p style=\"text-align: justify;\">\u201cParece que eu vivi um sonho. Foi uma Turma do Bate-Bola inesquec\u00edvel. Eu que estou na R\u00e1dio Itatiaia h\u00e1 quase 30 anos, tive o privil\u00e9gio de trabalhar com todos que passaram pela bancada nesta segunda-feira. Fui redator e produtor da TBB por quase 20 anos ao lado do Emanuel, todos os dias, s\u00e1bado, domingo, feriado e carnaval\u201d, relatou.<\/p><p style=\"text-align: justify;\">Michel tamb\u00e9m lembrou da tradicional abertura feita por Emanuel e afirmou que o momento marcou a edi\u00e7\u00e3o comemorativa.<\/p><p style=\"text-align: justify;\">\u201cHoje eu lembrei de tudo que passei na minha carreira, de todos os programas que o Emanuel comandou. Ver ele abrindo com \u2018seis horas e tr\u00eas minutos em Belo Horizonte\u2019 foi emocionante. Dia para ficar marcado na hist\u00f3ria da R\u00e1dio Itatiaia\u201d, afirmou.<\/p><p style=\"text-align: justify;\">A ideia do especial foi desenvolvida por Michel Angelo e Jo\u00e3o Vitor Xavier. Segundo o diretor de Esportes, a prepara\u00e7\u00e3o envolveu o resgate de vozes e elementos que fizeram parte da Turma do Bate-Bola ao longo das \u00faltimas d\u00e9cadas.<\/p><p style=\"text-align: justify;\">\u201cFiquei tenso desde o dia em que eu e o Jo\u00e3o V\u00edtor Xavier decidimos fazer esse programa, cada dia surgindo uma ideia, mandando mensagem um para o outro de madrugada, de fazer de tal jeito, de chamar a Aparecida Ferreira para fazer um boletim, o Carlos Sevidane para fazer o boletim do Villa Nova\u2026 vozes que fizeram parte da Turma do Bate-Bola\u201d, contou.<\/p><p style=\"text-align: justify;\">Al\u00e9m da transmiss\u00e3o pelo r\u00e1dio, a edi\u00e7\u00e3o dos 60 anos tamb\u00e9m teve distribui\u00e7\u00e3o pelas plataformas digitais da R\u00e1dio Itatiaia. Michel Angelo destacou a movimenta\u00e7\u00e3o registrada no YouTube e nas redes sociais, al\u00e9m das mensagens enviadas por ouvintes durante e ap\u00f3s o programa.<\/p><p style=\"text-align: justify;\">\u201cO retorno do p\u00fablico foi impressionante, muitas pessoas mandando mensagem, chat agitad\u00edssimo, muita gente no YouTube, outros que n\u00e3o conseguiram acompanhar ao vivo falando que v\u00e3o chegar e abrir o YouTube para ouvir. Foi muito especial\u201d, afirmou.<\/p><p style=\"text-align: justify;\">Para o diretor, a edi\u00e7\u00e3o tamb\u00e9m refor\u00e7ou a import\u00e2ncia de preservar a mem\u00f3ria dos profissionais que ajudaram a construir a hist\u00f3ria da emissora e do jornalismo esportivo mineiro.<\/p><p style=\"text-align: justify;\">\u201cTodas as vezes que pudermos lembrar das pessoas que nos trouxeram at\u00e9 aqui, que nos fizeram gostar de jornalismo e de r\u00e1dio, principalmente, \u00e9 um tributo a essas pessoas, pois o legado delas \u00e9 muito grande\u201d, concluiu.<\/p>\t\t\t\t\t\t\t\t<\/div>\n\t\t\t\t<\/div>\n\t\t\t\t\t<\/div>\n\t\t<\/div>\n\t\t\t\t\t<\/div>\n\t\t<\/section>\n\t\t\t\t<\/div>\n\t\t","protected":false},"excerpt":{"rendered":"<p>A R\u00e1dio Itatiaia FM 95.7 de Belo Horizonte promoveu na \u00faltima segunda-feira (17) uma edi\u00e7\u00e3o especial da Turma<\/p>\n","protected":false},"author":1,"featured_media":0,"comment_status":"closed","ping_status":"open","sticky":false,"template":"","format":"standard","meta":{"_eb_attr":"","footnotes":""},"categories":[18],"tags":[],"class_list":["post-12849","post","type-post","status-publish","format-standard","hentry","category-radio-e-tv"],"yoast_head":"<!-- This site is optimized with the Yoast SEO plugin v28.3 - https:\/\/yoast.com\/product\/yoast-seo-wordpress\/ -->\n<title>Itatiaia comemora 60 anos da Turma do Bate-Bola com participa\u00e7\u00e3o especial de Emanuel Carneiro - DE CARA COM A VERDADE<\/title>\n<meta name=\"robots\" content=\"index, follow, max-snippet:-1, max-image-preview:large, max-video-preview:-1\" \/>\n<link rel=\"canonical\" href=\"https:\/\/www.decaracomaverdade.com.br\/noticias\/inicio\/itatiaia-comemora-60-anos-da-turma-do-bate-bola-com-participacao-especial-de-emanuel-carneiro\/\" \/>\n<meta property=\"og:locale\" content=\"pt_PT\" \/>\n<meta property=\"og:type\" content=\"article\" \/>\n<meta property=\"og:title\" content=\"Itatiaia comemora 60 anos da Turma do Bate-Bola com participa\u00e7\u00e3o especial de Emanuel Carneiro - DE CARA COM A VERDADE\" \/>\n<meta property=\"og:description\" content=\"A R\u00e1dio Itatiaia FM 95.7 de Belo Horizonte promoveu na \u00faltima segunda-feira (17) uma edi\u00e7\u00e3o especial da Turma\" \/>\n<meta property=\"og:url\" content=\"https:\/\/www.decaracomaverdade.com.br\/noticias\/inicio\/itatiaia-comemora-60-anos-da-turma-do-bate-bola-com-participacao-especial-de-emanuel-carneiro\/\" \/>\n<meta property=\"og:site_name\" content=\"DE CARA COM A VERDADE\" \/>\n<meta property=\"article:published_time\" content=\"2026-08-24T02:12:23+00:00\" \/>\n<meta property=\"article:modified_time\" content=\"2026-08-24T02:24:06+00:00\" \/>\n<meta property=\"og:image\" content=\"https:\/\/www.decaracomaverdade.com.br\/noticias\/wp-content\/uploads\/2026\/08\/itatiaia.png\" \/>\n\t<meta property=\"og:image:width\" content=\"1170\" \/>\n\t<meta property=\"og:image:height\" content=\"650\" \/>\n\t<meta property=\"og:image:type\" content=\"image\/png\" \/>\n<meta name=\"author\" content=\"admin\" \/>\n<meta name=\"twitter:card\" content=\"summary_large_image\" \/>\n<meta name=\"twitter:label1\" content=\"Escrito por\" \/>\n\t<meta name=\"twitter:data1\" content=\"\" \/>\n\t<meta name=\"twitter:label2\" content=\"Tempo estimado de leitura\" \/>\n\t<meta name=\"twitter:data2\" content=\"5 minutos\" \/>\n<script type=\"application\/ld+json\" class=\"yoast-schema-graph\">{\"@context\":\"https:\\\/\\\/schema.org\",\"@graph\":[{\"@type\":\"Article\",\"@id\":\"https:\\\/\\\/www.decaracomaverdade.com.br\\\/noticias\\\/inicio\\\/itatiaia-comemora-60-anos-da-turma-do-bate-bola-com-participacao-especial-de-emanuel-carneiro\\\/#article\",\"isPartOf\":{\"@id\":\"https:\\\/\\\/www.decaracomaverdade.com.br\\\/noticias\\\/inicio\\\/itatiaia-comemora-60-anos-da-turma-do-bate-bola-com-participacao-especial-de-emanuel-carneiro\\\/\"},\"author\":{\"name\":\"admin\",\"@id\":\"https:\\\/\\\/www.decaracomaverdade.com.br\\\/noticias\\\/inicio\\\/#\\\/schema\\\/person\\\/57b3d7bc6204e8cb0524a8fe4e443f12\"},\"headline\":\"Itatiaia comemora 60 anos da Turma do Bate-Bola com participa\u00e7\u00e3o especial de Emanuel Carneiro\",\"datePublished\":\"2026-08-24T02:12:23+00:00\",\"dateModified\":\"2026-08-24T02:24:06+00:00\",\"mainEntityOfPage\":{\"@id\":\"https:\\\/\\\/www.decaracomaverdade.com.br\\\/noticias\\\/inicio\\\/itatiaia-comemora-60-anos-da-turma-do-bate-bola-com-participacao-especial-de-emanuel-carneiro\\\/\"},\"wordCount\":991,\"image\":{\"@id\":\"https:\\\/\\\/www.decaracomaverdade.com.br\\\/noticias\\\/inicio\\\/itatiaia-comemora-60-anos-da-turma-do-bate-bola-com-participacao-especial-de-emanuel-carneiro\\\/#primaryimage\"},\"thumbnailUrl\":\"https:\\\/\\\/www.decaracomaverdade.com.br\\\/noticias\\\/wp-content\\\/uploads\\\/2026\\\/08\\\/itatiaia-1024x569.png\",\"articleSection\":[\"R\u00e1dio e TV\"],\"inLanguage\":\"pt-PT\"},{\"@type\":\"WebPage\",\"@id\":\"https:\\\/\\\/www.decaracomaverdade.com.br\\\/noticias\\\/inicio\\\/itatiaia-comemora-60-anos-da-turma-do-bate-bola-com-participacao-especial-de-emanuel-carneiro\\\/\",\"url\":\"https:\\\/\\\/www.decaracomaverdade.com.br\\\/noticias\\\/inicio\\\/itatiaia-comemora-60-anos-da-turma-do-bate-bola-com-participacao-especial-de-emanuel-carneiro\\\/\",\"name\":\"Itatiaia comemora 60 anos da Turma do Bate-Bola com participa\u00e7\u00e3o especial de Emanuel Carneiro - DE CARA COM A VERDADE\",\"isPartOf\":{\"@id\":\"https:\\\/\\\/www.decaracomaverdade.com.br\\\/noticias\\\/inicio\\\/#website\"},\"primaryImageOfPage\":{\"@id\":\"https:\\\/\\\/www.decaracomaverdade.com.br\\\/noticias\\\/inicio\\\/itatiaia-comemora-60-anos-da-turma-do-bate-bola-com-participacao-especial-de-emanuel-carneiro\\\/#primaryimage\"},\"image\":{\"@id\":\"https:\\\/\\\/www.decaracomaverdade.com.br\\\/noticias\\\/inicio\\\/itatiaia-comemora-60-anos-da-turma-do-bate-bola-com-participacao-especial-de-emanuel-carneiro\\\/#primaryimage\"},\"thumbnailUrl\":\"https:\\\/\\\/www.decaracomaverdade.com.br\\\/noticias\\\/wp-content\\\/uploads\\\/2026\\\/08\\\/itatiaia-1024x569.png\",\"datePublished\":\"2026-08-24T02:12:23+00:00\",\"dateModified\":\"2026-08-24T02:24:06+00:00\",\"author\":{\"@id\":\"https:\\\/\\\/www.decaracomaverdade.com.br\\\/noticias\\\/inicio\\\/#\\\/schema\\\/person\\\/57b3d7bc6204e8cb0524a8fe4e443f12\"},\"breadcrumb\":{\"@id\":\"https:\\\/\\\/www.decaracomaverdade.com.br\\\/noticias\\\/inicio\\\/itatiaia-comemora-60-anos-da-turma-do-bate-bola-com-participacao-especial-de-emanuel-carneiro\\\/#breadcrumb\"},\"inLanguage\":\"pt-PT\",\"potentialAction\":[{\"@type\":\"ReadAction\",\"target\":[\"https:\\\/\\\/www.decaracomaverdade.com.br\\\/noticias\\\/inicio\\\/itatiaia-comemora-60-anos-da-turma-do-bate-bola-com-participacao-especial-de-emanuel-carneiro\\\/\"]}]},{\"@type\":\"ImageObject\",\"inLanguage\":\"pt-PT\",\"@id\":\"https:\\\/\\\/www.decaracomaverdade.com.br\\\/noticias\\\/inicio\\\/itatiaia-comemora-60-anos-da-turma-do-bate-bola-com-participacao-especial-de-emanuel-carneiro\\\/#primaryimage\",\"url\":\"https:\\\/\\\/www.decaracomaverdade.com.br\\\/noticias\\\/wp-content\\\/uploads\\\/2026\\\/08\\\/itatiaia-1024x569.png\",\"contentUrl\":\"https:\\\/\\\/www.decaracomaverdade.com.br\\\/noticias\\\/wp-content\\\/uploads\\\/2026\\\/08\\\/itatiaia-1024x569.png\"},{\"@type\":\"BreadcrumbList\",\"@id\":\"https:\\\/\\\/www.decaracomaverdade.com.br\\\/noticias\\\/inicio\\\/itatiaia-comemora-60-anos-da-turma-do-bate-bola-com-participacao-especial-de-emanuel-carneiro\\\/#breadcrumb\",\"itemListElement\":[{\"@type\":\"ListItem\",\"position\":1,\"name\":\"In\u00edcio\",\"item\":\"https:\\\/\\\/www.decaracomaverdade.com.br\\\/noticias\\\/inicio\\\/\"},{\"@type\":\"ListItem\",\"position\":2,\"name\":\"Itatiaia comemora 60 anos da Turma do Bate-Bola com participa\u00e7\u00e3o especial de Emanuel Carneiro\"}]},{\"@type\":\"WebSite\",\"@id\":\"https:\\\/\\\/www.decaracomaverdade.com.br\\\/noticias\\\/inicio\\\/#website\",\"url\":\"https:\\\/\\\/www.decaracomaverdade.com.br\\\/noticias\\\/inicio\\\/\",\"name\":\"DE CARA COM A VERDADE\",\"description\":\"Get The Most Freshy News Every Day\",\"potentialAction\":[{\"@type\":\"SearchAction\",\"target\":{\"@type\":\"EntryPoint\",\"urlTemplate\":\"https:\\\/\\\/www.decaracomaverdade.com.br\\\/noticias\\\/inicio\\\/?s={search_term_string}\"},\"query-input\":{\"@type\":\"PropertyValueSpecification\",\"valueRequired\":true,\"valueName\":\"search_term_string\"}}],\"inLanguage\":\"pt-PT\"},{\"@type\":\"Person\",\"@id\":\"https:\\\/\\\/www.decaracomaverdade.com.br\\\/noticias\\\/inicio\\\/#\\\/schema\\\/person\\\/57b3d7bc6204e8cb0524a8fe4e443f12\",\"name\":\"admin\",\"image\":{\"@type\":\"ImageObject\",\"inLanguage\":\"pt-PT\",\"@id\":\"https:\\\/\\\/secure.gravatar.com\\\/avatar\\\/a58535844e1157019c1c46d6fed66689c314ba5bed048d83012b7f39ae98a79c?s=96&d=mm&r=g\",\"url\":\"https:\\\/\\\/secure.gravatar.com\\\/avatar\\\/a58535844e1157019c1c46d6fed66689c314ba5bed048d83012b7f39ae98a79c?s=96&d=mm&r=g\",\"contentUrl\":\"https:\\\/\\\/secure.gravatar.com\\\/avatar\\\/a58535844e1157019c1c46d6fed66689c314ba5bed048d83012b7f39ae98a79c?s=96&d=mm&r=g\",\"caption\":\"admin\"},\"sameAs\":[\"https:\\\/\\\/www.decaracomaverdade.com.br\\\/noticias\"],\"url\":\"https:\\\/\\\/www.decaracomaverdade.com.br\\\/noticias\\\/inicio\\\/author\\\/admin\\\/\"}]}<\/script>\n<!-- \/ Yoast SEO plugin. -->","yoast_head_json":{"title":"Itatiaia comemora 60 anos da Turma do Bate-Bola com participa\u00e7\u00e3o especial de Emanuel Carneiro - DE CARA COM A VERDADE","robots":{"index":"index","follow":"follow","max-snippet":"max-snippet:-1","max-image-preview":"max-image-preview:large","max-video-preview":"max-video-preview:-1"},"canonical":"https:\/\/www.decaracomaverdade.com.br\/noticias\/inicio\/itatiaia-comemora-60-anos-da-turma-do-bate-bola-com-participacao-especial-de-emanuel-carneiro\/","og_locale":"pt_PT","og_type":"article","og_title":"Itatiaia comemora 60 anos da Turma do Bate-Bola com participa\u00e7\u00e3o especial de Emanuel Carneiro - DE CARA COM A VERDADE","og_description":"A R\u00e1dio Itatiaia FM 95.7 de Belo Horizonte promoveu na \u00faltima segunda-feira (17) uma edi\u00e7\u00e3o especial da Turma","og_url":"https:\/\/www.decaracomaverdade.com.br\/noticias\/inicio\/itatiaia-comemora-60-anos-da-turma-do-bate-bola-com-participacao-especial-de-emanuel-carneiro\/","og_site_name":"DE CARA COM A VERDADE","article_published_time":"2026-08-24T02:12:23+00:00","article_modified_time":"2026-08-24T02:24:06+00:00","og_image":[{"width":1170,"height":650,"url":"https:\/\/www.decaracomaverdade.com.br\/noticias\/wp-content\/uploads\/2026\/08\/itatiaia.png","type":"image\/png"}],"author":"admin","twitter_card":"summary_large_image","twitter_misc":{"Escrito por":false,"Tempo estimado de leitura":"5 minutos"},"schema":{"@context":"https:\/\/schema.org","@graph":[{"@type":"Article","@id":"https:\/\/www.decaracomaverdade.com.br\/noticias\/inicio\/itatiaia-comemora-60-anos-da-turma-do-bate-bola-com-participacao-especial-de-emanuel-carneiro\/#article","isPartOf":{"@id":"https:\/\/www.decaracomaverdade.com.br\/noticias\/inicio\/itatiaia-comemora-60-anos-da-turma-do-bate-bola-com-participacao-especial-de-emanuel-carneiro\/"},"author":{"name":"admin","@id":"https:\/\/www.decaracomaverdade.com.br\/noticias\/inicio\/#\/schema\/person\/57b3d7bc6204e8cb0524a8fe4e443f12"},"headline":"Itatiaia comemora 60 anos da Turma do Bate-Bola com participa\u00e7\u00e3o especial de Emanuel Carneiro","datePublished":"2026-08-24T02:12:23+00:00","dateModified":"2026-08-24T02:24:06+00:00","mainEntityOfPage":{"@id":"https:\/\/www.decaracomaverdade.com.br\/noticias\/inicio\/itatiaia-comemora-60-anos-da-turma-do-bate-bola-com-participacao-especial-de-emanuel-carneiro\/"},"wordCount":991,"image":{"@id":"https:\/\/www.decaracomaverdade.com.br\/noticias\/inicio\/itatiaia-comemora-60-anos-da-turma-do-bate-bola-com-participacao-especial-de-emanuel-carneiro\/#primaryimage"},"thumbnailUrl":"https:\/\/www.decaracomaverdade.com.br\/noticias\/wp-content\/uploads\/2026\/08\/itatiaia-1024x569.png","articleSection":["R\u00e1dio e TV"],"inLanguage":"pt-PT"},{"@type":"WebPage","@id":"https:\/\/www.decaracomaverdade.com.br\/noticias\/inicio\/itatiaia-comemora-60-anos-da-turma-do-bate-bola-com-participacao-especial-de-emanuel-carneiro\/","url":"https:\/\/www.decaracomaverdade.com.br\/noticias\/inicio\/itatiaia-comemora-60-anos-da-turma-do-bate-bola-com-participacao-especial-de-emanuel-carneiro\/","name":"Itatiaia comemora 60 anos da Turma do Bate-Bola com participa\u00e7\u00e3o especial de Emanuel Carneiro - DE CARA COM A VERDADE","isPartOf":{"@id":"https:\/\/www.decaracomaverdade.com.br\/noticias\/inicio\/#website"},"primaryImageOfPage":{"@id":"https:\/\/www.decaracomaverdade.com.br\/noticias\/inicio\/itatiaia-comemora-60-anos-da-turma-do-bate-bola-com-participacao-especial-de-emanuel-carneiro\/#primaryimage"},"image":{"@id":"https:\/\/www.decaracomaverdade.com.br\/noticias\/inicio\/itatiaia-comemora-60-anos-da-turma-do-bate-bola-com-participacao-especial-de-emanuel-carneiro\/#primaryimage"},"thumbnailUrl":"https:\/\/www.decaracomaverdade.com.br\/noticias\/wp-content\/uploads\/2026\/08\/itatiaia-1024x569.png","datePublished":"2026-08-24T02:12:23+00:00","dateModified":"2026-08-24T02:24:06+00:00","author":{"@id":"https:\/\/www.decaracomaverdade.com.br\/noticias\/inicio\/#\/schema\/person\/57b3d7bc6204e8cb0524a8fe4e443f12"},"breadcrumb":{"@id":"https:\/\/www.decaracomaverdade.com.br\/noticias\/inicio\/itatiaia-comemora-60-anos-da-turma-do-bate-bola-com-participacao-especial-de-emanuel-carneiro\/#breadcrumb"},"inLanguage":"pt-PT","potentialAction":[{"@type":"ReadAction","target":["https:\/\/www.decaracomaverdade.com.br\/noticias\/inicio\/itatiaia-comemora-60-anos-da-turma-do-bate-bola-com-participacao-especial-de-emanuel-carneiro\/"]}]},{"@type":"ImageObject","inLanguage":"pt-PT","@id":"https:\/\/www.decaracomaverdade.com.br\/noticias\/inicio\/itatiaia-comemora-60-anos-da-turma-do-bate-bola-com-participacao-especial-de-emanuel-carneiro\/#primaryimage","url":"https:\/\/www.decaracomaverdade.com.br\/noticias\/wp-content\/uploads\/2026\/08\/itatiaia-1024x569.png","contentUrl":"https:\/\/www.decaracomaverdade.com.br\/noticias\/wp-content\/uploads\/2026\/08\/itatiaia-1024x569.png"},{"@type":"BreadcrumbList","@id":"https:\/\/www.decaracomaverdade.com.br\/noticias\/inicio\/itatiaia-comemora-60-anos-da-turma-do-bate-bola-com-participacao-especial-de-emanuel-carneiro\/#breadcrumb","itemListElement":[{"@type":"ListItem","position":1,"name":"In\u00edcio","item":"https:\/\/www.decaracomaverdade.com.br\/noticias\/inicio\/"},{"@type":"ListItem","position":2,"name":"Itatiaia comemora 60 anos da Turma do Bate-Bola com participa\u00e7\u00e3o especial de Emanuel Carneiro"}]},{"@type":"WebSite","@id":"https:\/\/www.decaracomaverdade.com.br\/noticias\/inicio\/#website","url":"https:\/\/www.decaracomaverdade.com.br\/noticias\/inicio\/","name":"DE CARA COM A VERDADE","description":"Get The Most Freshy News Every Day","potentialAction":[{"@type":"SearchAction","target":{"@type":"EntryPoint","urlTemplate":"https:\/\/www.decaracomaverdade.com.br\/noticias\/inicio\/?s={search_term_string}"},"query-input":{"@type":"PropertyValueSpecification","valueRequired":true,"valueName":"search_term_string"}}],"inLanguage":"pt-PT"},{"@type":"Person","@id":"https:\/\/www.decaracomaverdade.com.br\/noticias\/inicio\/#\/schema\/person\/57b3d7bc6204e8cb0524a8fe4e443f12","name":"admin","image":{"@type":"ImageObject","inLanguage":"pt-PT","@id":"https:\/\/secure.gravatar.com\/avatar\/a58535844e1157019c1c46d6fed66689c314ba5bed048d83012b7f39ae98a79c?s=96&d=mm&r=g","url":"https:\/\/secure.gravatar.com\/avatar\/a58535844e1157019c1c46d6fed66689c314ba5bed048d83012b7f39ae98a79c?s=96&d=mm&r=g","contentUrl":"https:\/\/secure.gravatar.com\/avatar\/a58535844e1157019c1c46d6fed66689c314ba5bed048d83012b7f39ae98a79c?s=96&d=mm&r=g","caption":"admin"},"sameAs":["https:\/\/www.decaracomaverdade.com.br\/noticias"],"url":"https:\/\/www.decaracomaverdade.com.br\/noticias\/inicio\/author\/admin\/"}]}},"blog_post_layout_featured_media_urls":{"thumbnail":"","full":""},"categories_names":{"18":{"name":"R\u00e1dio e TV","link":"https:\/\/www.decaracomaverdade.com.br\/noticias\/inicio\/category\/radio-e-tv\/"}},"tags_names":[],"comments_number":"0","wpmagazine_modules_lite_featured_media_urls":{"thumbnail":"","cvmm-medium":"","cvmm-medium-plus":"","cvmm-portrait":"","cvmm-medium-square":"","cvmm-large":"","cvmm-small":"","full":""},"_links":{"self":[{"href":"https:\/\/www.decaracomaverdade.com.br\/noticias\/inicio\/wp-json\/wp\/v2\/posts\/12849","targetHints":{"allow":["GET"]}}],"collection":[{"href":"https:\/\/www.decaracomaverdade.com.br\/noticias\/inicio\/wp-json\/wp\/v2\/posts"}],"about":[{"href":"https:\/\/www.decaracomaverdade.com.br\/noticias\/inicio\/wp-json\/wp\/v2\/types\/post"}],"author":[{"embeddable":true,"href":"https:\/\/www.decaracomaverdade.com.br\/noticias\/inicio\/wp-json\/wp\/v2\/users\/1"}],"replies":[{"embeddable":true,"href":"https:\/\/www.decaracomaverdade.com.br\/noticias\/inicio\/wp-json\/wp\/v2\/comments?post=12849"}],"version-history":[{"count":4,"href":"https:\/\/www.decaracomaverdade.com.br\/noticias\/inicio\/wp-json\/wp\/v2\/posts\/12849\/revisions"}],"predecessor-version":[{"id":12854,"href":"https:\/\/www.decaracomaverdade.com.br\/noticias\/inicio\/wp-json\/wp\/v2\/posts\/12849\/revisions\/12854"}],"wp:attachment":[{"href":"https:\/\/www.decaracomaverdade.com.br\/noticias\/inicio\/wp-json\/wp\/v2\/media?parent=12849"}],"wp:term":[{"taxonomy":"category","embeddable":true,"href":"https:\/\/www.decaracomaverdade.com.br\/noticias\/inicio\/wp-json\/wp\/v2\/categories?post=12849"},{"taxonomy":"post_tag","embeddable":true,"href":"https:\/\/www.decaracomaverdade.com.br\/noticias\/inicio\/wp-json\/wp\/v2\/tags?post=12849"}],"curies":[{"name":"wp","href":"https:\/\/api.w.org\/{rel}","templated":true}]}}