{"id":12843,"date":"2026-08-21T21:15:26","date_gmt":"2026-08-21T21:15:26","guid":{"rendered":"https:\/\/www.decaracomaverdade.com.br\/noticias\/inicio\/?p=12843"},"modified":"2026-08-21T21:19:54","modified_gmt":"2026-08-21T21:19:54","slug":"atendimento-psicologico-deixa-de-ser-resposta-a-apenas-situacoes-de-crises-emocionais-e-ganha-espaco-na-prevencao-em-empresas-e-na-vida","status":"publish","type":"post","link":"https:\/\/www.decaracomaverdade.com.br\/noticias\/inicio\/atendimento-psicologico-deixa-de-ser-resposta-a-apenas-situacoes-de-crises-emocionais-e-ganha-espaco-na-prevencao-em-empresas-e-na-vida\/","title":{"rendered":"Atendimento psicol\u00f3gico deixa de ser resposta a apenas situa\u00e7\u00f5es de crises emocionais e ganha espa\u00e7o na preven\u00e7\u00e3o em empresas e na vida"},"content":{"rendered":"\t\t<div data-elementor-type=\"wp-post\" data-elementor-id=\"12843\" class=\"elementor elementor-12843\">\n\t\t\t\t\t\t<section class=\"elementor-section elementor-top-section elementor-element elementor-element-77bb07e elementor-section-boxed elementor-section-height-default elementor-section-height-default\" data-id=\"77bb07e\" data-element_type=\"section\" data-e-type=\"section\">\n\t\t\t\t\t\t<div class=\"elementor-container elementor-column-gap-default\">\n\t\t\t\t\t<div class=\"elementor-column elementor-col-100 elementor-top-column elementor-element elementor-element-04ea53d\" data-id=\"04ea53d\" data-element_type=\"column\" data-e-type=\"column\">\n\t\t\t<div class=\"elementor-widget-wrap elementor-element-populated\">\n\t\t\t\t\t\t<div class=\"elementor-element elementor-element-e3977a8 elementor-widget elementor-widget-image\" data-id=\"e3977a8\" data-element_type=\"widget\" data-e-type=\"widget\" data-widget_type=\"image.default\">\n\t\t\t\t<div class=\"elementor-widget-container\">\n\t\t\t\t\t\t\t\t\t\t\t\t\t\t\t<img loading=\"lazy\" width=\"640\" height=\"401\" src=\"https:\/\/www.decaracomaverdade.com.br\/noticias\/wp-content\/uploads\/2026\/08\/WhatsApp-Image-2026-08-21-at-18.13.58.jpeg\" class=\"attachment-large size-large wp-image-12845\" alt=\"WhatsApp Image 2026-08-21 at 18.13.58\" srcset=\"https:\/\/www.decaracomaverdade.com.br\/noticias\/wp-content\/uploads\/2026\/08\/WhatsApp-Image-2026-08-21-at-18.13.58.jpeg 713w, https:\/\/www.decaracomaverdade.com.br\/noticias\/wp-content\/uploads\/2026\/08\/WhatsApp-Image-2026-08-21-at-18.13.58-300x188.jpeg 300w\" sizes=\"auto, (max-width: 640px) 100vw, 640px\" loading=\"lazy\" decoding=\"async\" \/>\t\t\t\t\t\t\t\t\t\t\t\t\t\t\t<\/div>\n\t\t\t\t<\/div>\n\t\t\t\t<div class=\"elementor-element elementor-element-7fbb6e0 elementor-widget elementor-widget-text-editor\" data-id=\"7fbb6e0\" data-element_type=\"widget\" data-e-type=\"widget\" data-widget_type=\"text-editor.default\">\n\t\t\t\t<div class=\"elementor-widget-container\">\n\t\t\t\t\t\t\t\t\t<p style=\"text-align: justify;\">A procura por atendimento psicol\u00f3gico tem crescido nos \u00faltimos anos, impulsionada pela maior conscientiza\u00e7\u00e3o sobre a import\u00e2ncia da sa\u00fade mental. Se antes o processo de psicoterapia era frequentemente associado apenas a momentos de crises emocionais, hoje especialistas apontam que o acompanhamento psicol\u00f3gico tamb\u00e9m exerce um papel preventivo, contribuindo para o equil\u00edbrio emocional, o autoconhecimento e a qualidade de vida.<br \/>Al\u00e9m de auxiliar no enfrentamento de transtornos como ansiedade, depress\u00e3o e estresse, o atendimento psicol\u00f3gico pode favorecer o desenvolvimento de habilidades para lidar com conflitos, mudan\u00e7as e desafios presentes tanto na vida pessoal quanto no ambiente de trabalho. Segundo a psic\u00f3loga Daisy Canguss\u00fa, o cuidado com a sa\u00fade mental deve fazer parte da rotina, da mesma forma que acontece com a sa\u00fade f\u00edsica. &#8220;Esperar o sofrimento se tornar insuport\u00e1vel para buscar ajuda \u00e9 um dos maiores equ\u00edvocos. O acompanhamento psicol\u00f3gico tamb\u00e9m \u00e9 uma ferramenta de preven\u00e7\u00e3o e fortalecimento emocional.&#8221;<\/p><p style=\"text-align: justify;\">Com mais de tr\u00eas d\u00e9cadas de atua\u00e7\u00e3o em gest\u00e3o de pessoas, desenvolvimento humano e sa\u00fade mental organizacional, Daisy observa que o aumento da procura por atendimento tamb\u00e9m reflete mudan\u00e7as na forma como a sociedade encara o bem-estar emocional., &#8220;Cada pessoa desenvolve maneiras diferentes de enfrentar as dificuldades. O processo terap\u00eautico oferece um espa\u00e7o seguro para compreender emo\u00e7\u00f5es, ressignificar experi\u00eancias e construir estrat\u00e9gias mais saud\u00e1veis para lidar com os desafios da vida&#8221;, afirma.<br \/>No ambiente corporativo, a aten\u00e7\u00e3o \u00e0 sa\u00fade mental tamb\u00e9m passou a ocupar um espa\u00e7o estrat\u00e9gico. Empresas t\u00eam investido em programas de acolhimento psicol\u00f3gico e iniciativas voltadas ao bem-estar, reconhecendo que colaboradores emocionalmente saud\u00e1veis tendem a apresentar maior engajamento, produtividade e qualidade nas rela\u00e7\u00f5es interpessoais.<\/p><p style=\"text-align: justify;\"><br \/>Para Daisy, a psicologia vai al\u00e9m do tratamento de transtornos mentais. &#8220;O atendimento psicol\u00f3gico ajuda as pessoas a desenvolverem autoconhecimento, intelig\u00eancia emocional e capacidade de tomar decis\u00f5es mais conscientes, refletindo positivamente em todas as \u00e1reas da vida.&#8221;<br \/>A especialista destaca que buscar ajuda profissional n\u00e3o deve ser encarado como um sinal de fragilidade, mas como uma atitude de responsabilidade consigo mesmo. &#8220;Cuidar da sa\u00fade mental \u00e9 investir na pr\u00f3pria qualidade de vida. Quanto mais cedo esse cuidado acontece, maiores s\u00e3o as possibilidades de prevenir o agravamento do sofrimento emocional e construir rela\u00e7\u00f5es mais saud\u00e1veis consigo, com a fam\u00edlia, com a sociedade e com o trabalho&#8221;, conclui Daisy Canguss\u00fa.<\/p><p style=\"text-align: justify;\"><br \/><span style=\"text-decoration: underline;\"><strong>Sobre Daisy Canguss\u00fa<\/strong><\/span><\/p><p style=\"text-align: justify;\">Psic\u00f3loga, escritora e empreendedora, Daisy Canguss\u00fa possui mais de 30 anos de experi\u00eancia em gest\u00e3o de pessoas, desenvolvimento de lideran\u00e7as, gest\u00e3o de crises e sa\u00fade mental organizacional. \u00c9 fundadora da Wapiya Gest\u00e3o de Pessoas e Diversidade e da Wapiya Sa\u00fade Mental e Bem-Estar, atuando na implementa\u00e7\u00e3o de estrat\u00e9gias voltadas ao desenvolvimento humano, fortalecimento da cultura organizacional e promo\u00e7\u00e3o da sa\u00fade mental. Tamb\u00e9m \u00e9 co-autora de obras reconhecidas e premiadas internacionalmente.<br \/>Informa\u00e7\u00f5es:<br \/>Daisy Canguss\u00fa<br \/>E-mail: daisy.cangussu@wapiya.com.br<\/p>\t\t\t\t\t\t\t\t<\/div>\n\t\t\t\t<\/div>\n\t\t\t\t\t<\/div>\n\t\t<\/div>\n\t\t\t\t\t<\/div>\n\t\t<\/section>\n\t\t\t\t<\/div>\n\t\t","protected":false},"excerpt":{"rendered":"<p>A procura por atendimento psicol\u00f3gico tem crescido nos \u00faltimos anos, impulsionada pela maior conscientiza\u00e7\u00e3o sobre a import\u00e2ncia da<\/p>\n","protected":false},"author":1,"featured_media":0,"comment_status":"closed","ping_status":"open","sticky":false,"template":"","format":"standard","meta":{"_eb_attr":"","footnotes":""},"categories":[4],"tags":[],"class_list":["post-12843","post","type-post","status-publish","format-standard","hentry","category-saude"],"yoast_head":"<!-- This site is optimized with the Yoast SEO plugin v28.3 - https:\/\/yoast.com\/product\/yoast-seo-wordpress\/ -->\n<title>Atendimento psicol\u00f3gico deixa de ser resposta a apenas situa\u00e7\u00f5es de crises emocionais e ganha espa\u00e7o na preven\u00e7\u00e3o em empresas e na vida - DE CARA COM A VERDADE<\/title>\n<meta name=\"robots\" content=\"index, follow, max-snippet:-1, max-image-preview:large, max-video-preview:-1\" \/>\n<link rel=\"canonical\" href=\"https:\/\/www.decaracomaverdade.com.br\/noticias\/inicio\/atendimento-psicologico-deixa-de-ser-resposta-a-apenas-situacoes-de-crises-emocionais-e-ganha-espaco-na-prevencao-em-empresas-e-na-vida\/\" \/>\n<meta property=\"og:locale\" content=\"pt_PT\" \/>\n<meta property=\"og:type\" content=\"article\" \/>\n<meta property=\"og:title\" content=\"Atendimento psicol\u00f3gico deixa de ser resposta a apenas situa\u00e7\u00f5es de crises emocionais e ganha espa\u00e7o na preven\u00e7\u00e3o em empresas e na vida - DE CARA COM A VERDADE\" \/>\n<meta property=\"og:description\" content=\"A procura por atendimento psicol\u00f3gico tem crescido nos \u00faltimos anos, impulsionada pela maior conscientiza\u00e7\u00e3o sobre a import\u00e2ncia da\" \/>\n<meta property=\"og:url\" content=\"https:\/\/www.decaracomaverdade.com.br\/noticias\/inicio\/atendimento-psicologico-deixa-de-ser-resposta-a-apenas-situacoes-de-crises-emocionais-e-ganha-espaco-na-prevencao-em-empresas-e-na-vida\/\" \/>\n<meta property=\"og:site_name\" content=\"DE CARA COM A VERDADE\" \/>\n<meta property=\"article:published_time\" content=\"2026-08-21T21:15:26+00:00\" \/>\n<meta property=\"article:modified_time\" content=\"2026-08-21T21:19:54+00:00\" \/>\n<meta property=\"og:image\" content=\"https:\/\/www.decaracomaverdade.com.br\/noticias\/wp-content\/uploads\/2026\/08\/WhatsApp-Image-2026-08-21-at-18.13.58.jpeg\" \/>\n\t<meta property=\"og:image:width\" content=\"713\" \/>\n\t<meta property=\"og:image:height\" content=\"447\" \/>\n\t<meta property=\"og:image:type\" content=\"image\/jpeg\" \/>\n<meta name=\"author\" content=\"admin\" \/>\n<meta name=\"twitter:card\" content=\"summary_large_image\" \/>\n<meta name=\"twitter:label1\" content=\"Escrito por\" \/>\n\t<meta name=\"twitter:data1\" content=\"\" \/>\n\t<meta name=\"twitter:label2\" content=\"Tempo estimado de leitura\" \/>\n\t<meta name=\"twitter:data2\" content=\"3 minutos\" \/>\n<script type=\"application\/ld+json\" class=\"yoast-schema-graph\">{\"@context\":\"https:\\\/\\\/schema.org\",\"@graph\":[{\"@type\":\"Article\",\"@id\":\"https:\\\/\\\/www.decaracomaverdade.com.br\\\/noticias\\\/inicio\\\/atendimento-psicologico-deixa-de-ser-resposta-a-apenas-situacoes-de-crises-emocionais-e-ganha-espaco-na-prevencao-em-empresas-e-na-vida\\\/#article\",\"isPartOf\":{\"@id\":\"https:\\\/\\\/www.decaracomaverdade.com.br\\\/noticias\\\/inicio\\\/atendimento-psicologico-deixa-de-ser-resposta-a-apenas-situacoes-de-crises-emocionais-e-ganha-espaco-na-prevencao-em-empresas-e-na-vida\\\/\"},\"author\":{\"name\":\"admin\",\"@id\":\"https:\\\/\\\/www.decaracomaverdade.com.br\\\/noticias\\\/inicio\\\/#\\\/schema\\\/person\\\/57b3d7bc6204e8cb0524a8fe4e443f12\"},\"headline\":\"Atendimento psicol\u00f3gico deixa de ser resposta a apenas situa\u00e7\u00f5es de crises emocionais e ganha espa\u00e7o na preven\u00e7\u00e3o em empresas e na vida\",\"datePublished\":\"2026-08-21T21:15:26+00:00\",\"dateModified\":\"2026-08-21T21:19:54+00:00\",\"mainEntityOfPage\":{\"@id\":\"https:\\\/\\\/www.decaracomaverdade.com.br\\\/noticias\\\/inicio\\\/atendimento-psicologico-deixa-de-ser-resposta-a-apenas-situacoes-de-crises-emocionais-e-ganha-espaco-na-prevencao-em-empresas-e-na-vida\\\/\"},\"wordCount\":540,\"image\":{\"@id\":\"https:\\\/\\\/www.decaracomaverdade.com.br\\\/noticias\\\/inicio\\\/atendimento-psicologico-deixa-de-ser-resposta-a-apenas-situacoes-de-crises-emocionais-e-ganha-espaco-na-prevencao-em-empresas-e-na-vida\\\/#primaryimage\"},\"thumbnailUrl\":\"https:\\\/\\\/www.decaracomaverdade.com.br\\\/noticias\\\/wp-content\\\/uploads\\\/2026\\\/08\\\/WhatsApp-Image-2026-08-21-at-18.13.58.jpeg\",\"articleSection\":[\"Sa\u00fade\"],\"inLanguage\":\"pt-PT\"},{\"@type\":\"WebPage\",\"@id\":\"https:\\\/\\\/www.decaracomaverdade.com.br\\\/noticias\\\/inicio\\\/atendimento-psicologico-deixa-de-ser-resposta-a-apenas-situacoes-de-crises-emocionais-e-ganha-espaco-na-prevencao-em-empresas-e-na-vida\\\/\",\"url\":\"https:\\\/\\\/www.decaracomaverdade.com.br\\\/noticias\\\/inicio\\\/atendimento-psicologico-deixa-de-ser-resposta-a-apenas-situacoes-de-crises-emocionais-e-ganha-espaco-na-prevencao-em-empresas-e-na-vida\\\/\",\"name\":\"Atendimento psicol\u00f3gico deixa de ser resposta a apenas situa\u00e7\u00f5es de crises emocionais e ganha espa\u00e7o na preven\u00e7\u00e3o em empresas e na vida - DE CARA COM A VERDADE\",\"isPartOf\":{\"@id\":\"https:\\\/\\\/www.decaracomaverdade.com.br\\\/noticias\\\/inicio\\\/#website\"},\"primaryImageOfPage\":{\"@id\":\"https:\\\/\\\/www.decaracomaverdade.com.br\\\/noticias\\\/inicio\\\/atendimento-psicologico-deixa-de-ser-resposta-a-apenas-situacoes-de-crises-emocionais-e-ganha-espaco-na-prevencao-em-empresas-e-na-vida\\\/#primaryimage\"},\"image\":{\"@id\":\"https:\\\/\\\/www.decaracomaverdade.com.br\\\/noticias\\\/inicio\\\/atendimento-psicologico-deixa-de-ser-resposta-a-apenas-situacoes-de-crises-emocionais-e-ganha-espaco-na-prevencao-em-empresas-e-na-vida\\\/#primaryimage\"},\"thumbnailUrl\":\"https:\\\/\\\/www.decaracomaverdade.com.br\\\/noticias\\\/wp-content\\\/uploads\\\/2026\\\/08\\\/WhatsApp-Image-2026-08-21-at-18.13.58.jpeg\",\"datePublished\":\"2026-08-21T21:15:26+00:00\",\"dateModified\":\"2026-08-21T21:19:54+00:00\",\"author\":{\"@id\":\"https:\\\/\\\/www.decaracomaverdade.com.br\\\/noticias\\\/inicio\\\/#\\\/schema\\\/person\\\/57b3d7bc6204e8cb0524a8fe4e443f12\"},\"breadcrumb\":{\"@id\":\"https:\\\/\\\/www.decaracomaverdade.com.br\\\/noticias\\\/inicio\\\/atendimento-psicologico-deixa-de-ser-resposta-a-apenas-situacoes-de-crises-emocionais-e-ganha-espaco-na-prevencao-em-empresas-e-na-vida\\\/#breadcrumb\"},\"inLanguage\":\"pt-PT\",\"potentialAction\":[{\"@type\":\"ReadAction\",\"target\":[\"https:\\\/\\\/www.decaracomaverdade.com.br\\\/noticias\\\/inicio\\\/atendimento-psicologico-deixa-de-ser-resposta-a-apenas-situacoes-de-crises-emocionais-e-ganha-espaco-na-prevencao-em-empresas-e-na-vida\\\/\"]}]},{\"@type\":\"ImageObject\",\"inLanguage\":\"pt-PT\",\"@id\":\"https:\\\/\\\/www.decaracomaverdade.com.br\\\/noticias\\\/inicio\\\/atendimento-psicologico-deixa-de-ser-resposta-a-apenas-situacoes-de-crises-emocionais-e-ganha-espaco-na-prevencao-em-empresas-e-na-vida\\\/#primaryimage\",\"url\":\"https:\\\/\\\/www.decaracomaverdade.com.br\\\/noticias\\\/wp-content\\\/uploads\\\/2026\\\/08\\\/WhatsApp-Image-2026-08-21-at-18.13.58.jpeg\",\"contentUrl\":\"https:\\\/\\\/www.decaracomaverdade.com.br\\\/noticias\\\/wp-content\\\/uploads\\\/2026\\\/08\\\/WhatsApp-Image-2026-08-21-at-18.13.58.jpeg\"},{\"@type\":\"BreadcrumbList\",\"@id\":\"https:\\\/\\\/www.decaracomaverdade.com.br\\\/noticias\\\/inicio\\\/atendimento-psicologico-deixa-de-ser-resposta-a-apenas-situacoes-de-crises-emocionais-e-ganha-espaco-na-prevencao-em-empresas-e-na-vida\\\/#breadcrumb\",\"itemListElement\":[{\"@type\":\"ListItem\",\"position\":1,\"name\":\"In\u00edcio\",\"item\":\"https:\\\/\\\/www.decaracomaverdade.com.br\\\/noticias\\\/inicio\\\/\"},{\"@type\":\"ListItem\",\"position\":2,\"name\":\"Atendimento psicol\u00f3gico deixa de ser resposta a apenas situa\u00e7\u00f5es de crises emocionais e ganha espa\u00e7o na preven\u00e7\u00e3o em empresas e na vida\"}]},{\"@type\":\"WebSite\",\"@id\":\"https:\\\/\\\/www.decaracomaverdade.com.br\\\/noticias\\\/inicio\\\/#website\",\"url\":\"https:\\\/\\\/www.decaracomaverdade.com.br\\\/noticias\\\/inicio\\\/\",\"name\":\"DE CARA COM A VERDADE\",\"description\":\"Get The Most Freshy News Every Day\",\"potentialAction\":[{\"@type\":\"SearchAction\",\"target\":{\"@type\":\"EntryPoint\",\"urlTemplate\":\"https:\\\/\\\/www.decaracomaverdade.com.br\\\/noticias\\\/inicio\\\/?s={search_term_string}\"},\"query-input\":{\"@type\":\"PropertyValueSpecification\",\"valueRequired\":true,\"valueName\":\"search_term_string\"}}],\"inLanguage\":\"pt-PT\"},{\"@type\":\"Person\",\"@id\":\"https:\\\/\\\/www.decaracomaverdade.com.br\\\/noticias\\\/inicio\\\/#\\\/schema\\\/person\\\/57b3d7bc6204e8cb0524a8fe4e443f12\",\"name\":\"admin\",\"image\":{\"@type\":\"ImageObject\",\"inLanguage\":\"pt-PT\",\"@id\":\"https:\\\/\\\/secure.gravatar.com\\\/avatar\\\/a58535844e1157019c1c46d6fed66689c314ba5bed048d83012b7f39ae98a79c?s=96&d=mm&r=g\",\"url\":\"https:\\\/\\\/secure.gravatar.com\\\/avatar\\\/a58535844e1157019c1c46d6fed66689c314ba5bed048d83012b7f39ae98a79c?s=96&d=mm&r=g\",\"contentUrl\":\"https:\\\/\\\/secure.gravatar.com\\\/avatar\\\/a58535844e1157019c1c46d6fed66689c314ba5bed048d83012b7f39ae98a79c?s=96&d=mm&r=g\",\"caption\":\"admin\"},\"sameAs\":[\"https:\\\/\\\/www.decaracomaverdade.com.br\\\/noticias\"],\"url\":\"https:\\\/\\\/www.decaracomaverdade.com.br\\\/noticias\\\/inicio\\\/author\\\/admin\\\/\"}]}<\/script>\n<!-- \/ Yoast SEO plugin. -->","yoast_head_json":{"title":"Atendimento psicol\u00f3gico deixa de ser resposta a apenas situa\u00e7\u00f5es de crises emocionais e ganha espa\u00e7o na preven\u00e7\u00e3o em empresas e na vida - DE CARA COM A VERDADE","robots":{"index":"index","follow":"follow","max-snippet":"max-snippet:-1","max-image-preview":"max-image-preview:large","max-video-preview":"max-video-preview:-1"},"canonical":"https:\/\/www.decaracomaverdade.com.br\/noticias\/inicio\/atendimento-psicologico-deixa-de-ser-resposta-a-apenas-situacoes-de-crises-emocionais-e-ganha-espaco-na-prevencao-em-empresas-e-na-vida\/","og_locale":"pt_PT","og_type":"article","og_title":"Atendimento psicol\u00f3gico deixa de ser resposta a apenas situa\u00e7\u00f5es de crises emocionais e ganha espa\u00e7o na preven\u00e7\u00e3o em empresas e na vida - DE CARA COM A VERDADE","og_description":"A procura por atendimento psicol\u00f3gico tem crescido nos \u00faltimos anos, impulsionada pela maior conscientiza\u00e7\u00e3o sobre a import\u00e2ncia da","og_url":"https:\/\/www.decaracomaverdade.com.br\/noticias\/inicio\/atendimento-psicologico-deixa-de-ser-resposta-a-apenas-situacoes-de-crises-emocionais-e-ganha-espaco-na-prevencao-em-empresas-e-na-vida\/","og_site_name":"DE CARA COM A VERDADE","article_published_time":"2026-08-21T21:15:26+00:00","article_modified_time":"2026-08-21T21:19:54+00:00","og_image":[{"width":713,"height":447,"url":"https:\/\/www.decaracomaverdade.com.br\/noticias\/wp-content\/uploads\/2026\/08\/WhatsApp-Image-2026-08-21-at-18.13.58.jpeg","type":"image\/jpeg"}],"author":"admin","twitter_card":"summary_large_image","twitter_misc":{"Escrito por":false,"Tempo estimado de leitura":"3 minutos"},"schema":{"@context":"https:\/\/schema.org","@graph":[{"@type":"Article","@id":"https:\/\/www.decaracomaverdade.com.br\/noticias\/inicio\/atendimento-psicologico-deixa-de-ser-resposta-a-apenas-situacoes-de-crises-emocionais-e-ganha-espaco-na-prevencao-em-empresas-e-na-vida\/#article","isPartOf":{"@id":"https:\/\/www.decaracomaverdade.com.br\/noticias\/inicio\/atendimento-psicologico-deixa-de-ser-resposta-a-apenas-situacoes-de-crises-emocionais-e-ganha-espaco-na-prevencao-em-empresas-e-na-vida\/"},"author":{"name":"admin","@id":"https:\/\/www.decaracomaverdade.com.br\/noticias\/inicio\/#\/schema\/person\/57b3d7bc6204e8cb0524a8fe4e443f12"},"headline":"Atendimento psicol\u00f3gico deixa de ser resposta a apenas situa\u00e7\u00f5es de crises emocionais e ganha espa\u00e7o na preven\u00e7\u00e3o em empresas e na vida","datePublished":"2026-08-21T21:15:26+00:00","dateModified":"2026-08-21T21:19:54+00:00","mainEntityOfPage":{"@id":"https:\/\/www.decaracomaverdade.com.br\/noticias\/inicio\/atendimento-psicologico-deixa-de-ser-resposta-a-apenas-situacoes-de-crises-emocionais-e-ganha-espaco-na-prevencao-em-empresas-e-na-vida\/"},"wordCount":540,"image":{"@id":"https:\/\/www.decaracomaverdade.com.br\/noticias\/inicio\/atendimento-psicologico-deixa-de-ser-resposta-a-apenas-situacoes-de-crises-emocionais-e-ganha-espaco-na-prevencao-em-empresas-e-na-vida\/#primaryimage"},"thumbnailUrl":"https:\/\/www.decaracomaverdade.com.br\/noticias\/wp-content\/uploads\/2026\/08\/WhatsApp-Image-2026-08-21-at-18.13.58.jpeg","articleSection":["Sa\u00fade"],"inLanguage":"pt-PT"},{"@type":"WebPage","@id":"https:\/\/www.decaracomaverdade.com.br\/noticias\/inicio\/atendimento-psicologico-deixa-de-ser-resposta-a-apenas-situacoes-de-crises-emocionais-e-ganha-espaco-na-prevencao-em-empresas-e-na-vida\/","url":"https:\/\/www.decaracomaverdade.com.br\/noticias\/inicio\/atendimento-psicologico-deixa-de-ser-resposta-a-apenas-situacoes-de-crises-emocionais-e-ganha-espaco-na-prevencao-em-empresas-e-na-vida\/","name":"Atendimento psicol\u00f3gico deixa de ser resposta a apenas situa\u00e7\u00f5es de crises emocionais e ganha espa\u00e7o na preven\u00e7\u00e3o em empresas e na vida - DE CARA COM A VERDADE","isPartOf":{"@id":"https:\/\/www.decaracomaverdade.com.br\/noticias\/inicio\/#website"},"primaryImageOfPage":{"@id":"https:\/\/www.decaracomaverdade.com.br\/noticias\/inicio\/atendimento-psicologico-deixa-de-ser-resposta-a-apenas-situacoes-de-crises-emocionais-e-ganha-espaco-na-prevencao-em-empresas-e-na-vida\/#primaryimage"},"image":{"@id":"https:\/\/www.decaracomaverdade.com.br\/noticias\/inicio\/atendimento-psicologico-deixa-de-ser-resposta-a-apenas-situacoes-de-crises-emocionais-e-ganha-espaco-na-prevencao-em-empresas-e-na-vida\/#primaryimage"},"thumbnailUrl":"https:\/\/www.decaracomaverdade.com.br\/noticias\/wp-content\/uploads\/2026\/08\/WhatsApp-Image-2026-08-21-at-18.13.58.jpeg","datePublished":"2026-08-21T21:15:26+00:00","dateModified":"2026-08-21T21:19:54+00:00","author":{"@id":"https:\/\/www.decaracomaverdade.com.br\/noticias\/inicio\/#\/schema\/person\/57b3d7bc6204e8cb0524a8fe4e443f12"},"breadcrumb":{"@id":"https:\/\/www.decaracomaverdade.com.br\/noticias\/inicio\/atendimento-psicologico-deixa-de-ser-resposta-a-apenas-situacoes-de-crises-emocionais-e-ganha-espaco-na-prevencao-em-empresas-e-na-vida\/#breadcrumb"},"inLanguage":"pt-PT","potentialAction":[{"@type":"ReadAction","target":["https:\/\/www.decaracomaverdade.com.br\/noticias\/inicio\/atendimento-psicologico-deixa-de-ser-resposta-a-apenas-situacoes-de-crises-emocionais-e-ganha-espaco-na-prevencao-em-empresas-e-na-vida\/"]}]},{"@type":"ImageObject","inLanguage":"pt-PT","@id":"https:\/\/www.decaracomaverdade.com.br\/noticias\/inicio\/atendimento-psicologico-deixa-de-ser-resposta-a-apenas-situacoes-de-crises-emocionais-e-ganha-espaco-na-prevencao-em-empresas-e-na-vida\/#primaryimage","url":"https:\/\/www.decaracomaverdade.com.br\/noticias\/wp-content\/uploads\/2026\/08\/WhatsApp-Image-2026-08-21-at-18.13.58.jpeg","contentUrl":"https:\/\/www.decaracomaverdade.com.br\/noticias\/wp-content\/uploads\/2026\/08\/WhatsApp-Image-2026-08-21-at-18.13.58.jpeg"},{"@type":"BreadcrumbList","@id":"https:\/\/www.decaracomaverdade.com.br\/noticias\/inicio\/atendimento-psicologico-deixa-de-ser-resposta-a-apenas-situacoes-de-crises-emocionais-e-ganha-espaco-na-prevencao-em-empresas-e-na-vida\/#breadcrumb","itemListElement":[{"@type":"ListItem","position":1,"name":"In\u00edcio","item":"https:\/\/www.decaracomaverdade.com.br\/noticias\/inicio\/"},{"@type":"ListItem","position":2,"name":"Atendimento psicol\u00f3gico deixa de ser resposta a apenas situa\u00e7\u00f5es de crises emocionais e ganha espa\u00e7o na preven\u00e7\u00e3o em empresas e na vida"}]},{"@type":"WebSite","@id":"https:\/\/www.decaracomaverdade.com.br\/noticias\/inicio\/#website","url":"https:\/\/www.decaracomaverdade.com.br\/noticias\/inicio\/","name":"DE CARA COM A VERDADE","description":"Get The Most Freshy News Every Day","potentialAction":[{"@type":"SearchAction","target":{"@type":"EntryPoint","urlTemplate":"https:\/\/www.decaracomaverdade.com.br\/noticias\/inicio\/?s={search_term_string}"},"query-input":{"@type":"PropertyValueSpecification","valueRequired":true,"valueName":"search_term_string"}}],"inLanguage":"pt-PT"},{"@type":"Person","@id":"https:\/\/www.decaracomaverdade.com.br\/noticias\/inicio\/#\/schema\/person\/57b3d7bc6204e8cb0524a8fe4e443f12","name":"admin","image":{"@type":"ImageObject","inLanguage":"pt-PT","@id":"https:\/\/secure.gravatar.com\/avatar\/a58535844e1157019c1c46d6fed66689c314ba5bed048d83012b7f39ae98a79c?s=96&d=mm&r=g","url":"https:\/\/secure.gravatar.com\/avatar\/a58535844e1157019c1c46d6fed66689c314ba5bed048d83012b7f39ae98a79c?s=96&d=mm&r=g","contentUrl":"https:\/\/secure.gravatar.com\/avatar\/a58535844e1157019c1c46d6fed66689c314ba5bed048d83012b7f39ae98a79c?s=96&d=mm&r=g","caption":"admin"},"sameAs":["https:\/\/www.decaracomaverdade.com.br\/noticias"],"url":"https:\/\/www.decaracomaverdade.com.br\/noticias\/inicio\/author\/admin\/"}]}},"blog_post_layout_featured_media_urls":{"thumbnail":"","full":""},"categories_names":{"4":{"name":"Sa\u00fade","link":"https:\/\/www.decaracomaverdade.com.br\/noticias\/inicio\/category\/saude\/"}},"tags_names":[],"comments_number":"0","wpmagazine_modules_lite_featured_media_urls":{"thumbnail":"","cvmm-medium":"","cvmm-medium-plus":"","cvmm-portrait":"","cvmm-medium-square":"","cvmm-large":"","cvmm-small":"","full":""},"_links":{"self":[{"href":"https:\/\/www.decaracomaverdade.com.br\/noticias\/inicio\/wp-json\/wp\/v2\/posts\/12843","targetHints":{"allow":["GET"]}}],"collection":[{"href":"https:\/\/www.decaracomaverdade.com.br\/noticias\/inicio\/wp-json\/wp\/v2\/posts"}],"about":[{"href":"https:\/\/www.decaracomaverdade.com.br\/noticias\/inicio\/wp-json\/wp\/v2\/types\/post"}],"author":[{"embeddable":true,"href":"https:\/\/www.decaracomaverdade.com.br\/noticias\/inicio\/wp-json\/wp\/v2\/users\/1"}],"replies":[{"embeddable":true,"href":"https:\/\/www.decaracomaverdade.com.br\/noticias\/inicio\/wp-json\/wp\/v2\/comments?post=12843"}],"version-history":[{"count":4,"href":"https:\/\/www.decaracomaverdade.com.br\/noticias\/inicio\/wp-json\/wp\/v2\/posts\/12843\/revisions"}],"predecessor-version":[{"id":12848,"href":"https:\/\/www.decaracomaverdade.com.br\/noticias\/inicio\/wp-json\/wp\/v2\/posts\/12843\/revisions\/12848"}],"wp:attachment":[{"href":"https:\/\/www.decaracomaverdade.com.br\/noticias\/inicio\/wp-json\/wp\/v2\/media?parent=12843"}],"wp:term":[{"taxonomy":"category","embeddable":true,"href":"https:\/\/www.decaracomaverdade.com.br\/noticias\/inicio\/wp-json\/wp\/v2\/categories?post=12843"},{"taxonomy":"post_tag","embeddable":true,"href":"https:\/\/www.decaracomaverdade.com.br\/noticias\/inicio\/wp-json\/wp\/v2\/tags?post=12843"}],"curies":[{"name":"wp","href":"https:\/\/api.w.org\/{rel}","templated":true}]}}