{"id":12824,"date":"2026-08-16T20:50:06","date_gmt":"2026-08-16T20:50:06","guid":{"rendered":"https:\/\/www.decaracomaverdade.com.br\/noticias\/inicio\/?p=12824"},"modified":"2026-08-21T21:04:09","modified_gmt":"2026-08-21T21:04:09","slug":"anvisa-aprova-novas-canetas-de-semaglutida-incluindo-a-1a-generica","status":"publish","type":"post","link":"https:\/\/www.decaracomaverdade.com.br\/noticias\/inicio\/anvisa-aprova-novas-canetas-de-semaglutida-incluindo-a-1a-generica\/","title":{"rendered":"Anvisa aprova novas canetas de semaglutida, incluindo a 1\u00aa gen\u00e9rica"},"content":{"rendered":"\t\t<div data-elementor-type=\"wp-post\" data-elementor-id=\"12824\" class=\"elementor elementor-12824\">\n\t\t\t\t\t\t<section class=\"elementor-section elementor-top-section elementor-element elementor-element-3dce81e elementor-section-boxed elementor-section-height-default elementor-section-height-default\" data-id=\"3dce81e\" data-element_type=\"section\" data-e-type=\"section\">\n\t\t\t\t\t\t<div class=\"elementor-container elementor-column-gap-default\">\n\t\t\t\t\t<div class=\"elementor-column elementor-col-100 elementor-top-column elementor-element elementor-element-15d7031\" data-id=\"15d7031\" data-element_type=\"column\" data-e-type=\"column\">\n\t\t\t<div class=\"elementor-widget-wrap elementor-element-populated\">\n\t\t\t\t\t\t<div class=\"elementor-element elementor-element-4991816 elementor-widget elementor-widget-image\" data-id=\"4991816\" data-element_type=\"widget\" data-e-type=\"widget\" data-widget_type=\"image.default\">\n\t\t\t\t<div class=\"elementor-widget-container\">\n\t\t\t\t\t\t\t\t\t\t\t\t\t\t\t<img loading=\"lazy\" width=\"640\" height=\"360\" src=\"https:\/\/www.decaracomaverdade.com.br\/noticias\/wp-content\/uploads\/2026\/08\/767882-1024x576.jpg\" class=\"attachment-large size-large wp-image-12827\" alt=\"767882\" srcset=\"https:\/\/www.decaracomaverdade.com.br\/noticias\/wp-content\/uploads\/2026\/08\/767882-1024x576.jpg 1024w, https:\/\/www.decaracomaverdade.com.br\/noticias\/wp-content\/uploads\/2026\/08\/767882-300x169.jpg 300w, https:\/\/www.decaracomaverdade.com.br\/noticias\/wp-content\/uploads\/2026\/08\/767882-768x432.jpg 768w, https:\/\/www.decaracomaverdade.com.br\/noticias\/wp-content\/uploads\/2026\/08\/767882.jpg 1200w\" sizes=\"auto, (max-width: 640px) 100vw, 640px\" loading=\"lazy\" decoding=\"async\" \/>\t\t\t\t\t\t\t\t\t\t\t\t\t\t\t<\/div>\n\t\t\t\t<\/div>\n\t\t\t\t\t<\/div>\n\t\t<\/div>\n\t\t\t\t\t<\/div>\n\t\t<\/section>\n\t\t\t\t<section class=\"elementor-section elementor-top-section elementor-element elementor-element-eb0ddf4 elementor-section-boxed elementor-section-height-default elementor-section-height-default\" data-id=\"eb0ddf4\" data-element_type=\"section\" data-e-type=\"section\">\n\t\t\t\t\t\t<div class=\"elementor-container elementor-column-gap-default\">\n\t\t\t\t\t<div class=\"elementor-column elementor-col-100 elementor-top-column elementor-element elementor-element-3421122\" data-id=\"3421122\" data-element_type=\"column\" data-e-type=\"column\">\n\t\t\t<div class=\"elementor-widget-wrap elementor-element-populated\">\n\t\t\t\t\t\t<div class=\"elementor-element elementor-element-833e2bf elementor-widget elementor-widget-text-editor\" data-id=\"833e2bf\" data-element_type=\"widget\" data-e-type=\"widget\" data-widget_type=\"text-editor.default\">\n\t\t\t\t<div class=\"elementor-widget-container\">\n\t\t\t\t\t\t\t\t\t<p>A Ag\u00eancia Nacional de Vigil\u00e2ncia Sanit\u00e1ria (Anvisa) aprovou dois novos medicamentos injet\u00e1veis \u00e0\u00a0base de semaglutida obtida por via sint\u00e9tica.\u00a0Os registros foram publicados no Di\u00e1rio Oficial da Uni\u00e3o desta segunda-feira (17).<img decoding=\"async\" src=\"https:\/\/agenciabrasil.ebc.com.br\/ebc.png?id=1699889&amp;o=node\" \/><img decoding=\"async\" src=\"https:\/\/agenciabrasil.ebc.com.br\/ebc.gif?id=1699889&amp;o=node\" \/><\/p><p><strong>A semaglutida ficou conhecida por ser o princ\u00edpio ativo das &#8220;canetas emagrecedoras&#8221; Ozempic e Wegovy, usadas no\u00a0tratamento para a diabetes mellitus tipo 2<\/strong>. M\u00e9dicos tamb\u00e9m receitam a subst\u00e2ncia para o controle da obesidade.<\/p><p>Em maio, a farmac\u00eautica EMS obteve o primeiro registro de\u00a0semaglutida sint\u00e9tica no pa\u00eds, no medicamento Ozivy. Agora, a EMS foi autorizada a comercializar o gen\u00e9rico do Ozivy, que poder\u00e1 chegar ao mercado com pre\u00e7os mais baixos.\u00a0Como se trata de um rem\u00e9dio gen\u00e9rico, no entanto, a nova\u00a0caneta n\u00e3o pode ter nome comercial.<\/p><h2>Medicamento similar<\/h2><p><strong>A Anvisa\u00a0tamb\u00e9m aprovou um medicamento similar \u00e0 base de semaglutida do laborat\u00f3rio Germed, vinculado \u00e0\u00a0EMS<\/strong>. Neste caso, al\u00e9m do princ\u00edpio ativo, a vers\u00e3o similar pode ter nome e caracter\u00edsticas pr\u00f3prias,\u00a0sem alterar o princ\u00edpio ativo, al\u00e9m de embalagem e rotulagem diferentes do rem\u00e9dio de refer\u00eancia. Este produto ser\u00e1 vendido como Semaclique.<\/p><p>O registro\u00a0da ag\u00eancia reguladora reconhece\u00a0o uso dos medicamentos aliado \u00e0 dieta e aos exerc\u00edcios f\u00edsicos.\u00a0Eles s\u00e3o administrados semanalmente e devem ficar armazenados em geladeira (em temperaturas de 2 \u00b0C a 8 \u00b0C) antes e depois de iniciado o tratamento.<\/p><p><strong>A ag\u00eancia refor\u00e7a ainda a necessidade do acompanhamento m\u00e9dico para o uso das canetas de semaglutida<\/strong>: &#8220;Como todos os medicamentos do tipo GLP-1, a semaglutida sint\u00e9tica est\u00e1 sujeita \u00e0 prescri\u00e7\u00e3o de receita m\u00e9dica em duas vias&#8221;.<\/p><h2>Apresenta\u00e7\u00f5es dos medicamentos aprovadas pela Anvisa<\/h2><ul><li>Solu\u00e7\u00e3o injet\u00e1vel de semaglutida 1,34 mg\/mL em sistema de aplica\u00e7\u00e3o preenchido (multidose e descart\u00e1vel) com 1,5 ml + 1 caneta + 6 agulhas;<\/li><li>Solu\u00e7\u00e3o injet\u00e1vel de semaglutida 1,34 mg\/mL em sistema de aplica\u00e7\u00e3o preenchido (multidose e descart\u00e1vel) com 3 ml + 2 canetas +10 agulhas;<\/li><li>Solu\u00e7\u00e3o injet\u00e1vel de semaglutida 1,34 mg\/mL em sistema de aplica\u00e7\u00e3o preenchido (multidose e descart\u00e1vel) com 1,5 ml + 1 caneta + 4 agulhas;<\/li><li>Solu\u00e7\u00e3o injet\u00e1vel de semaglutida 1,34 mg\/mL em sistema de aplica\u00e7\u00e3o preenchido (multidose e descart\u00e1vel) com 3 ml + 2 canetas + 8 agulhas.<\/li><\/ul>\t\t\t\t\t\t\t\t<\/div>\n\t\t\t\t<\/div>\n\t\t\t\t\t<\/div>\n\t\t<\/div>\n\t\t\t\t\t<\/div>\n\t\t<\/section>\n\t\t\t\t<\/div>\n\t\t","protected":false},"excerpt":{"rendered":"<p>A Ag\u00eancia Nacional de Vigil\u00e2ncia Sanit\u00e1ria (Anvisa) aprovou dois novos medicamentos injet\u00e1veis \u00e0\u00a0base de semaglutida obtida por via<\/p>\n","protected":false},"author":1,"featured_media":0,"comment_status":"closed","ping_status":"open","sticky":false,"template":"","format":"standard","meta":{"_eb_attr":"","footnotes":""},"categories":[4],"tags":[],"class_list":["post-12824","post","type-post","status-publish","format-standard","hentry","category-saude"],"yoast_head":"<!-- This site is optimized with the Yoast SEO plugin v28.3 - https:\/\/yoast.com\/product\/yoast-seo-wordpress\/ -->\n<title>Anvisa aprova novas canetas de semaglutida, incluindo a 1\u00aa gen\u00e9rica - DE CARA COM A VERDADE<\/title>\n<meta name=\"robots\" content=\"index, follow, max-snippet:-1, max-image-preview:large, max-video-preview:-1\" \/>\n<link rel=\"canonical\" href=\"https:\/\/www.decaracomaverdade.com.br\/noticias\/inicio\/anvisa-aprova-novas-canetas-de-semaglutida-incluindo-a-1a-generica\/\" \/>\n<meta property=\"og:locale\" content=\"pt_PT\" \/>\n<meta property=\"og:type\" content=\"article\" \/>\n<meta property=\"og:title\" content=\"Anvisa aprova novas canetas de semaglutida, incluindo a 1\u00aa gen\u00e9rica - DE CARA COM A VERDADE\" \/>\n<meta property=\"og:description\" content=\"A Ag\u00eancia Nacional de Vigil\u00e2ncia Sanit\u00e1ria (Anvisa) aprovou dois novos medicamentos injet\u00e1veis \u00e0\u00a0base de semaglutida obtida por via\" \/>\n<meta property=\"og:url\" content=\"https:\/\/www.decaracomaverdade.com.br\/noticias\/inicio\/anvisa-aprova-novas-canetas-de-semaglutida-incluindo-a-1a-generica\/\" \/>\n<meta property=\"og:site_name\" content=\"DE CARA COM A VERDADE\" \/>\n<meta property=\"article:published_time\" content=\"2026-08-16T20:50:06+00:00\" \/>\n<meta property=\"article:modified_time\" content=\"2026-08-21T21:04:09+00:00\" \/>\n<meta property=\"og:image\" content=\"https:\/\/www.decaracomaverdade.com.br\/noticias\/wp-content\/uploads\/2026\/08\/767882.jpg\" \/>\n\t<meta property=\"og:image:width\" content=\"1200\" \/>\n\t<meta property=\"og:image:height\" content=\"675\" \/>\n\t<meta property=\"og:image:type\" content=\"image\/jpeg\" \/>\n<meta name=\"author\" content=\"admin\" \/>\n<meta name=\"twitter:card\" content=\"summary_large_image\" \/>\n<meta name=\"twitter:label1\" content=\"Escrito por\" \/>\n\t<meta name=\"twitter:data1\" content=\"\" \/>\n\t<meta name=\"twitter:label2\" content=\"Tempo estimado de leitura\" \/>\n\t<meta name=\"twitter:data2\" content=\"2 minutos\" \/>\n<script type=\"application\/ld+json\" class=\"yoast-schema-graph\">{\"@context\":\"https:\\\/\\\/schema.org\",\"@graph\":[{\"@type\":\"Article\",\"@id\":\"https:\\\/\\\/www.decaracomaverdade.com.br\\\/noticias\\\/inicio\\\/anvisa-aprova-novas-canetas-de-semaglutida-incluindo-a-1a-generica\\\/#article\",\"isPartOf\":{\"@id\":\"https:\\\/\\\/www.decaracomaverdade.com.br\\\/noticias\\\/inicio\\\/anvisa-aprova-novas-canetas-de-semaglutida-incluindo-a-1a-generica\\\/\"},\"author\":{\"name\":\"admin\",\"@id\":\"https:\\\/\\\/www.decaracomaverdade.com.br\\\/noticias\\\/inicio\\\/#\\\/schema\\\/person\\\/57b3d7bc6204e8cb0524a8fe4e443f12\"},\"headline\":\"Anvisa aprova novas canetas de semaglutida, incluindo a 1\u00aa gen\u00e9rica\",\"datePublished\":\"2026-08-16T20:50:06+00:00\",\"dateModified\":\"2026-08-21T21:04:09+00:00\",\"mainEntityOfPage\":{\"@id\":\"https:\\\/\\\/www.decaracomaverdade.com.br\\\/noticias\\\/inicio\\\/anvisa-aprova-novas-canetas-de-semaglutida-incluindo-a-1a-generica\\\/\"},\"wordCount\":389,\"image\":{\"@id\":\"https:\\\/\\\/www.decaracomaverdade.com.br\\\/noticias\\\/inicio\\\/anvisa-aprova-novas-canetas-de-semaglutida-incluindo-a-1a-generica\\\/#primaryimage\"},\"thumbnailUrl\":\"https:\\\/\\\/www.decaracomaverdade.com.br\\\/noticias\\\/wp-content\\\/uploads\\\/2026\\\/08\\\/767882-1024x576.jpg\",\"articleSection\":[\"Sa\u00fade\"],\"inLanguage\":\"pt-PT\"},{\"@type\":\"WebPage\",\"@id\":\"https:\\\/\\\/www.decaracomaverdade.com.br\\\/noticias\\\/inicio\\\/anvisa-aprova-novas-canetas-de-semaglutida-incluindo-a-1a-generica\\\/\",\"url\":\"https:\\\/\\\/www.decaracomaverdade.com.br\\\/noticias\\\/inicio\\\/anvisa-aprova-novas-canetas-de-semaglutida-incluindo-a-1a-generica\\\/\",\"name\":\"Anvisa aprova novas canetas de semaglutida, incluindo a 1\u00aa gen\u00e9rica - DE CARA COM A VERDADE\",\"isPartOf\":{\"@id\":\"https:\\\/\\\/www.decaracomaverdade.com.br\\\/noticias\\\/inicio\\\/#website\"},\"primaryImageOfPage\":{\"@id\":\"https:\\\/\\\/www.decaracomaverdade.com.br\\\/noticias\\\/inicio\\\/anvisa-aprova-novas-canetas-de-semaglutida-incluindo-a-1a-generica\\\/#primaryimage\"},\"image\":{\"@id\":\"https:\\\/\\\/www.decaracomaverdade.com.br\\\/noticias\\\/inicio\\\/anvisa-aprova-novas-canetas-de-semaglutida-incluindo-a-1a-generica\\\/#primaryimage\"},\"thumbnailUrl\":\"https:\\\/\\\/www.decaracomaverdade.com.br\\\/noticias\\\/wp-content\\\/uploads\\\/2026\\\/08\\\/767882-1024x576.jpg\",\"datePublished\":\"2026-08-16T20:50:06+00:00\",\"dateModified\":\"2026-08-21T21:04:09+00:00\",\"author\":{\"@id\":\"https:\\\/\\\/www.decaracomaverdade.com.br\\\/noticias\\\/inicio\\\/#\\\/schema\\\/person\\\/57b3d7bc6204e8cb0524a8fe4e443f12\"},\"breadcrumb\":{\"@id\":\"https:\\\/\\\/www.decaracomaverdade.com.br\\\/noticias\\\/inicio\\\/anvisa-aprova-novas-canetas-de-semaglutida-incluindo-a-1a-generica\\\/#breadcrumb\"},\"inLanguage\":\"pt-PT\",\"potentialAction\":[{\"@type\":\"ReadAction\",\"target\":[\"https:\\\/\\\/www.decaracomaverdade.com.br\\\/noticias\\\/inicio\\\/anvisa-aprova-novas-canetas-de-semaglutida-incluindo-a-1a-generica\\\/\"]}]},{\"@type\":\"ImageObject\",\"inLanguage\":\"pt-PT\",\"@id\":\"https:\\\/\\\/www.decaracomaverdade.com.br\\\/noticias\\\/inicio\\\/anvisa-aprova-novas-canetas-de-semaglutida-incluindo-a-1a-generica\\\/#primaryimage\",\"url\":\"https:\\\/\\\/www.decaracomaverdade.com.br\\\/noticias\\\/wp-content\\\/uploads\\\/2026\\\/08\\\/767882-1024x576.jpg\",\"contentUrl\":\"https:\\\/\\\/www.decaracomaverdade.com.br\\\/noticias\\\/wp-content\\\/uploads\\\/2026\\\/08\\\/767882-1024x576.jpg\"},{\"@type\":\"BreadcrumbList\",\"@id\":\"https:\\\/\\\/www.decaracomaverdade.com.br\\\/noticias\\\/inicio\\\/anvisa-aprova-novas-canetas-de-semaglutida-incluindo-a-1a-generica\\\/#breadcrumb\",\"itemListElement\":[{\"@type\":\"ListItem\",\"position\":1,\"name\":\"In\u00edcio\",\"item\":\"https:\\\/\\\/www.decaracomaverdade.com.br\\\/noticias\\\/inicio\\\/\"},{\"@type\":\"ListItem\",\"position\":2,\"name\":\"Anvisa aprova novas canetas de semaglutida, incluindo a 1\u00aa gen\u00e9rica\"}]},{\"@type\":\"WebSite\",\"@id\":\"https:\\\/\\\/www.decaracomaverdade.com.br\\\/noticias\\\/inicio\\\/#website\",\"url\":\"https:\\\/\\\/www.decaracomaverdade.com.br\\\/noticias\\\/inicio\\\/\",\"name\":\"DE CARA COM A VERDADE\",\"description\":\"Get The Most Freshy News Every Day\",\"potentialAction\":[{\"@type\":\"SearchAction\",\"target\":{\"@type\":\"EntryPoint\",\"urlTemplate\":\"https:\\\/\\\/www.decaracomaverdade.com.br\\\/noticias\\\/inicio\\\/?s={search_term_string}\"},\"query-input\":{\"@type\":\"PropertyValueSpecification\",\"valueRequired\":true,\"valueName\":\"search_term_string\"}}],\"inLanguage\":\"pt-PT\"},{\"@type\":\"Person\",\"@id\":\"https:\\\/\\\/www.decaracomaverdade.com.br\\\/noticias\\\/inicio\\\/#\\\/schema\\\/person\\\/57b3d7bc6204e8cb0524a8fe4e443f12\",\"name\":\"admin\",\"image\":{\"@type\":\"ImageObject\",\"inLanguage\":\"pt-PT\",\"@id\":\"https:\\\/\\\/secure.gravatar.com\\\/avatar\\\/a58535844e1157019c1c46d6fed66689c314ba5bed048d83012b7f39ae98a79c?s=96&d=mm&r=g\",\"url\":\"https:\\\/\\\/secure.gravatar.com\\\/avatar\\\/a58535844e1157019c1c46d6fed66689c314ba5bed048d83012b7f39ae98a79c?s=96&d=mm&r=g\",\"contentUrl\":\"https:\\\/\\\/secure.gravatar.com\\\/avatar\\\/a58535844e1157019c1c46d6fed66689c314ba5bed048d83012b7f39ae98a79c?s=96&d=mm&r=g\",\"caption\":\"admin\"},\"sameAs\":[\"https:\\\/\\\/www.decaracomaverdade.com.br\\\/noticias\"],\"url\":\"https:\\\/\\\/www.decaracomaverdade.com.br\\\/noticias\\\/inicio\\\/author\\\/admin\\\/\"}]}<\/script>\n<!-- \/ Yoast SEO plugin. -->","yoast_head_json":{"title":"Anvisa aprova novas canetas de semaglutida, incluindo a 1\u00aa gen\u00e9rica - DE CARA COM A VERDADE","robots":{"index":"index","follow":"follow","max-snippet":"max-snippet:-1","max-image-preview":"max-image-preview:large","max-video-preview":"max-video-preview:-1"},"canonical":"https:\/\/www.decaracomaverdade.com.br\/noticias\/inicio\/anvisa-aprova-novas-canetas-de-semaglutida-incluindo-a-1a-generica\/","og_locale":"pt_PT","og_type":"article","og_title":"Anvisa aprova novas canetas de semaglutida, incluindo a 1\u00aa gen\u00e9rica - DE CARA COM A VERDADE","og_description":"A Ag\u00eancia Nacional de Vigil\u00e2ncia Sanit\u00e1ria (Anvisa) aprovou dois novos medicamentos injet\u00e1veis \u00e0\u00a0base de semaglutida obtida por via","og_url":"https:\/\/www.decaracomaverdade.com.br\/noticias\/inicio\/anvisa-aprova-novas-canetas-de-semaglutida-incluindo-a-1a-generica\/","og_site_name":"DE CARA COM A VERDADE","article_published_time":"2026-08-16T20:50:06+00:00","article_modified_time":"2026-08-21T21:04:09+00:00","og_image":[{"width":1200,"height":675,"url":"https:\/\/www.decaracomaverdade.com.br\/noticias\/wp-content\/uploads\/2026\/08\/767882.jpg","type":"image\/jpeg"}],"author":"admin","twitter_card":"summary_large_image","twitter_misc":{"Escrito por":false,"Tempo estimado de leitura":"2 minutos"},"schema":{"@context":"https:\/\/schema.org","@graph":[{"@type":"Article","@id":"https:\/\/www.decaracomaverdade.com.br\/noticias\/inicio\/anvisa-aprova-novas-canetas-de-semaglutida-incluindo-a-1a-generica\/#article","isPartOf":{"@id":"https:\/\/www.decaracomaverdade.com.br\/noticias\/inicio\/anvisa-aprova-novas-canetas-de-semaglutida-incluindo-a-1a-generica\/"},"author":{"name":"admin","@id":"https:\/\/www.decaracomaverdade.com.br\/noticias\/inicio\/#\/schema\/person\/57b3d7bc6204e8cb0524a8fe4e443f12"},"headline":"Anvisa aprova novas canetas de semaglutida, incluindo a 1\u00aa gen\u00e9rica","datePublished":"2026-08-16T20:50:06+00:00","dateModified":"2026-08-21T21:04:09+00:00","mainEntityOfPage":{"@id":"https:\/\/www.decaracomaverdade.com.br\/noticias\/inicio\/anvisa-aprova-novas-canetas-de-semaglutida-incluindo-a-1a-generica\/"},"wordCount":389,"image":{"@id":"https:\/\/www.decaracomaverdade.com.br\/noticias\/inicio\/anvisa-aprova-novas-canetas-de-semaglutida-incluindo-a-1a-generica\/#primaryimage"},"thumbnailUrl":"https:\/\/www.decaracomaverdade.com.br\/noticias\/wp-content\/uploads\/2026\/08\/767882-1024x576.jpg","articleSection":["Sa\u00fade"],"inLanguage":"pt-PT"},{"@type":"WebPage","@id":"https:\/\/www.decaracomaverdade.com.br\/noticias\/inicio\/anvisa-aprova-novas-canetas-de-semaglutida-incluindo-a-1a-generica\/","url":"https:\/\/www.decaracomaverdade.com.br\/noticias\/inicio\/anvisa-aprova-novas-canetas-de-semaglutida-incluindo-a-1a-generica\/","name":"Anvisa aprova novas canetas de semaglutida, incluindo a 1\u00aa gen\u00e9rica - DE CARA COM A VERDADE","isPartOf":{"@id":"https:\/\/www.decaracomaverdade.com.br\/noticias\/inicio\/#website"},"primaryImageOfPage":{"@id":"https:\/\/www.decaracomaverdade.com.br\/noticias\/inicio\/anvisa-aprova-novas-canetas-de-semaglutida-incluindo-a-1a-generica\/#primaryimage"},"image":{"@id":"https:\/\/www.decaracomaverdade.com.br\/noticias\/inicio\/anvisa-aprova-novas-canetas-de-semaglutida-incluindo-a-1a-generica\/#primaryimage"},"thumbnailUrl":"https:\/\/www.decaracomaverdade.com.br\/noticias\/wp-content\/uploads\/2026\/08\/767882-1024x576.jpg","datePublished":"2026-08-16T20:50:06+00:00","dateModified":"2026-08-21T21:04:09+00:00","author":{"@id":"https:\/\/www.decaracomaverdade.com.br\/noticias\/inicio\/#\/schema\/person\/57b3d7bc6204e8cb0524a8fe4e443f12"},"breadcrumb":{"@id":"https:\/\/www.decaracomaverdade.com.br\/noticias\/inicio\/anvisa-aprova-novas-canetas-de-semaglutida-incluindo-a-1a-generica\/#breadcrumb"},"inLanguage":"pt-PT","potentialAction":[{"@type":"ReadAction","target":["https:\/\/www.decaracomaverdade.com.br\/noticias\/inicio\/anvisa-aprova-novas-canetas-de-semaglutida-incluindo-a-1a-generica\/"]}]},{"@type":"ImageObject","inLanguage":"pt-PT","@id":"https:\/\/www.decaracomaverdade.com.br\/noticias\/inicio\/anvisa-aprova-novas-canetas-de-semaglutida-incluindo-a-1a-generica\/#primaryimage","url":"https:\/\/www.decaracomaverdade.com.br\/noticias\/wp-content\/uploads\/2026\/08\/767882-1024x576.jpg","contentUrl":"https:\/\/www.decaracomaverdade.com.br\/noticias\/wp-content\/uploads\/2026\/08\/767882-1024x576.jpg"},{"@type":"BreadcrumbList","@id":"https:\/\/www.decaracomaverdade.com.br\/noticias\/inicio\/anvisa-aprova-novas-canetas-de-semaglutida-incluindo-a-1a-generica\/#breadcrumb","itemListElement":[{"@type":"ListItem","position":1,"name":"In\u00edcio","item":"https:\/\/www.decaracomaverdade.com.br\/noticias\/inicio\/"},{"@type":"ListItem","position":2,"name":"Anvisa aprova novas canetas de semaglutida, incluindo a 1\u00aa gen\u00e9rica"}]},{"@type":"WebSite","@id":"https:\/\/www.decaracomaverdade.com.br\/noticias\/inicio\/#website","url":"https:\/\/www.decaracomaverdade.com.br\/noticias\/inicio\/","name":"DE CARA COM A VERDADE","description":"Get The Most Freshy News Every Day","potentialAction":[{"@type":"SearchAction","target":{"@type":"EntryPoint","urlTemplate":"https:\/\/www.decaracomaverdade.com.br\/noticias\/inicio\/?s={search_term_string}"},"query-input":{"@type":"PropertyValueSpecification","valueRequired":true,"valueName":"search_term_string"}}],"inLanguage":"pt-PT"},{"@type":"Person","@id":"https:\/\/www.decaracomaverdade.com.br\/noticias\/inicio\/#\/schema\/person\/57b3d7bc6204e8cb0524a8fe4e443f12","name":"admin","image":{"@type":"ImageObject","inLanguage":"pt-PT","@id":"https:\/\/secure.gravatar.com\/avatar\/a58535844e1157019c1c46d6fed66689c314ba5bed048d83012b7f39ae98a79c?s=96&d=mm&r=g","url":"https:\/\/secure.gravatar.com\/avatar\/a58535844e1157019c1c46d6fed66689c314ba5bed048d83012b7f39ae98a79c?s=96&d=mm&r=g","contentUrl":"https:\/\/secure.gravatar.com\/avatar\/a58535844e1157019c1c46d6fed66689c314ba5bed048d83012b7f39ae98a79c?s=96&d=mm&r=g","caption":"admin"},"sameAs":["https:\/\/www.decaracomaverdade.com.br\/noticias"],"url":"https:\/\/www.decaracomaverdade.com.br\/noticias\/inicio\/author\/admin\/"}]}},"blog_post_layout_featured_media_urls":{"thumbnail":"","full":""},"categories_names":{"4":{"name":"Sa\u00fade","link":"https:\/\/www.decaracomaverdade.com.br\/noticias\/inicio\/category\/saude\/"}},"tags_names":[],"comments_number":"0","wpmagazine_modules_lite_featured_media_urls":{"thumbnail":"","cvmm-medium":"","cvmm-medium-plus":"","cvmm-portrait":"","cvmm-medium-square":"","cvmm-large":"","cvmm-small":"","full":""},"_links":{"self":[{"href":"https:\/\/www.decaracomaverdade.com.br\/noticias\/inicio\/wp-json\/wp\/v2\/posts\/12824","targetHints":{"allow":["GET"]}}],"collection":[{"href":"https:\/\/www.decaracomaverdade.com.br\/noticias\/inicio\/wp-json\/wp\/v2\/posts"}],"about":[{"href":"https:\/\/www.decaracomaverdade.com.br\/noticias\/inicio\/wp-json\/wp\/v2\/types\/post"}],"author":[{"embeddable":true,"href":"https:\/\/www.decaracomaverdade.com.br\/noticias\/inicio\/wp-json\/wp\/v2\/users\/1"}],"replies":[{"embeddable":true,"href":"https:\/\/www.decaracomaverdade.com.br\/noticias\/inicio\/wp-json\/wp\/v2\/comments?post=12824"}],"version-history":[{"count":4,"href":"https:\/\/www.decaracomaverdade.com.br\/noticias\/inicio\/wp-json\/wp\/v2\/posts\/12824\/revisions"}],"predecessor-version":[{"id":12830,"href":"https:\/\/www.decaracomaverdade.com.br\/noticias\/inicio\/wp-json\/wp\/v2\/posts\/12824\/revisions\/12830"}],"wp:attachment":[{"href":"https:\/\/www.decaracomaverdade.com.br\/noticias\/inicio\/wp-json\/wp\/v2\/media?parent=12824"}],"wp:term":[{"taxonomy":"category","embeddable":true,"href":"https:\/\/www.decaracomaverdade.com.br\/noticias\/inicio\/wp-json\/wp\/v2\/categories?post=12824"},{"taxonomy":"post_tag","embeddable":true,"href":"https:\/\/www.decaracomaverdade.com.br\/noticias\/inicio\/wp-json\/wp\/v2\/tags?post=12824"}],"curies":[{"name":"wp","href":"https:\/\/api.w.org\/{rel}","templated":true}]}}