{"id":12812,"date":"2026-08-14T20:41:25","date_gmt":"2026-08-14T20:41:25","guid":{"rendered":"https:\/\/www.decaracomaverdade.com.br\/noticias\/inicio\/?p=12812"},"modified":"2026-08-21T21:03:23","modified_gmt":"2026-08-21T21:03:23","slug":"morte-de-jovem-em-academia-acende-alerta-para-riscos-cardiacos","status":"publish","type":"post","link":"https:\/\/www.decaracomaverdade.com.br\/noticias\/inicio\/morte-de-jovem-em-academia-acende-alerta-para-riscos-cardiacos\/","title":{"rendered":"Morte de jovem em academia acende alerta para riscos card\u00edacos"},"content":{"rendered":"\t\t<div data-elementor-type=\"wp-post\" data-elementor-id=\"12812\" class=\"elementor elementor-12812\">\n\t\t\t\t\t\t<section class=\"elementor-section elementor-top-section elementor-element elementor-element-1905e30 elementor-section-boxed elementor-section-height-default elementor-section-height-default\" data-id=\"1905e30\" data-element_type=\"section\" data-e-type=\"section\">\n\t\t\t\t\t\t<div class=\"elementor-container elementor-column-gap-default\">\n\t\t\t\t\t<div class=\"elementor-column elementor-col-100 elementor-top-column elementor-element elementor-element-423c93b\" data-id=\"423c93b\" data-element_type=\"column\" data-e-type=\"column\">\n\t\t\t<div class=\"elementor-widget-wrap elementor-element-populated\">\n\t\t\t\t\t\t<div class=\"elementor-element elementor-element-44497f4 elementor-widget elementor-widget-image\" data-id=\"44497f4\" data-element_type=\"widget\" data-e-type=\"widget\" data-widget_type=\"image.default\">\n\t\t\t\t<div class=\"elementor-widget-container\">\n\t\t\t\t\t\t\t\t\t\t\t\t\t\t\t<img loading=\"lazy\" width=\"640\" height=\"427\" src=\"https:\/\/www.decaracomaverdade.com.br\/noticias\/wp-content\/uploads\/2026\/08\/Cella-doencas-cardiovasculares-1024x683.jpg\" class=\"attachment-large size-large wp-image-12814\" alt=\"Cella-doencas-cardiovasculares\" srcset=\"https:\/\/www.decaracomaverdade.com.br\/noticias\/wp-content\/uploads\/2026\/08\/Cella-doencas-cardiovasculares-1024x683.jpg 1024w, https:\/\/www.decaracomaverdade.com.br\/noticias\/wp-content\/uploads\/2026\/08\/Cella-doencas-cardiovasculares-300x200.jpg 300w, https:\/\/www.decaracomaverdade.com.br\/noticias\/wp-content\/uploads\/2026\/08\/Cella-doencas-cardiovasculares-768x512.jpg 768w, https:\/\/www.decaracomaverdade.com.br\/noticias\/wp-content\/uploads\/2026\/08\/Cella-doencas-cardiovasculares.jpg 1200w\" sizes=\"auto, (max-width: 640px) 100vw, 640px\" loading=\"lazy\" decoding=\"async\" \/>\t\t\t\t\t\t\t\t\t\t\t\t\t\t\t<\/div>\n\t\t\t\t<\/div>\n\t\t\t\t\t<\/div>\n\t\t<\/div>\n\t\t\t\t\t<\/div>\n\t\t<\/section>\n\t\t\t\t<section class=\"elementor-section elementor-top-section elementor-element elementor-element-6c7cab9 elementor-section-boxed elementor-section-height-default elementor-section-height-default\" data-id=\"6c7cab9\" data-element_type=\"section\" data-e-type=\"section\">\n\t\t\t\t\t\t<div class=\"elementor-container elementor-column-gap-default\">\n\t\t\t\t\t<div class=\"elementor-column elementor-col-100 elementor-top-column elementor-element elementor-element-c49d3a5\" data-id=\"c49d3a5\" data-element_type=\"column\" data-e-type=\"column\">\n\t\t\t<div class=\"elementor-widget-wrap elementor-element-populated\">\n\t\t\t\t\t\t<div class=\"elementor-element elementor-element-0084ff1 elementor-widget elementor-widget-text-editor\" data-id=\"0084ff1\" data-element_type=\"widget\" data-e-type=\"widget\" data-widget_type=\"text-editor.default\">\n\t\t\t\t<div class=\"elementor-widget-container\">\n\t\t\t\t\t\t\t\t\t<p style=\"text-align: justify;\">Outro caso de morte s\u00fabita aconteceu em uma academia de Fortaleza.Dessa vez, a v\u00edtima foi uma adolescente de 17 anos, que morreu no \u00faltimo dia 12 ap\u00f3s passar mal em uma academia localizada no bairro Jo\u00e3o XXIII.<\/p><p style=\"text-align: justify;\">Desde julho de 2025, a capital cearense soma seis ocorr\u00eancias similares. O professor Welton Godinho, integrante do Conselho Regional de Educa\u00e7\u00e3o F\u00edsica (Cref-5), fala sobre as causas da morte s\u00fabita:<\/p><p style=\"text-align: justify;\">&#8220;Entre pessoas mais jovens, como foi o \u00faltimo caso, normalmente h\u00e1 uma doen\u00e7a gen\u00e9tica ou cong\u00eanita que ainda n\u00e3o tinha sido identificada, at\u00e9 porque alguns sinais se manifestam no esfor\u00e7o, tipo algumas cardiomiopatias, anomalias da art\u00e9ria coronariana. Em adultos mais velhos, a doen\u00e7a das art\u00e9rias do cora\u00e7\u00e3o torna-se uma causa mais frequente. Tamb\u00e9m podem contribuir para isso algumas inflama\u00e7\u00f5es no cora\u00e7\u00e3o, uso de estimulantes, anabolizantes e outras subst\u00e2ncias. \u00c9 importante esclarecer que n\u00e3o d\u00e1 para atribuir uma causa ao caso dessa jovem sem o resultado da investiga\u00e7\u00e3o m\u00e9dica. Nem todos os epis\u00f3dios podem ser previstos, mas o risco pode ser reduzido com avalia\u00e7\u00e3o adequada, com aten\u00e7\u00e3o aos sintomas e com uma estrutura de atendimento r\u00e1pido caso ocorram emerg\u00eancias&#8221;, diz.<\/p><p style=\"text-align: justify;\">O professor Welton Godinho destaca a import\u00e2ncia da avalia\u00e7\u00e3o f\u00edsica antes de exerc\u00edcios f\u00edsicos:<\/p><p style=\"text-align: justify;\">&#8220;Ela identifica condi\u00e7\u00f5es pr\u00e9vias de sa\u00fade, alguns fatores de risco, poss\u00edveis sintomas que possam ser investigados. Essa avalia\u00e7\u00e3o come\u00e7a com uma boa conversa, um hist\u00f3rico de doen\u00e7as, medicamentos utilizados, casos de morte s\u00fabita na fam\u00edlia, presen\u00e7a de sintomas como dor no peito, palpita\u00e7\u00e3o, tontura, desmaio ou falta de ar que \u00e9 desproporcional \u00e0quele esfor\u00e7o que a pessoa t\u00e1 fazendo, que \u00e0s vezes \u00e9 manifestado num simples caminhar e a pessoa j\u00e1 t\u00e1 identificando. Isso n\u00e3o significa que as pessoas precisem realizar uma bateria de exames&#8221;, diz.<\/p><p style=\"text-align: justify;\">O conselheiro do Cref-5 acrescenta que, mesmo com todos os acidentes fatais registrados, ele refor\u00e7a que o exerc\u00edcio f\u00edsico protege a sa\u00fade, reduz o risco cardiovascular, entre outros benef\u00edcios.<\/p>\t\t\t\t\t\t\t\t<\/div>\n\t\t\t\t<\/div>\n\t\t\t\t\t<\/div>\n\t\t<\/div>\n\t\t\t\t\t<\/div>\n\t\t<\/section>\n\t\t\t\t<\/div>\n\t\t","protected":false},"excerpt":{"rendered":"<p>Outro caso de morte s\u00fabita aconteceu em uma academia de Fortaleza.Dessa vez, a v\u00edtima foi uma adolescente de<\/p>\n","protected":false},"author":1,"featured_media":0,"comment_status":"closed","ping_status":"open","sticky":false,"template":"","format":"standard","meta":{"_eb_attr":"","footnotes":""},"categories":[4],"tags":[],"class_list":["post-12812","post","type-post","status-publish","format-standard","hentry","category-saude"],"yoast_head":"<!-- This site is optimized with the Yoast SEO plugin v28.3 - https:\/\/yoast.com\/product\/yoast-seo-wordpress\/ -->\n<title>Morte de jovem em academia acende alerta para riscos card\u00edacos - DE CARA COM A VERDADE<\/title>\n<meta name=\"robots\" content=\"index, follow, max-snippet:-1, max-image-preview:large, max-video-preview:-1\" \/>\n<link rel=\"canonical\" href=\"https:\/\/www.decaracomaverdade.com.br\/noticias\/inicio\/morte-de-jovem-em-academia-acende-alerta-para-riscos-cardiacos\/\" \/>\n<meta property=\"og:locale\" content=\"pt_PT\" \/>\n<meta property=\"og:type\" content=\"article\" \/>\n<meta property=\"og:title\" content=\"Morte de jovem em academia acende alerta para riscos card\u00edacos - DE CARA COM A VERDADE\" \/>\n<meta property=\"og:description\" content=\"Outro caso de morte s\u00fabita aconteceu em uma academia de Fortaleza.Dessa vez, a v\u00edtima foi uma adolescente de\" \/>\n<meta property=\"og:url\" content=\"https:\/\/www.decaracomaverdade.com.br\/noticias\/inicio\/morte-de-jovem-em-academia-acende-alerta-para-riscos-cardiacos\/\" \/>\n<meta property=\"og:site_name\" content=\"DE CARA COM A VERDADE\" \/>\n<meta property=\"article:published_time\" content=\"2026-08-14T20:41:25+00:00\" \/>\n<meta property=\"article:modified_time\" content=\"2026-08-21T21:03:23+00:00\" \/>\n<meta property=\"og:image\" content=\"https:\/\/www.decaracomaverdade.com.br\/noticias\/wp-content\/uploads\/2026\/08\/Cella-doencas-cardiovasculares.jpg\" \/>\n\t<meta property=\"og:image:width\" content=\"1200\" \/>\n\t<meta property=\"og:image:height\" content=\"800\" \/>\n\t<meta property=\"og:image:type\" content=\"image\/jpeg\" \/>\n<meta name=\"author\" content=\"admin\" \/>\n<meta name=\"twitter:card\" content=\"summary_large_image\" \/>\n<meta name=\"twitter:label1\" content=\"Escrito por\" \/>\n\t<meta name=\"twitter:data1\" content=\"\" \/>\n\t<meta name=\"twitter:label2\" content=\"Tempo estimado de leitura\" \/>\n\t<meta name=\"twitter:data2\" content=\"2 minutos\" \/>\n<script type=\"application\/ld+json\" class=\"yoast-schema-graph\">{\"@context\":\"https:\\\/\\\/schema.org\",\"@graph\":[{\"@type\":\"Article\",\"@id\":\"https:\\\/\\\/www.decaracomaverdade.com.br\\\/noticias\\\/inicio\\\/morte-de-jovem-em-academia-acende-alerta-para-riscos-cardiacos\\\/#article\",\"isPartOf\":{\"@id\":\"https:\\\/\\\/www.decaracomaverdade.com.br\\\/noticias\\\/inicio\\\/morte-de-jovem-em-academia-acende-alerta-para-riscos-cardiacos\\\/\"},\"author\":{\"name\":\"admin\",\"@id\":\"https:\\\/\\\/www.decaracomaverdade.com.br\\\/noticias\\\/inicio\\\/#\\\/schema\\\/person\\\/57b3d7bc6204e8cb0524a8fe4e443f12\"},\"headline\":\"Morte de jovem em academia acende alerta para riscos card\u00edacos\",\"datePublished\":\"2026-08-14T20:41:25+00:00\",\"dateModified\":\"2026-08-21T21:03:23+00:00\",\"mainEntityOfPage\":{\"@id\":\"https:\\\/\\\/www.decaracomaverdade.com.br\\\/noticias\\\/inicio\\\/morte-de-jovem-em-academia-acende-alerta-para-riscos-cardiacos\\\/\"},\"wordCount\":374,\"image\":{\"@id\":\"https:\\\/\\\/www.decaracomaverdade.com.br\\\/noticias\\\/inicio\\\/morte-de-jovem-em-academia-acende-alerta-para-riscos-cardiacos\\\/#primaryimage\"},\"thumbnailUrl\":\"https:\\\/\\\/www.decaracomaverdade.com.br\\\/noticias\\\/wp-content\\\/uploads\\\/2026\\\/08\\\/Cella-doencas-cardiovasculares-1024x683.jpg\",\"articleSection\":[\"Sa\u00fade\"],\"inLanguage\":\"pt-PT\"},{\"@type\":\"WebPage\",\"@id\":\"https:\\\/\\\/www.decaracomaverdade.com.br\\\/noticias\\\/inicio\\\/morte-de-jovem-em-academia-acende-alerta-para-riscos-cardiacos\\\/\",\"url\":\"https:\\\/\\\/www.decaracomaverdade.com.br\\\/noticias\\\/inicio\\\/morte-de-jovem-em-academia-acende-alerta-para-riscos-cardiacos\\\/\",\"name\":\"Morte de jovem em academia acende alerta para riscos card\u00edacos - DE CARA COM A VERDADE\",\"isPartOf\":{\"@id\":\"https:\\\/\\\/www.decaracomaverdade.com.br\\\/noticias\\\/inicio\\\/#website\"},\"primaryImageOfPage\":{\"@id\":\"https:\\\/\\\/www.decaracomaverdade.com.br\\\/noticias\\\/inicio\\\/morte-de-jovem-em-academia-acende-alerta-para-riscos-cardiacos\\\/#primaryimage\"},\"image\":{\"@id\":\"https:\\\/\\\/www.decaracomaverdade.com.br\\\/noticias\\\/inicio\\\/morte-de-jovem-em-academia-acende-alerta-para-riscos-cardiacos\\\/#primaryimage\"},\"thumbnailUrl\":\"https:\\\/\\\/www.decaracomaverdade.com.br\\\/noticias\\\/wp-content\\\/uploads\\\/2026\\\/08\\\/Cella-doencas-cardiovasculares-1024x683.jpg\",\"datePublished\":\"2026-08-14T20:41:25+00:00\",\"dateModified\":\"2026-08-21T21:03:23+00:00\",\"author\":{\"@id\":\"https:\\\/\\\/www.decaracomaverdade.com.br\\\/noticias\\\/inicio\\\/#\\\/schema\\\/person\\\/57b3d7bc6204e8cb0524a8fe4e443f12\"},\"breadcrumb\":{\"@id\":\"https:\\\/\\\/www.decaracomaverdade.com.br\\\/noticias\\\/inicio\\\/morte-de-jovem-em-academia-acende-alerta-para-riscos-cardiacos\\\/#breadcrumb\"},\"inLanguage\":\"pt-PT\",\"potentialAction\":[{\"@type\":\"ReadAction\",\"target\":[\"https:\\\/\\\/www.decaracomaverdade.com.br\\\/noticias\\\/inicio\\\/morte-de-jovem-em-academia-acende-alerta-para-riscos-cardiacos\\\/\"]}]},{\"@type\":\"ImageObject\",\"inLanguage\":\"pt-PT\",\"@id\":\"https:\\\/\\\/www.decaracomaverdade.com.br\\\/noticias\\\/inicio\\\/morte-de-jovem-em-academia-acende-alerta-para-riscos-cardiacos\\\/#primaryimage\",\"url\":\"https:\\\/\\\/www.decaracomaverdade.com.br\\\/noticias\\\/wp-content\\\/uploads\\\/2026\\\/08\\\/Cella-doencas-cardiovasculares-1024x683.jpg\",\"contentUrl\":\"https:\\\/\\\/www.decaracomaverdade.com.br\\\/noticias\\\/wp-content\\\/uploads\\\/2026\\\/08\\\/Cella-doencas-cardiovasculares-1024x683.jpg\"},{\"@type\":\"BreadcrumbList\",\"@id\":\"https:\\\/\\\/www.decaracomaverdade.com.br\\\/noticias\\\/inicio\\\/morte-de-jovem-em-academia-acende-alerta-para-riscos-cardiacos\\\/#breadcrumb\",\"itemListElement\":[{\"@type\":\"ListItem\",\"position\":1,\"name\":\"In\u00edcio\",\"item\":\"https:\\\/\\\/www.decaracomaverdade.com.br\\\/noticias\\\/inicio\\\/\"},{\"@type\":\"ListItem\",\"position\":2,\"name\":\"Morte de jovem em academia acende alerta para riscos card\u00edacos\"}]},{\"@type\":\"WebSite\",\"@id\":\"https:\\\/\\\/www.decaracomaverdade.com.br\\\/noticias\\\/inicio\\\/#website\",\"url\":\"https:\\\/\\\/www.decaracomaverdade.com.br\\\/noticias\\\/inicio\\\/\",\"name\":\"DE CARA COM A VERDADE\",\"description\":\"Get The Most Freshy News Every Day\",\"potentialAction\":[{\"@type\":\"SearchAction\",\"target\":{\"@type\":\"EntryPoint\",\"urlTemplate\":\"https:\\\/\\\/www.decaracomaverdade.com.br\\\/noticias\\\/inicio\\\/?s={search_term_string}\"},\"query-input\":{\"@type\":\"PropertyValueSpecification\",\"valueRequired\":true,\"valueName\":\"search_term_string\"}}],\"inLanguage\":\"pt-PT\"},{\"@type\":\"Person\",\"@id\":\"https:\\\/\\\/www.decaracomaverdade.com.br\\\/noticias\\\/inicio\\\/#\\\/schema\\\/person\\\/57b3d7bc6204e8cb0524a8fe4e443f12\",\"name\":\"admin\",\"image\":{\"@type\":\"ImageObject\",\"inLanguage\":\"pt-PT\",\"@id\":\"https:\\\/\\\/secure.gravatar.com\\\/avatar\\\/a58535844e1157019c1c46d6fed66689c314ba5bed048d83012b7f39ae98a79c?s=96&d=mm&r=g\",\"url\":\"https:\\\/\\\/secure.gravatar.com\\\/avatar\\\/a58535844e1157019c1c46d6fed66689c314ba5bed048d83012b7f39ae98a79c?s=96&d=mm&r=g\",\"contentUrl\":\"https:\\\/\\\/secure.gravatar.com\\\/avatar\\\/a58535844e1157019c1c46d6fed66689c314ba5bed048d83012b7f39ae98a79c?s=96&d=mm&r=g\",\"caption\":\"admin\"},\"sameAs\":[\"https:\\\/\\\/www.decaracomaverdade.com.br\\\/noticias\"],\"url\":\"https:\\\/\\\/www.decaracomaverdade.com.br\\\/noticias\\\/inicio\\\/author\\\/admin\\\/\"}]}<\/script>\n<!-- \/ Yoast SEO plugin. -->","yoast_head_json":{"title":"Morte de jovem em academia acende alerta para riscos card\u00edacos - DE CARA COM A VERDADE","robots":{"index":"index","follow":"follow","max-snippet":"max-snippet:-1","max-image-preview":"max-image-preview:large","max-video-preview":"max-video-preview:-1"},"canonical":"https:\/\/www.decaracomaverdade.com.br\/noticias\/inicio\/morte-de-jovem-em-academia-acende-alerta-para-riscos-cardiacos\/","og_locale":"pt_PT","og_type":"article","og_title":"Morte de jovem em academia acende alerta para riscos card\u00edacos - DE CARA COM A VERDADE","og_description":"Outro caso de morte s\u00fabita aconteceu em uma academia de Fortaleza.Dessa vez, a v\u00edtima foi uma adolescente de","og_url":"https:\/\/www.decaracomaverdade.com.br\/noticias\/inicio\/morte-de-jovem-em-academia-acende-alerta-para-riscos-cardiacos\/","og_site_name":"DE CARA COM A VERDADE","article_published_time":"2026-08-14T20:41:25+00:00","article_modified_time":"2026-08-21T21:03:23+00:00","og_image":[{"width":1200,"height":800,"url":"https:\/\/www.decaracomaverdade.com.br\/noticias\/wp-content\/uploads\/2026\/08\/Cella-doencas-cardiovasculares.jpg","type":"image\/jpeg"}],"author":"admin","twitter_card":"summary_large_image","twitter_misc":{"Escrito por":false,"Tempo estimado de leitura":"2 minutos"},"schema":{"@context":"https:\/\/schema.org","@graph":[{"@type":"Article","@id":"https:\/\/www.decaracomaverdade.com.br\/noticias\/inicio\/morte-de-jovem-em-academia-acende-alerta-para-riscos-cardiacos\/#article","isPartOf":{"@id":"https:\/\/www.decaracomaverdade.com.br\/noticias\/inicio\/morte-de-jovem-em-academia-acende-alerta-para-riscos-cardiacos\/"},"author":{"name":"admin","@id":"https:\/\/www.decaracomaverdade.com.br\/noticias\/inicio\/#\/schema\/person\/57b3d7bc6204e8cb0524a8fe4e443f12"},"headline":"Morte de jovem em academia acende alerta para riscos card\u00edacos","datePublished":"2026-08-14T20:41:25+00:00","dateModified":"2026-08-21T21:03:23+00:00","mainEntityOfPage":{"@id":"https:\/\/www.decaracomaverdade.com.br\/noticias\/inicio\/morte-de-jovem-em-academia-acende-alerta-para-riscos-cardiacos\/"},"wordCount":374,"image":{"@id":"https:\/\/www.decaracomaverdade.com.br\/noticias\/inicio\/morte-de-jovem-em-academia-acende-alerta-para-riscos-cardiacos\/#primaryimage"},"thumbnailUrl":"https:\/\/www.decaracomaverdade.com.br\/noticias\/wp-content\/uploads\/2026\/08\/Cella-doencas-cardiovasculares-1024x683.jpg","articleSection":["Sa\u00fade"],"inLanguage":"pt-PT"},{"@type":"WebPage","@id":"https:\/\/www.decaracomaverdade.com.br\/noticias\/inicio\/morte-de-jovem-em-academia-acende-alerta-para-riscos-cardiacos\/","url":"https:\/\/www.decaracomaverdade.com.br\/noticias\/inicio\/morte-de-jovem-em-academia-acende-alerta-para-riscos-cardiacos\/","name":"Morte de jovem em academia acende alerta para riscos card\u00edacos - DE CARA COM A VERDADE","isPartOf":{"@id":"https:\/\/www.decaracomaverdade.com.br\/noticias\/inicio\/#website"},"primaryImageOfPage":{"@id":"https:\/\/www.decaracomaverdade.com.br\/noticias\/inicio\/morte-de-jovem-em-academia-acende-alerta-para-riscos-cardiacos\/#primaryimage"},"image":{"@id":"https:\/\/www.decaracomaverdade.com.br\/noticias\/inicio\/morte-de-jovem-em-academia-acende-alerta-para-riscos-cardiacos\/#primaryimage"},"thumbnailUrl":"https:\/\/www.decaracomaverdade.com.br\/noticias\/wp-content\/uploads\/2026\/08\/Cella-doencas-cardiovasculares-1024x683.jpg","datePublished":"2026-08-14T20:41:25+00:00","dateModified":"2026-08-21T21:03:23+00:00","author":{"@id":"https:\/\/www.decaracomaverdade.com.br\/noticias\/inicio\/#\/schema\/person\/57b3d7bc6204e8cb0524a8fe4e443f12"},"breadcrumb":{"@id":"https:\/\/www.decaracomaverdade.com.br\/noticias\/inicio\/morte-de-jovem-em-academia-acende-alerta-para-riscos-cardiacos\/#breadcrumb"},"inLanguage":"pt-PT","potentialAction":[{"@type":"ReadAction","target":["https:\/\/www.decaracomaverdade.com.br\/noticias\/inicio\/morte-de-jovem-em-academia-acende-alerta-para-riscos-cardiacos\/"]}]},{"@type":"ImageObject","inLanguage":"pt-PT","@id":"https:\/\/www.decaracomaverdade.com.br\/noticias\/inicio\/morte-de-jovem-em-academia-acende-alerta-para-riscos-cardiacos\/#primaryimage","url":"https:\/\/www.decaracomaverdade.com.br\/noticias\/wp-content\/uploads\/2026\/08\/Cella-doencas-cardiovasculares-1024x683.jpg","contentUrl":"https:\/\/www.decaracomaverdade.com.br\/noticias\/wp-content\/uploads\/2026\/08\/Cella-doencas-cardiovasculares-1024x683.jpg"},{"@type":"BreadcrumbList","@id":"https:\/\/www.decaracomaverdade.com.br\/noticias\/inicio\/morte-de-jovem-em-academia-acende-alerta-para-riscos-cardiacos\/#breadcrumb","itemListElement":[{"@type":"ListItem","position":1,"name":"In\u00edcio","item":"https:\/\/www.decaracomaverdade.com.br\/noticias\/inicio\/"},{"@type":"ListItem","position":2,"name":"Morte de jovem em academia acende alerta para riscos card\u00edacos"}]},{"@type":"WebSite","@id":"https:\/\/www.decaracomaverdade.com.br\/noticias\/inicio\/#website","url":"https:\/\/www.decaracomaverdade.com.br\/noticias\/inicio\/","name":"DE CARA COM A VERDADE","description":"Get The Most Freshy News Every Day","potentialAction":[{"@type":"SearchAction","target":{"@type":"EntryPoint","urlTemplate":"https:\/\/www.decaracomaverdade.com.br\/noticias\/inicio\/?s={search_term_string}"},"query-input":{"@type":"PropertyValueSpecification","valueRequired":true,"valueName":"search_term_string"}}],"inLanguage":"pt-PT"},{"@type":"Person","@id":"https:\/\/www.decaracomaverdade.com.br\/noticias\/inicio\/#\/schema\/person\/57b3d7bc6204e8cb0524a8fe4e443f12","name":"admin","image":{"@type":"ImageObject","inLanguage":"pt-PT","@id":"https:\/\/secure.gravatar.com\/avatar\/a58535844e1157019c1c46d6fed66689c314ba5bed048d83012b7f39ae98a79c?s=96&d=mm&r=g","url":"https:\/\/secure.gravatar.com\/avatar\/a58535844e1157019c1c46d6fed66689c314ba5bed048d83012b7f39ae98a79c?s=96&d=mm&r=g","contentUrl":"https:\/\/secure.gravatar.com\/avatar\/a58535844e1157019c1c46d6fed66689c314ba5bed048d83012b7f39ae98a79c?s=96&d=mm&r=g","caption":"admin"},"sameAs":["https:\/\/www.decaracomaverdade.com.br\/noticias"],"url":"https:\/\/www.decaracomaverdade.com.br\/noticias\/inicio\/author\/admin\/"}]}},"blog_post_layout_featured_media_urls":{"thumbnail":"","full":""},"categories_names":{"4":{"name":"Sa\u00fade","link":"https:\/\/www.decaracomaverdade.com.br\/noticias\/inicio\/category\/saude\/"}},"tags_names":[],"comments_number":"0","wpmagazine_modules_lite_featured_media_urls":{"thumbnail":"","cvmm-medium":"","cvmm-medium-plus":"","cvmm-portrait":"","cvmm-medium-square":"","cvmm-large":"","cvmm-small":"","full":""},"_links":{"self":[{"href":"https:\/\/www.decaracomaverdade.com.br\/noticias\/inicio\/wp-json\/wp\/v2\/posts\/12812","targetHints":{"allow":["GET"]}}],"collection":[{"href":"https:\/\/www.decaracomaverdade.com.br\/noticias\/inicio\/wp-json\/wp\/v2\/posts"}],"about":[{"href":"https:\/\/www.decaracomaverdade.com.br\/noticias\/inicio\/wp-json\/wp\/v2\/types\/post"}],"author":[{"embeddable":true,"href":"https:\/\/www.decaracomaverdade.com.br\/noticias\/inicio\/wp-json\/wp\/v2\/users\/1"}],"replies":[{"embeddable":true,"href":"https:\/\/www.decaracomaverdade.com.br\/noticias\/inicio\/wp-json\/wp\/v2\/comments?post=12812"}],"version-history":[{"count":4,"href":"https:\/\/www.decaracomaverdade.com.br\/noticias\/inicio\/wp-json\/wp\/v2\/posts\/12812\/revisions"}],"predecessor-version":[{"id":12817,"href":"https:\/\/www.decaracomaverdade.com.br\/noticias\/inicio\/wp-json\/wp\/v2\/posts\/12812\/revisions\/12817"}],"wp:attachment":[{"href":"https:\/\/www.decaracomaverdade.com.br\/noticias\/inicio\/wp-json\/wp\/v2\/media?parent=12812"}],"wp:term":[{"taxonomy":"category","embeddable":true,"href":"https:\/\/www.decaracomaverdade.com.br\/noticias\/inicio\/wp-json\/wp\/v2\/categories?post=12812"},{"taxonomy":"post_tag","embeddable":true,"href":"https:\/\/www.decaracomaverdade.com.br\/noticias\/inicio\/wp-json\/wp\/v2\/tags?post=12812"}],"curies":[{"name":"wp","href":"https:\/\/api.w.org\/{rel}","templated":true}]}}