{"id":12806,"date":"2026-08-07T20:26:07","date_gmt":"2026-08-07T20:26:07","guid":{"rendered":"https:\/\/www.decaracomaverdade.com.br\/noticias\/inicio\/?p=12806"},"modified":"2026-08-21T20:37:51","modified_gmt":"2026-08-21T20:37:51","slug":"ira-nao-reabrira-estreito-de-ormuz-ate-que-eua-cumpram-condicoes","status":"publish","type":"post","link":"https:\/\/www.decaracomaverdade.com.br\/noticias\/inicio\/ira-nao-reabrira-estreito-de-ormuz-ate-que-eua-cumpram-condicoes\/","title":{"rendered":"Ir\u00e3 n\u00e3o reabrir\u00e1 estreito de Ormuz at\u00e9 que EUA cumpram condi\u00e7\u00f5es"},"content":{"rendered":"\t\t<div data-elementor-type=\"wp-post\" data-elementor-id=\"12806\" class=\"elementor elementor-12806\">\n\t\t\t\t\t\t<section class=\"elementor-section elementor-top-section elementor-element elementor-element-dbd74dc elementor-section-boxed elementor-section-height-default elementor-section-height-default\" data-id=\"dbd74dc\" data-element_type=\"section\" data-e-type=\"section\">\n\t\t\t\t\t\t<div class=\"elementor-container elementor-column-gap-default\">\n\t\t\t\t\t<div class=\"elementor-column elementor-col-100 elementor-top-column elementor-element elementor-element-5424f32\" data-id=\"5424f32\" data-element_type=\"column\" data-e-type=\"column\">\n\t\t\t<div class=\"elementor-widget-wrap elementor-element-populated\">\n\t\t\t\t\t\t<div class=\"elementor-element elementor-element-9086590 elementor-widget elementor-widget-image\" data-id=\"9086590\" data-element_type=\"widget\" data-e-type=\"widget\" data-widget_type=\"image.default\">\n\t\t\t\t<div class=\"elementor-widget-container\">\n\t\t\t\t\t\t\t\t\t\t\t\t\t\t\t<img loading=\"lazy\" width=\"640\" height=\"383\" src=\"https:\/\/www.decaracomaverdade.com.br\/noticias\/wp-content\/uploads\/2026\/08\/2026-06-15t141233z_2031104704_rc25ulay2uek_rtrmadp_3_iran-crisis-stocks-1024x613.webp\" class=\"attachment-large size-large wp-image-12808\" alt=\"2026-06-15t141233z_2031104704_rc25ulay2uek_rtrmadp_3_iran-crisis-stocks\" srcset=\"https:\/\/www.decaracomaverdade.com.br\/noticias\/wp-content\/uploads\/2026\/08\/2026-06-15t141233z_2031104704_rc25ulay2uek_rtrmadp_3_iran-crisis-stocks-1024x613.webp 1024w, https:\/\/www.decaracomaverdade.com.br\/noticias\/wp-content\/uploads\/2026\/08\/2026-06-15t141233z_2031104704_rc25ulay2uek_rtrmadp_3_iran-crisis-stocks-300x179.webp 300w, https:\/\/www.decaracomaverdade.com.br\/noticias\/wp-content\/uploads\/2026\/08\/2026-06-15t141233z_2031104704_rc25ulay2uek_rtrmadp_3_iran-crisis-stocks-768x459.webp 768w, https:\/\/www.decaracomaverdade.com.br\/noticias\/wp-content\/uploads\/2026\/08\/2026-06-15t141233z_2031104704_rc25ulay2uek_rtrmadp_3_iran-crisis-stocks.webp 1170w\" sizes=\"auto, (max-width: 640px) 100vw, 640px\" loading=\"lazy\" decoding=\"async\" \/>\t\t\t\t\t\t\t\t\t\t\t\t\t\t\t<\/div>\n\t\t\t\t<\/div>\n\t\t\t\t<div class=\"elementor-element elementor-element-7a53dfe elementor-widget elementor-widget-text-editor\" data-id=\"7a53dfe\" data-element_type=\"widget\" data-e-type=\"widget\" data-widget_type=\"text-editor.default\">\n\t\t\t\t<div class=\"elementor-widget-container\">\n\t\t\t\t\t\t\t\t\t<p style=\"text-align: justify;\">O Ir\u00e3 anunciou que n\u00e3o vai reabrir o estreito de Ormuz at\u00e9 que os Estados Unidos cumpram condi\u00e7\u00f5es impostas pela Rep\u00fablica Isl\u00e2mica. Entre as exig\u00eancias, est\u00e3o o pagamento de indeniza\u00e7\u00e3o pelos danos causados pelos ataques ao pa\u00eds, a promessa de n\u00e3o voltar a declarar guerra contra o Ir\u00e3 e o desbloqueio de bens e ativos iranianos. O estreito de Ormuz foi interditado no in\u00edcio do conflito, e a interrup\u00e7\u00e3o do tr\u00e1fego pelo local provocou uma forte crise no mercado global de energia. Cerca de 20% do petr\u00f3leo comercializado no mundo passa pelo estreito.<img decoding=\"async\" src=\"https:\/\/agenciabrasil.ebc.com.br\/ebc.png?id=1699273&amp;o=node\" \/><img decoding=\"async\" src=\"https:\/\/agenciabrasil.ebc.com.br\/ebc.gif?id=1699273&amp;o=node\" \/><\/p><h3 style=\"text-align: justify;\">Ataque na R\u00fassia<\/h3><p style=\"text-align: justify;\">Um ataque ucraniano com drones matou 13 pessoas na regi\u00e3o do Tartarist\u00e3o, na R\u00fassia. Uma das v\u00edtimas era uma crian\u00e7a. A ofensiva tamb\u00e9m atingiu uma refinaria de petr\u00f3leo em Nizhnekamsk, considerada uma das mais avan\u00e7adas tecnologicamente do pa\u00eds. Autoridades locais afirmaram que \u00e1reas civis, como casas, tamb\u00e9m foram atingidas. A Ucr\u00e2nia tem intensificado os ataques contra refinarias e outras instala\u00e7\u00f5es de energia em territ\u00f3rio russo.<\/p><h3 style=\"text-align: justify;\">Tuf\u00e3o na China<\/h3><p style=\"text-align: justify;\">Um tuf\u00e3o com ventos de at\u00e9 150 km\/h provocou alagamentos na China e levou ao cancelamento de quase mil voos. Autoridades locais confirmaram mortes, mas n\u00e3o informaram o n\u00famero de v\u00edtimas nem de feridos. Em Xangai, ruas ficaram alagadas e o sistema de trens foi suspenso, assim como algumas linhas de metr\u00f4. A previs\u00e3o \u00e9 de mais chuvas torrenciais nesta ter\u00e7a-feira (11).<\/p><h3 style=\"text-align: justify;\">Tiros na Tail\u00e2ndia<\/h3><p style=\"text-align: justify;\">Um ataque a tiros em um escrit\u00f3rio do governo local deixou uma pessoa morta e outra ferida na Tail\u00e2ndia. A agress\u00e3o ocorreu em Nonthaburi, ao norte de Bangkok. O atirador foi preso. O caso acontece poucos dias depois de outro ataque a tiros, em uma escola da mesma prov\u00edncia, que tamb\u00e9m deixou mortos e feridos.<\/p>\t\t\t\t\t\t\t\t<\/div>\n\t\t\t\t<\/div>\n\t\t\t\t\t<\/div>\n\t\t<\/div>\n\t\t\t\t\t<\/div>\n\t\t<\/section>\n\t\t\t\t<\/div>\n\t\t","protected":false},"excerpt":{"rendered":"<p>O Ir\u00e3 anunciou que n\u00e3o vai reabrir o estreito de Ormuz at\u00e9 que os Estados Unidos cumpram condi\u00e7\u00f5es<\/p>\n","protected":false},"author":1,"featured_media":0,"comment_status":"closed","ping_status":"open","sticky":false,"template":"","format":"standard","meta":{"_eb_attr":"","footnotes":""},"categories":[10],"tags":[],"class_list":["post-12806","post","type-post","status-publish","format-standard","hentry","category-mundo"],"yoast_head":"<!-- This site is optimized with the Yoast SEO plugin v28.3 - https:\/\/yoast.com\/product\/yoast-seo-wordpress\/ -->\n<title>Ir\u00e3 n\u00e3o reabrir\u00e1 estreito de Ormuz at\u00e9 que EUA cumpram condi\u00e7\u00f5es - DE CARA COM A VERDADE<\/title>\n<meta name=\"robots\" content=\"index, follow, max-snippet:-1, max-image-preview:large, max-video-preview:-1\" \/>\n<link rel=\"canonical\" href=\"https:\/\/www.decaracomaverdade.com.br\/noticias\/inicio\/ira-nao-reabrira-estreito-de-ormuz-ate-que-eua-cumpram-condicoes\/\" \/>\n<meta property=\"og:locale\" content=\"pt_PT\" \/>\n<meta property=\"og:type\" content=\"article\" \/>\n<meta property=\"og:title\" content=\"Ir\u00e3 n\u00e3o reabrir\u00e1 estreito de Ormuz at\u00e9 que EUA cumpram condi\u00e7\u00f5es - DE CARA COM A VERDADE\" \/>\n<meta property=\"og:description\" content=\"O Ir\u00e3 anunciou que n\u00e3o vai reabrir o estreito de Ormuz at\u00e9 que os Estados Unidos cumpram condi\u00e7\u00f5es\" \/>\n<meta property=\"og:url\" content=\"https:\/\/www.decaracomaverdade.com.br\/noticias\/inicio\/ira-nao-reabrira-estreito-de-ormuz-ate-que-eua-cumpram-condicoes\/\" \/>\n<meta property=\"og:site_name\" content=\"DE CARA COM A VERDADE\" \/>\n<meta property=\"article:published_time\" content=\"2026-08-07T20:26:07+00:00\" \/>\n<meta property=\"article:modified_time\" content=\"2026-08-21T20:37:51+00:00\" \/>\n<meta property=\"og:image\" content=\"https:\/\/www.decaracomaverdade.com.br\/noticias\/wp-content\/uploads\/2026\/08\/2026-06-15t141233z_2031104704_rc25ulay2uek_rtrmadp_3_iran-crisis-stocks.webp\" \/>\n\t<meta property=\"og:image:width\" content=\"1170\" \/>\n\t<meta property=\"og:image:height\" content=\"700\" \/>\n\t<meta property=\"og:image:type\" content=\"image\/webp\" \/>\n<meta name=\"author\" content=\"admin\" \/>\n<meta name=\"twitter:card\" content=\"summary_large_image\" \/>\n<meta name=\"twitter:label1\" content=\"Escrito por\" \/>\n\t<meta name=\"twitter:data1\" content=\"\" \/>\n\t<meta name=\"twitter:label2\" content=\"Tempo estimado de leitura\" \/>\n\t<meta name=\"twitter:data2\" content=\"2 minutos\" \/>\n<script type=\"application\/ld+json\" class=\"yoast-schema-graph\">{\"@context\":\"https:\\\/\\\/schema.org\",\"@graph\":[{\"@type\":\"Article\",\"@id\":\"https:\\\/\\\/www.decaracomaverdade.com.br\\\/noticias\\\/inicio\\\/ira-nao-reabrira-estreito-de-ormuz-ate-que-eua-cumpram-condicoes\\\/#article\",\"isPartOf\":{\"@id\":\"https:\\\/\\\/www.decaracomaverdade.com.br\\\/noticias\\\/inicio\\\/ira-nao-reabrira-estreito-de-ormuz-ate-que-eua-cumpram-condicoes\\\/\"},\"author\":{\"name\":\"admin\",\"@id\":\"https:\\\/\\\/www.decaracomaverdade.com.br\\\/noticias\\\/inicio\\\/#\\\/schema\\\/person\\\/57b3d7bc6204e8cb0524a8fe4e443f12\"},\"headline\":\"Ir\u00e3 n\u00e3o reabrir\u00e1 estreito de Ormuz at\u00e9 que EUA cumpram condi\u00e7\u00f5es\",\"datePublished\":\"2026-08-07T20:26:07+00:00\",\"dateModified\":\"2026-08-21T20:37:51+00:00\",\"mainEntityOfPage\":{\"@id\":\"https:\\\/\\\/www.decaracomaverdade.com.br\\\/noticias\\\/inicio\\\/ira-nao-reabrira-estreito-de-ormuz-ate-que-eua-cumpram-condicoes\\\/\"},\"wordCount\":333,\"image\":{\"@id\":\"https:\\\/\\\/www.decaracomaverdade.com.br\\\/noticias\\\/inicio\\\/ira-nao-reabrira-estreito-de-ormuz-ate-que-eua-cumpram-condicoes\\\/#primaryimage\"},\"thumbnailUrl\":\"https:\\\/\\\/www.decaracomaverdade.com.br\\\/noticias\\\/wp-content\\\/uploads\\\/2026\\\/08\\\/2026-06-15t141233z_2031104704_rc25ulay2uek_rtrmadp_3_iran-crisis-stocks-1024x613.webp\",\"articleSection\":[\"Mundo\"],\"inLanguage\":\"pt-PT\"},{\"@type\":\"WebPage\",\"@id\":\"https:\\\/\\\/www.decaracomaverdade.com.br\\\/noticias\\\/inicio\\\/ira-nao-reabrira-estreito-de-ormuz-ate-que-eua-cumpram-condicoes\\\/\",\"url\":\"https:\\\/\\\/www.decaracomaverdade.com.br\\\/noticias\\\/inicio\\\/ira-nao-reabrira-estreito-de-ormuz-ate-que-eua-cumpram-condicoes\\\/\",\"name\":\"Ir\u00e3 n\u00e3o reabrir\u00e1 estreito de Ormuz at\u00e9 que EUA cumpram condi\u00e7\u00f5es - DE CARA COM A VERDADE\",\"isPartOf\":{\"@id\":\"https:\\\/\\\/www.decaracomaverdade.com.br\\\/noticias\\\/inicio\\\/#website\"},\"primaryImageOfPage\":{\"@id\":\"https:\\\/\\\/www.decaracomaverdade.com.br\\\/noticias\\\/inicio\\\/ira-nao-reabrira-estreito-de-ormuz-ate-que-eua-cumpram-condicoes\\\/#primaryimage\"},\"image\":{\"@id\":\"https:\\\/\\\/www.decaracomaverdade.com.br\\\/noticias\\\/inicio\\\/ira-nao-reabrira-estreito-de-ormuz-ate-que-eua-cumpram-condicoes\\\/#primaryimage\"},\"thumbnailUrl\":\"https:\\\/\\\/www.decaracomaverdade.com.br\\\/noticias\\\/wp-content\\\/uploads\\\/2026\\\/08\\\/2026-06-15t141233z_2031104704_rc25ulay2uek_rtrmadp_3_iran-crisis-stocks-1024x613.webp\",\"datePublished\":\"2026-08-07T20:26:07+00:00\",\"dateModified\":\"2026-08-21T20:37:51+00:00\",\"author\":{\"@id\":\"https:\\\/\\\/www.decaracomaverdade.com.br\\\/noticias\\\/inicio\\\/#\\\/schema\\\/person\\\/57b3d7bc6204e8cb0524a8fe4e443f12\"},\"breadcrumb\":{\"@id\":\"https:\\\/\\\/www.decaracomaverdade.com.br\\\/noticias\\\/inicio\\\/ira-nao-reabrira-estreito-de-ormuz-ate-que-eua-cumpram-condicoes\\\/#breadcrumb\"},\"inLanguage\":\"pt-PT\",\"potentialAction\":[{\"@type\":\"ReadAction\",\"target\":[\"https:\\\/\\\/www.decaracomaverdade.com.br\\\/noticias\\\/inicio\\\/ira-nao-reabrira-estreito-de-ormuz-ate-que-eua-cumpram-condicoes\\\/\"]}]},{\"@type\":\"ImageObject\",\"inLanguage\":\"pt-PT\",\"@id\":\"https:\\\/\\\/www.decaracomaverdade.com.br\\\/noticias\\\/inicio\\\/ira-nao-reabrira-estreito-de-ormuz-ate-que-eua-cumpram-condicoes\\\/#primaryimage\",\"url\":\"https:\\\/\\\/www.decaracomaverdade.com.br\\\/noticias\\\/wp-content\\\/uploads\\\/2026\\\/08\\\/2026-06-15t141233z_2031104704_rc25ulay2uek_rtrmadp_3_iran-crisis-stocks-1024x613.webp\",\"contentUrl\":\"https:\\\/\\\/www.decaracomaverdade.com.br\\\/noticias\\\/wp-content\\\/uploads\\\/2026\\\/08\\\/2026-06-15t141233z_2031104704_rc25ulay2uek_rtrmadp_3_iran-crisis-stocks-1024x613.webp\"},{\"@type\":\"BreadcrumbList\",\"@id\":\"https:\\\/\\\/www.decaracomaverdade.com.br\\\/noticias\\\/inicio\\\/ira-nao-reabrira-estreito-de-ormuz-ate-que-eua-cumpram-condicoes\\\/#breadcrumb\",\"itemListElement\":[{\"@type\":\"ListItem\",\"position\":1,\"name\":\"In\u00edcio\",\"item\":\"https:\\\/\\\/www.decaracomaverdade.com.br\\\/noticias\\\/inicio\\\/\"},{\"@type\":\"ListItem\",\"position\":2,\"name\":\"Ir\u00e3 n\u00e3o reabrir\u00e1 estreito de Ormuz at\u00e9 que EUA cumpram condi\u00e7\u00f5es\"}]},{\"@type\":\"WebSite\",\"@id\":\"https:\\\/\\\/www.decaracomaverdade.com.br\\\/noticias\\\/inicio\\\/#website\",\"url\":\"https:\\\/\\\/www.decaracomaverdade.com.br\\\/noticias\\\/inicio\\\/\",\"name\":\"DE CARA COM A VERDADE\",\"description\":\"Get The Most Freshy News Every Day\",\"potentialAction\":[{\"@type\":\"SearchAction\",\"target\":{\"@type\":\"EntryPoint\",\"urlTemplate\":\"https:\\\/\\\/www.decaracomaverdade.com.br\\\/noticias\\\/inicio\\\/?s={search_term_string}\"},\"query-input\":{\"@type\":\"PropertyValueSpecification\",\"valueRequired\":true,\"valueName\":\"search_term_string\"}}],\"inLanguage\":\"pt-PT\"},{\"@type\":\"Person\",\"@id\":\"https:\\\/\\\/www.decaracomaverdade.com.br\\\/noticias\\\/inicio\\\/#\\\/schema\\\/person\\\/57b3d7bc6204e8cb0524a8fe4e443f12\",\"name\":\"admin\",\"image\":{\"@type\":\"ImageObject\",\"inLanguage\":\"pt-PT\",\"@id\":\"https:\\\/\\\/secure.gravatar.com\\\/avatar\\\/a58535844e1157019c1c46d6fed66689c314ba5bed048d83012b7f39ae98a79c?s=96&d=mm&r=g\",\"url\":\"https:\\\/\\\/secure.gravatar.com\\\/avatar\\\/a58535844e1157019c1c46d6fed66689c314ba5bed048d83012b7f39ae98a79c?s=96&d=mm&r=g\",\"contentUrl\":\"https:\\\/\\\/secure.gravatar.com\\\/avatar\\\/a58535844e1157019c1c46d6fed66689c314ba5bed048d83012b7f39ae98a79c?s=96&d=mm&r=g\",\"caption\":\"admin\"},\"sameAs\":[\"https:\\\/\\\/www.decaracomaverdade.com.br\\\/noticias\"],\"url\":\"https:\\\/\\\/www.decaracomaverdade.com.br\\\/noticias\\\/inicio\\\/author\\\/admin\\\/\"}]}<\/script>\n<!-- \/ Yoast SEO plugin. -->","yoast_head_json":{"title":"Ir\u00e3 n\u00e3o reabrir\u00e1 estreito de Ormuz at\u00e9 que EUA cumpram condi\u00e7\u00f5es - DE CARA COM A VERDADE","robots":{"index":"index","follow":"follow","max-snippet":"max-snippet:-1","max-image-preview":"max-image-preview:large","max-video-preview":"max-video-preview:-1"},"canonical":"https:\/\/www.decaracomaverdade.com.br\/noticias\/inicio\/ira-nao-reabrira-estreito-de-ormuz-ate-que-eua-cumpram-condicoes\/","og_locale":"pt_PT","og_type":"article","og_title":"Ir\u00e3 n\u00e3o reabrir\u00e1 estreito de Ormuz at\u00e9 que EUA cumpram condi\u00e7\u00f5es - DE CARA COM A VERDADE","og_description":"O Ir\u00e3 anunciou que n\u00e3o vai reabrir o estreito de Ormuz at\u00e9 que os Estados Unidos cumpram condi\u00e7\u00f5es","og_url":"https:\/\/www.decaracomaverdade.com.br\/noticias\/inicio\/ira-nao-reabrira-estreito-de-ormuz-ate-que-eua-cumpram-condicoes\/","og_site_name":"DE CARA COM A VERDADE","article_published_time":"2026-08-07T20:26:07+00:00","article_modified_time":"2026-08-21T20:37:51+00:00","og_image":[{"width":1170,"height":700,"url":"https:\/\/www.decaracomaverdade.com.br\/noticias\/wp-content\/uploads\/2026\/08\/2026-06-15t141233z_2031104704_rc25ulay2uek_rtrmadp_3_iran-crisis-stocks.webp","type":"image\/webp"}],"author":"admin","twitter_card":"summary_large_image","twitter_misc":{"Escrito por":false,"Tempo estimado de leitura":"2 minutos"},"schema":{"@context":"https:\/\/schema.org","@graph":[{"@type":"Article","@id":"https:\/\/www.decaracomaverdade.com.br\/noticias\/inicio\/ira-nao-reabrira-estreito-de-ormuz-ate-que-eua-cumpram-condicoes\/#article","isPartOf":{"@id":"https:\/\/www.decaracomaverdade.com.br\/noticias\/inicio\/ira-nao-reabrira-estreito-de-ormuz-ate-que-eua-cumpram-condicoes\/"},"author":{"name":"admin","@id":"https:\/\/www.decaracomaverdade.com.br\/noticias\/inicio\/#\/schema\/person\/57b3d7bc6204e8cb0524a8fe4e443f12"},"headline":"Ir\u00e3 n\u00e3o reabrir\u00e1 estreito de Ormuz at\u00e9 que EUA cumpram condi\u00e7\u00f5es","datePublished":"2026-08-07T20:26:07+00:00","dateModified":"2026-08-21T20:37:51+00:00","mainEntityOfPage":{"@id":"https:\/\/www.decaracomaverdade.com.br\/noticias\/inicio\/ira-nao-reabrira-estreito-de-ormuz-ate-que-eua-cumpram-condicoes\/"},"wordCount":333,"image":{"@id":"https:\/\/www.decaracomaverdade.com.br\/noticias\/inicio\/ira-nao-reabrira-estreito-de-ormuz-ate-que-eua-cumpram-condicoes\/#primaryimage"},"thumbnailUrl":"https:\/\/www.decaracomaverdade.com.br\/noticias\/wp-content\/uploads\/2026\/08\/2026-06-15t141233z_2031104704_rc25ulay2uek_rtrmadp_3_iran-crisis-stocks-1024x613.webp","articleSection":["Mundo"],"inLanguage":"pt-PT"},{"@type":"WebPage","@id":"https:\/\/www.decaracomaverdade.com.br\/noticias\/inicio\/ira-nao-reabrira-estreito-de-ormuz-ate-que-eua-cumpram-condicoes\/","url":"https:\/\/www.decaracomaverdade.com.br\/noticias\/inicio\/ira-nao-reabrira-estreito-de-ormuz-ate-que-eua-cumpram-condicoes\/","name":"Ir\u00e3 n\u00e3o reabrir\u00e1 estreito de Ormuz at\u00e9 que EUA cumpram condi\u00e7\u00f5es - DE CARA COM A VERDADE","isPartOf":{"@id":"https:\/\/www.decaracomaverdade.com.br\/noticias\/inicio\/#website"},"primaryImageOfPage":{"@id":"https:\/\/www.decaracomaverdade.com.br\/noticias\/inicio\/ira-nao-reabrira-estreito-de-ormuz-ate-que-eua-cumpram-condicoes\/#primaryimage"},"image":{"@id":"https:\/\/www.decaracomaverdade.com.br\/noticias\/inicio\/ira-nao-reabrira-estreito-de-ormuz-ate-que-eua-cumpram-condicoes\/#primaryimage"},"thumbnailUrl":"https:\/\/www.decaracomaverdade.com.br\/noticias\/wp-content\/uploads\/2026\/08\/2026-06-15t141233z_2031104704_rc25ulay2uek_rtrmadp_3_iran-crisis-stocks-1024x613.webp","datePublished":"2026-08-07T20:26:07+00:00","dateModified":"2026-08-21T20:37:51+00:00","author":{"@id":"https:\/\/www.decaracomaverdade.com.br\/noticias\/inicio\/#\/schema\/person\/57b3d7bc6204e8cb0524a8fe4e443f12"},"breadcrumb":{"@id":"https:\/\/www.decaracomaverdade.com.br\/noticias\/inicio\/ira-nao-reabrira-estreito-de-ormuz-ate-que-eua-cumpram-condicoes\/#breadcrumb"},"inLanguage":"pt-PT","potentialAction":[{"@type":"ReadAction","target":["https:\/\/www.decaracomaverdade.com.br\/noticias\/inicio\/ira-nao-reabrira-estreito-de-ormuz-ate-que-eua-cumpram-condicoes\/"]}]},{"@type":"ImageObject","inLanguage":"pt-PT","@id":"https:\/\/www.decaracomaverdade.com.br\/noticias\/inicio\/ira-nao-reabrira-estreito-de-ormuz-ate-que-eua-cumpram-condicoes\/#primaryimage","url":"https:\/\/www.decaracomaverdade.com.br\/noticias\/wp-content\/uploads\/2026\/08\/2026-06-15t141233z_2031104704_rc25ulay2uek_rtrmadp_3_iran-crisis-stocks-1024x613.webp","contentUrl":"https:\/\/www.decaracomaverdade.com.br\/noticias\/wp-content\/uploads\/2026\/08\/2026-06-15t141233z_2031104704_rc25ulay2uek_rtrmadp_3_iran-crisis-stocks-1024x613.webp"},{"@type":"BreadcrumbList","@id":"https:\/\/www.decaracomaverdade.com.br\/noticias\/inicio\/ira-nao-reabrira-estreito-de-ormuz-ate-que-eua-cumpram-condicoes\/#breadcrumb","itemListElement":[{"@type":"ListItem","position":1,"name":"In\u00edcio","item":"https:\/\/www.decaracomaverdade.com.br\/noticias\/inicio\/"},{"@type":"ListItem","position":2,"name":"Ir\u00e3 n\u00e3o reabrir\u00e1 estreito de Ormuz at\u00e9 que EUA cumpram condi\u00e7\u00f5es"}]},{"@type":"WebSite","@id":"https:\/\/www.decaracomaverdade.com.br\/noticias\/inicio\/#website","url":"https:\/\/www.decaracomaverdade.com.br\/noticias\/inicio\/","name":"DE CARA COM A VERDADE","description":"Get The Most Freshy News Every Day","potentialAction":[{"@type":"SearchAction","target":{"@type":"EntryPoint","urlTemplate":"https:\/\/www.decaracomaverdade.com.br\/noticias\/inicio\/?s={search_term_string}"},"query-input":{"@type":"PropertyValueSpecification","valueRequired":true,"valueName":"search_term_string"}}],"inLanguage":"pt-PT"},{"@type":"Person","@id":"https:\/\/www.decaracomaverdade.com.br\/noticias\/inicio\/#\/schema\/person\/57b3d7bc6204e8cb0524a8fe4e443f12","name":"admin","image":{"@type":"ImageObject","inLanguage":"pt-PT","@id":"https:\/\/secure.gravatar.com\/avatar\/a58535844e1157019c1c46d6fed66689c314ba5bed048d83012b7f39ae98a79c?s=96&d=mm&r=g","url":"https:\/\/secure.gravatar.com\/avatar\/a58535844e1157019c1c46d6fed66689c314ba5bed048d83012b7f39ae98a79c?s=96&d=mm&r=g","contentUrl":"https:\/\/secure.gravatar.com\/avatar\/a58535844e1157019c1c46d6fed66689c314ba5bed048d83012b7f39ae98a79c?s=96&d=mm&r=g","caption":"admin"},"sameAs":["https:\/\/www.decaracomaverdade.com.br\/noticias"],"url":"https:\/\/www.decaracomaverdade.com.br\/noticias\/inicio\/author\/admin\/"}]}},"blog_post_layout_featured_media_urls":{"thumbnail":"","full":""},"categories_names":{"10":{"name":"Mundo","link":"https:\/\/www.decaracomaverdade.com.br\/noticias\/inicio\/category\/mundo\/"}},"tags_names":[],"comments_number":"0","wpmagazine_modules_lite_featured_media_urls":{"thumbnail":"","cvmm-medium":"","cvmm-medium-plus":"","cvmm-portrait":"","cvmm-medium-square":"","cvmm-large":"","cvmm-small":"","full":""},"_links":{"self":[{"href":"https:\/\/www.decaracomaverdade.com.br\/noticias\/inicio\/wp-json\/wp\/v2\/posts\/12806","targetHints":{"allow":["GET"]}}],"collection":[{"href":"https:\/\/www.decaracomaverdade.com.br\/noticias\/inicio\/wp-json\/wp\/v2\/posts"}],"about":[{"href":"https:\/\/www.decaracomaverdade.com.br\/noticias\/inicio\/wp-json\/wp\/v2\/types\/post"}],"author":[{"embeddable":true,"href":"https:\/\/www.decaracomaverdade.com.br\/noticias\/inicio\/wp-json\/wp\/v2\/users\/1"}],"replies":[{"embeddable":true,"href":"https:\/\/www.decaracomaverdade.com.br\/noticias\/inicio\/wp-json\/wp\/v2\/comments?post=12806"}],"version-history":[{"count":4,"href":"https:\/\/www.decaracomaverdade.com.br\/noticias\/inicio\/wp-json\/wp\/v2\/posts\/12806\/revisions"}],"predecessor-version":[{"id":12811,"href":"https:\/\/www.decaracomaverdade.com.br\/noticias\/inicio\/wp-json\/wp\/v2\/posts\/12806\/revisions\/12811"}],"wp:attachment":[{"href":"https:\/\/www.decaracomaverdade.com.br\/noticias\/inicio\/wp-json\/wp\/v2\/media?parent=12806"}],"wp:term":[{"taxonomy":"category","embeddable":true,"href":"https:\/\/www.decaracomaverdade.com.br\/noticias\/inicio\/wp-json\/wp\/v2\/categories?post=12806"},{"taxonomy":"post_tag","embeddable":true,"href":"https:\/\/www.decaracomaverdade.com.br\/noticias\/inicio\/wp-json\/wp\/v2\/tags?post=12806"}],"curies":[{"name":"wp","href":"https:\/\/api.w.org\/{rel}","templated":true}]}}