{"id":12781,"date":"2026-08-21T19:52:40","date_gmt":"2026-08-21T19:52:40","guid":{"rendered":"https:\/\/www.decaracomaverdade.com.br\/noticias\/inicio\/?p=12781"},"modified":"2026-08-21T19:53:41","modified_gmt":"2026-08-21T19:53:41","slug":"itapevi-nova-escola-estadual-do-vitapolis-tem-entrega-prevista-para-inicio-de-2027","status":"publish","type":"post","link":"https:\/\/www.decaracomaverdade.com.br\/noticias\/inicio\/itapevi-nova-escola-estadual-do-vitapolis-tem-entrega-prevista-para-inicio-de-2027\/","title":{"rendered":"Itapevi: Nova Escola Estadual do Vit\u00e1polis  tem entrega prevista para in\u00edcio de 2027"},"content":{"rendered":"\t\t<div data-elementor-type=\"wp-post\" data-elementor-id=\"12781\" class=\"elementor elementor-12781\">\n\t\t\t\t\t\t<section class=\"elementor-section elementor-top-section elementor-element elementor-element-08e821d elementor-section-boxed elementor-section-height-default elementor-section-height-default\" data-id=\"08e821d\" data-element_type=\"section\" data-e-type=\"section\">\n\t\t\t\t\t\t<div class=\"elementor-container elementor-column-gap-default\">\n\t\t\t\t\t<div class=\"elementor-column elementor-col-100 elementor-top-column elementor-element elementor-element-b649d56\" data-id=\"b649d56\" data-element_type=\"column\" data-e-type=\"column\">\n\t\t\t<div class=\"elementor-widget-wrap elementor-element-populated\">\n\t\t\t\t\t\t<div class=\"elementor-element elementor-element-328b1b8 elementor-widget elementor-widget-image\" data-id=\"328b1b8\" data-element_type=\"widget\" data-e-type=\"widget\" data-widget_type=\"image.default\">\n\t\t\t\t<div class=\"elementor-widget-container\">\n\t\t\t\t\t\t\t\t\t\t\t\t\t\t\t<img loading=\"lazy\" width=\"640\" height=\"480\" src=\"https:\/\/www.decaracomaverdade.com.br\/noticias\/wp-content\/uploads\/2026\/08\/Felipe-Barros-PMI-10-1024x768.jpg\" class=\"attachment-large size-large wp-image-12783\" alt=\"Felipe-Barros-PMI-10\" srcset=\"https:\/\/www.decaracomaverdade.com.br\/noticias\/wp-content\/uploads\/2026\/08\/Felipe-Barros-PMI-10-1024x768.jpg 1024w, https:\/\/www.decaracomaverdade.com.br\/noticias\/wp-content\/uploads\/2026\/08\/Felipe-Barros-PMI-10-300x225.jpg 300w, https:\/\/www.decaracomaverdade.com.br\/noticias\/wp-content\/uploads\/2026\/08\/Felipe-Barros-PMI-10-768x576.jpg 768w, https:\/\/www.decaracomaverdade.com.br\/noticias\/wp-content\/uploads\/2026\/08\/Felipe-Barros-PMI-10-1536x1152.jpg 1536w, https:\/\/www.decaracomaverdade.com.br\/noticias\/wp-content\/uploads\/2026\/08\/Felipe-Barros-PMI-10.jpg 2048w\" sizes=\"auto, (max-width: 640px) 100vw, 640px\" loading=\"lazy\" decoding=\"async\" \/>\t\t\t\t\t\t\t\t\t\t\t\t\t\t\t<\/div>\n\t\t\t\t<\/div>\n\t\t\t\t\t<\/div>\n\t\t<\/div>\n\t\t\t\t\t<\/div>\n\t\t<\/section>\n\t\t\t\t<section class=\"elementor-section elementor-top-section elementor-element elementor-element-b64821f elementor-section-boxed elementor-section-height-default elementor-section-height-default\" data-id=\"b64821f\" data-element_type=\"section\" data-e-type=\"section\">\n\t\t\t\t\t\t<div class=\"elementor-container elementor-column-gap-default\">\n\t\t\t\t\t<div class=\"elementor-column elementor-col-100 elementor-top-column elementor-element elementor-element-8a63399\" data-id=\"8a63399\" data-element_type=\"column\" data-e-type=\"column\">\n\t\t\t<div class=\"elementor-widget-wrap elementor-element-populated\">\n\t\t\t\t\t\t<div class=\"elementor-element elementor-element-05fd72c elementor-widget elementor-widget-text-editor\" data-id=\"05fd72c\" data-element_type=\"widget\" data-e-type=\"widget\" data-widget_type=\"text-editor.default\">\n\t\t\t\t<div class=\"elementor-widget-container\">\n\t\t\t\t\t\t\t\t\t<p style=\"text-align: justify;\">As obras da nova Escola Estadual do Vit\u00e1polis, em Itapevi, chegaram a 55% de execu\u00e7\u00e3o e t\u00eam previs\u00e3o de entrega para in\u00edcio de 2027. Localizada na Rua Nelson Ferreira da Costa, n\u00ba 780, a unidade atender\u00e1 estudantes a partir do 6\u00ba ano do Ensino Fundamental, em parceria entre a Prefeitura de Itapevi e o Governo do Estado de S\u00e3o Paulo.<\/p><p style=\"text-align: justify;\">Nesta etapa, os trabalhos avan\u00e7am para a execu\u00e7\u00e3o das \u00e1reas internas da escola. O fechamento das salas de aula dos primeiro e segundo andares j\u00e1 foi conclu\u00eddo, enquanto as equipes trabalham no fechamento do t\u00e9rreo, onde ficar\u00e3o espa\u00e7os como secretaria, coordena\u00e7\u00e3o, dire\u00e7\u00e3o, vice dire\u00e7\u00e3o, sala dos professores, banheiros, cozinha, p\u00e1tio, refeit\u00f3rio, cantina e demais ambientes de apoio.<\/p><p style=\"text-align: justify;\">Tamb\u00e9m est\u00e3o em andamento servi\u00e7os de instala\u00e7\u00f5es hidr\u00e1ulicas e el\u00e9tricas, al\u00e9m da infraestrutura para o sistema de ar-condicionado. Paralelamente, a obra avan\u00e7a para a cobertura da quadra poliesportiva e para os servi\u00e7os de infraestrutura interna e adequa\u00e7\u00e3o do n\u00edvel de acesso da unidade.<\/p><p style=\"text-align: justify;\"><strong>Estrutura para at\u00e9 600 estudantes<\/strong><\/p><p style=\"text-align: justify;\">A nova escola est\u00e1 sendo constru\u00edda em um terreno de 5.154,37 metros quadrados, cedido pela Prefeitura ao Estado de S\u00e3o Paulo, com 3.671,41 metros quadrados de \u00e1rea constru\u00edda.<\/p><p style=\"text-align: justify;\">O projeto prev\u00ea 12 salas de aula, sala de inform\u00e1tica, dois laborat\u00f3rios e uma quadra poliesportiva coberta de 622,07 metros quadrados. A unidade ter\u00e1 capacidade para atender at\u00e9 600 estudantes.<\/p><p style=\"text-align: justify;\">A escola funcionar\u00e1 em regime de tempo integral, das 8h \u00e0s 17h, ampliando a jornada escolar e possibilitando a oferta de atividades educacionais, culturais e esportivas aos alunos.<\/p><p style=\"text-align: justify;\"><strong>Demanda hist\u00f3rica do Vit\u00e1polis<\/strong><\/p><p style=\"text-align: justify;\">A constru\u00e7\u00e3o da unidade atende a uma demanda antiga da popula\u00e7\u00e3o do bairro. O projeto avan\u00e7ou ap\u00f3s o Governo do Estado autorizar, em julho de 2025, a abertura do processo licitat\u00f3rio para a constru\u00e7\u00e3o da escola. O aviso foi publicado no Di\u00e1rio Oficial do Estado de S\u00e3o Paulo pela Funda\u00e7\u00e3o para o Desenvolvimento da Educa\u00e7\u00e3o (FDE).<\/p><p style=\"text-align: justify;\">Antes disso, a Prefeitura j\u00e1 havia iniciado os procedimentos para viabilizar a implanta\u00e7\u00e3o da unidade. Em 2021, foi publicado o Decreto n\u00ba 5.628, que declarou de utilidade p\u00fablica o terreno destinado \u00e0 obra. Em seguida, a Lei n\u00ba 3.011, de 24 de mar\u00e7o de 2022, autorizou a doa\u00e7\u00e3o da \u00e1rea ao Estado de S\u00e3o Paulo.<\/p><p style=\"text-align: justify;\">A partir da doa\u00e7\u00e3o do terreno, a execu\u00e7\u00e3o do projeto passou \u00e0 responsabilidade do Governo do Estado. A implanta\u00e7\u00e3o da escola continuou sendo tratada pelo munic\u00edpio em reuni\u00f5es e audi\u00eancias com o Governo Estadual at\u00e9 a autoriza\u00e7\u00e3o e contrata\u00e7\u00e3o da obra.<\/p>\t\t\t\t\t\t\t\t<\/div>\n\t\t\t\t<\/div>\n\t\t\t\t\t<\/div>\n\t\t<\/div>\n\t\t\t\t\t<\/div>\n\t\t<\/section>\n\t\t\t\t<\/div>\n\t\t","protected":false},"excerpt":{"rendered":"<p>As obras da nova Escola Estadual do Vit\u00e1polis, em Itapevi, chegaram a 55% de execu\u00e7\u00e3o e t\u00eam previs\u00e3o<\/p>\n","protected":false},"author":1,"featured_media":0,"comment_status":"closed","ping_status":"open","sticky":false,"template":"","format":"standard","meta":{"_eb_attr":"","footnotes":""},"categories":[3],"tags":[],"class_list":["post-12781","post","type-post","status-publish","format-standard","hentry","category-cidades"],"yoast_head":"<!-- This site is optimized with the Yoast SEO plugin v28.3 - https:\/\/yoast.com\/product\/yoast-seo-wordpress\/ -->\n<title>Itapevi: Nova Escola Estadual do Vit\u00e1polis tem entrega prevista para in\u00edcio de 2027 - DE CARA COM A VERDADE<\/title>\n<meta name=\"robots\" content=\"index, follow, max-snippet:-1, max-image-preview:large, max-video-preview:-1\" \/>\n<link rel=\"canonical\" href=\"https:\/\/www.decaracomaverdade.com.br\/noticias\/inicio\/itapevi-nova-escola-estadual-do-vitapolis-tem-entrega-prevista-para-inicio-de-2027\/\" \/>\n<meta property=\"og:locale\" content=\"pt_PT\" \/>\n<meta property=\"og:type\" content=\"article\" \/>\n<meta property=\"og:title\" content=\"Itapevi: Nova Escola Estadual do Vit\u00e1polis tem entrega prevista para in\u00edcio de 2027 - DE CARA COM A VERDADE\" \/>\n<meta property=\"og:description\" content=\"As obras da nova Escola Estadual do Vit\u00e1polis, em Itapevi, chegaram a 55% de execu\u00e7\u00e3o e t\u00eam previs\u00e3o\" \/>\n<meta property=\"og:url\" content=\"https:\/\/www.decaracomaverdade.com.br\/noticias\/inicio\/itapevi-nova-escola-estadual-do-vitapolis-tem-entrega-prevista-para-inicio-de-2027\/\" \/>\n<meta property=\"og:site_name\" content=\"DE CARA COM A VERDADE\" \/>\n<meta property=\"article:published_time\" content=\"2026-08-21T19:52:40+00:00\" \/>\n<meta property=\"article:modified_time\" content=\"2026-08-21T19:53:41+00:00\" \/>\n<meta property=\"og:image\" content=\"https:\/\/www.decaracomaverdade.com.br\/noticias\/wp-content\/uploads\/2026\/08\/Felipe-Barros-PMI-10.jpg\" \/>\n\t<meta property=\"og:image:width\" content=\"2048\" \/>\n\t<meta property=\"og:image:height\" content=\"1536\" \/>\n\t<meta property=\"og:image:type\" content=\"image\/jpeg\" \/>\n<meta name=\"author\" content=\"admin\" \/>\n<meta name=\"twitter:card\" content=\"summary_large_image\" \/>\n<meta name=\"twitter:label1\" content=\"Escrito por\" \/>\n\t<meta name=\"twitter:data1\" content=\"\" \/>\n\t<meta name=\"twitter:label2\" content=\"Tempo estimado de leitura\" \/>\n\t<meta name=\"twitter:data2\" content=\"2 minutos\" \/>\n<script type=\"application\/ld+json\" class=\"yoast-schema-graph\">{\"@context\":\"https:\\\/\\\/schema.org\",\"@graph\":[{\"@type\":\"Article\",\"@id\":\"https:\\\/\\\/www.decaracomaverdade.com.br\\\/noticias\\\/inicio\\\/itapevi-nova-escola-estadual-do-vitapolis-tem-entrega-prevista-para-inicio-de-2027\\\/#article\",\"isPartOf\":{\"@id\":\"https:\\\/\\\/www.decaracomaverdade.com.br\\\/noticias\\\/inicio\\\/itapevi-nova-escola-estadual-do-vitapolis-tem-entrega-prevista-para-inicio-de-2027\\\/\"},\"author\":{\"name\":\"admin\",\"@id\":\"https:\\\/\\\/www.decaracomaverdade.com.br\\\/noticias\\\/inicio\\\/#\\\/schema\\\/person\\\/57b3d7bc6204e8cb0524a8fe4e443f12\"},\"headline\":\"Itapevi: Nova Escola Estadual do Vit\u00e1polis tem entrega prevista para in\u00edcio de 2027\",\"datePublished\":\"2026-08-21T19:52:40+00:00\",\"dateModified\":\"2026-08-21T19:53:41+00:00\",\"mainEntityOfPage\":{\"@id\":\"https:\\\/\\\/www.decaracomaverdade.com.br\\\/noticias\\\/inicio\\\/itapevi-nova-escola-estadual-do-vitapolis-tem-entrega-prevista-para-inicio-de-2027\\\/\"},\"wordCount\":461,\"image\":{\"@id\":\"https:\\\/\\\/www.decaracomaverdade.com.br\\\/noticias\\\/inicio\\\/itapevi-nova-escola-estadual-do-vitapolis-tem-entrega-prevista-para-inicio-de-2027\\\/#primaryimage\"},\"thumbnailUrl\":\"https:\\\/\\\/www.decaracomaverdade.com.br\\\/noticias\\\/wp-content\\\/uploads\\\/2026\\\/08\\\/Felipe-Barros-PMI-10-1024x768.jpg\",\"articleSection\":[\"Cidades\"],\"inLanguage\":\"pt-PT\"},{\"@type\":\"WebPage\",\"@id\":\"https:\\\/\\\/www.decaracomaverdade.com.br\\\/noticias\\\/inicio\\\/itapevi-nova-escola-estadual-do-vitapolis-tem-entrega-prevista-para-inicio-de-2027\\\/\",\"url\":\"https:\\\/\\\/www.decaracomaverdade.com.br\\\/noticias\\\/inicio\\\/itapevi-nova-escola-estadual-do-vitapolis-tem-entrega-prevista-para-inicio-de-2027\\\/\",\"name\":\"Itapevi: Nova Escola Estadual do Vit\u00e1polis tem entrega prevista para in\u00edcio de 2027 - DE CARA COM A VERDADE\",\"isPartOf\":{\"@id\":\"https:\\\/\\\/www.decaracomaverdade.com.br\\\/noticias\\\/inicio\\\/#website\"},\"primaryImageOfPage\":{\"@id\":\"https:\\\/\\\/www.decaracomaverdade.com.br\\\/noticias\\\/inicio\\\/itapevi-nova-escola-estadual-do-vitapolis-tem-entrega-prevista-para-inicio-de-2027\\\/#primaryimage\"},\"image\":{\"@id\":\"https:\\\/\\\/www.decaracomaverdade.com.br\\\/noticias\\\/inicio\\\/itapevi-nova-escola-estadual-do-vitapolis-tem-entrega-prevista-para-inicio-de-2027\\\/#primaryimage\"},\"thumbnailUrl\":\"https:\\\/\\\/www.decaracomaverdade.com.br\\\/noticias\\\/wp-content\\\/uploads\\\/2026\\\/08\\\/Felipe-Barros-PMI-10-1024x768.jpg\",\"datePublished\":\"2026-08-21T19:52:40+00:00\",\"dateModified\":\"2026-08-21T19:53:41+00:00\",\"author\":{\"@id\":\"https:\\\/\\\/www.decaracomaverdade.com.br\\\/noticias\\\/inicio\\\/#\\\/schema\\\/person\\\/57b3d7bc6204e8cb0524a8fe4e443f12\"},\"breadcrumb\":{\"@id\":\"https:\\\/\\\/www.decaracomaverdade.com.br\\\/noticias\\\/inicio\\\/itapevi-nova-escola-estadual-do-vitapolis-tem-entrega-prevista-para-inicio-de-2027\\\/#breadcrumb\"},\"inLanguage\":\"pt-PT\",\"potentialAction\":[{\"@type\":\"ReadAction\",\"target\":[\"https:\\\/\\\/www.decaracomaverdade.com.br\\\/noticias\\\/inicio\\\/itapevi-nova-escola-estadual-do-vitapolis-tem-entrega-prevista-para-inicio-de-2027\\\/\"]}]},{\"@type\":\"ImageObject\",\"inLanguage\":\"pt-PT\",\"@id\":\"https:\\\/\\\/www.decaracomaverdade.com.br\\\/noticias\\\/inicio\\\/itapevi-nova-escola-estadual-do-vitapolis-tem-entrega-prevista-para-inicio-de-2027\\\/#primaryimage\",\"url\":\"https:\\\/\\\/www.decaracomaverdade.com.br\\\/noticias\\\/wp-content\\\/uploads\\\/2026\\\/08\\\/Felipe-Barros-PMI-10-1024x768.jpg\",\"contentUrl\":\"https:\\\/\\\/www.decaracomaverdade.com.br\\\/noticias\\\/wp-content\\\/uploads\\\/2026\\\/08\\\/Felipe-Barros-PMI-10-1024x768.jpg\"},{\"@type\":\"BreadcrumbList\",\"@id\":\"https:\\\/\\\/www.decaracomaverdade.com.br\\\/noticias\\\/inicio\\\/itapevi-nova-escola-estadual-do-vitapolis-tem-entrega-prevista-para-inicio-de-2027\\\/#breadcrumb\",\"itemListElement\":[{\"@type\":\"ListItem\",\"position\":1,\"name\":\"In\u00edcio\",\"item\":\"https:\\\/\\\/www.decaracomaverdade.com.br\\\/noticias\\\/inicio\\\/\"},{\"@type\":\"ListItem\",\"position\":2,\"name\":\"Itapevi: Nova Escola Estadual do Vit\u00e1polis tem entrega prevista para in\u00edcio de 2027\"}]},{\"@type\":\"WebSite\",\"@id\":\"https:\\\/\\\/www.decaracomaverdade.com.br\\\/noticias\\\/inicio\\\/#website\",\"url\":\"https:\\\/\\\/www.decaracomaverdade.com.br\\\/noticias\\\/inicio\\\/\",\"name\":\"DE CARA COM A VERDADE\",\"description\":\"Get The Most Freshy News Every Day\",\"potentialAction\":[{\"@type\":\"SearchAction\",\"target\":{\"@type\":\"EntryPoint\",\"urlTemplate\":\"https:\\\/\\\/www.decaracomaverdade.com.br\\\/noticias\\\/inicio\\\/?s={search_term_string}\"},\"query-input\":{\"@type\":\"PropertyValueSpecification\",\"valueRequired\":true,\"valueName\":\"search_term_string\"}}],\"inLanguage\":\"pt-PT\"},{\"@type\":\"Person\",\"@id\":\"https:\\\/\\\/www.decaracomaverdade.com.br\\\/noticias\\\/inicio\\\/#\\\/schema\\\/person\\\/57b3d7bc6204e8cb0524a8fe4e443f12\",\"name\":\"admin\",\"image\":{\"@type\":\"ImageObject\",\"inLanguage\":\"pt-PT\",\"@id\":\"https:\\\/\\\/secure.gravatar.com\\\/avatar\\\/a58535844e1157019c1c46d6fed66689c314ba5bed048d83012b7f39ae98a79c?s=96&d=mm&r=g\",\"url\":\"https:\\\/\\\/secure.gravatar.com\\\/avatar\\\/a58535844e1157019c1c46d6fed66689c314ba5bed048d83012b7f39ae98a79c?s=96&d=mm&r=g\",\"contentUrl\":\"https:\\\/\\\/secure.gravatar.com\\\/avatar\\\/a58535844e1157019c1c46d6fed66689c314ba5bed048d83012b7f39ae98a79c?s=96&d=mm&r=g\",\"caption\":\"admin\"},\"sameAs\":[\"https:\\\/\\\/www.decaracomaverdade.com.br\\\/noticias\"],\"url\":\"https:\\\/\\\/www.decaracomaverdade.com.br\\\/noticias\\\/inicio\\\/author\\\/admin\\\/\"}]}<\/script>\n<!-- \/ Yoast SEO plugin. -->","yoast_head_json":{"title":"Itapevi: Nova Escola Estadual do Vit\u00e1polis tem entrega prevista para in\u00edcio de 2027 - DE CARA COM A VERDADE","robots":{"index":"index","follow":"follow","max-snippet":"max-snippet:-1","max-image-preview":"max-image-preview:large","max-video-preview":"max-video-preview:-1"},"canonical":"https:\/\/www.decaracomaverdade.com.br\/noticias\/inicio\/itapevi-nova-escola-estadual-do-vitapolis-tem-entrega-prevista-para-inicio-de-2027\/","og_locale":"pt_PT","og_type":"article","og_title":"Itapevi: Nova Escola Estadual do Vit\u00e1polis tem entrega prevista para in\u00edcio de 2027 - DE CARA COM A VERDADE","og_description":"As obras da nova Escola Estadual do Vit\u00e1polis, em Itapevi, chegaram a 55% de execu\u00e7\u00e3o e t\u00eam previs\u00e3o","og_url":"https:\/\/www.decaracomaverdade.com.br\/noticias\/inicio\/itapevi-nova-escola-estadual-do-vitapolis-tem-entrega-prevista-para-inicio-de-2027\/","og_site_name":"DE CARA COM A VERDADE","article_published_time":"2026-08-21T19:52:40+00:00","article_modified_time":"2026-08-21T19:53:41+00:00","og_image":[{"width":2048,"height":1536,"url":"https:\/\/www.decaracomaverdade.com.br\/noticias\/wp-content\/uploads\/2026\/08\/Felipe-Barros-PMI-10.jpg","type":"image\/jpeg"}],"author":"admin","twitter_card":"summary_large_image","twitter_misc":{"Escrito por":false,"Tempo estimado de leitura":"2 minutos"},"schema":{"@context":"https:\/\/schema.org","@graph":[{"@type":"Article","@id":"https:\/\/www.decaracomaverdade.com.br\/noticias\/inicio\/itapevi-nova-escola-estadual-do-vitapolis-tem-entrega-prevista-para-inicio-de-2027\/#article","isPartOf":{"@id":"https:\/\/www.decaracomaverdade.com.br\/noticias\/inicio\/itapevi-nova-escola-estadual-do-vitapolis-tem-entrega-prevista-para-inicio-de-2027\/"},"author":{"name":"admin","@id":"https:\/\/www.decaracomaverdade.com.br\/noticias\/inicio\/#\/schema\/person\/57b3d7bc6204e8cb0524a8fe4e443f12"},"headline":"Itapevi: Nova Escola Estadual do Vit\u00e1polis tem entrega prevista para in\u00edcio de 2027","datePublished":"2026-08-21T19:52:40+00:00","dateModified":"2026-08-21T19:53:41+00:00","mainEntityOfPage":{"@id":"https:\/\/www.decaracomaverdade.com.br\/noticias\/inicio\/itapevi-nova-escola-estadual-do-vitapolis-tem-entrega-prevista-para-inicio-de-2027\/"},"wordCount":461,"image":{"@id":"https:\/\/www.decaracomaverdade.com.br\/noticias\/inicio\/itapevi-nova-escola-estadual-do-vitapolis-tem-entrega-prevista-para-inicio-de-2027\/#primaryimage"},"thumbnailUrl":"https:\/\/www.decaracomaverdade.com.br\/noticias\/wp-content\/uploads\/2026\/08\/Felipe-Barros-PMI-10-1024x768.jpg","articleSection":["Cidades"],"inLanguage":"pt-PT"},{"@type":"WebPage","@id":"https:\/\/www.decaracomaverdade.com.br\/noticias\/inicio\/itapevi-nova-escola-estadual-do-vitapolis-tem-entrega-prevista-para-inicio-de-2027\/","url":"https:\/\/www.decaracomaverdade.com.br\/noticias\/inicio\/itapevi-nova-escola-estadual-do-vitapolis-tem-entrega-prevista-para-inicio-de-2027\/","name":"Itapevi: Nova Escola Estadual do Vit\u00e1polis tem entrega prevista para in\u00edcio de 2027 - DE CARA COM A VERDADE","isPartOf":{"@id":"https:\/\/www.decaracomaverdade.com.br\/noticias\/inicio\/#website"},"primaryImageOfPage":{"@id":"https:\/\/www.decaracomaverdade.com.br\/noticias\/inicio\/itapevi-nova-escola-estadual-do-vitapolis-tem-entrega-prevista-para-inicio-de-2027\/#primaryimage"},"image":{"@id":"https:\/\/www.decaracomaverdade.com.br\/noticias\/inicio\/itapevi-nova-escola-estadual-do-vitapolis-tem-entrega-prevista-para-inicio-de-2027\/#primaryimage"},"thumbnailUrl":"https:\/\/www.decaracomaverdade.com.br\/noticias\/wp-content\/uploads\/2026\/08\/Felipe-Barros-PMI-10-1024x768.jpg","datePublished":"2026-08-21T19:52:40+00:00","dateModified":"2026-08-21T19:53:41+00:00","author":{"@id":"https:\/\/www.decaracomaverdade.com.br\/noticias\/inicio\/#\/schema\/person\/57b3d7bc6204e8cb0524a8fe4e443f12"},"breadcrumb":{"@id":"https:\/\/www.decaracomaverdade.com.br\/noticias\/inicio\/itapevi-nova-escola-estadual-do-vitapolis-tem-entrega-prevista-para-inicio-de-2027\/#breadcrumb"},"inLanguage":"pt-PT","potentialAction":[{"@type":"ReadAction","target":["https:\/\/www.decaracomaverdade.com.br\/noticias\/inicio\/itapevi-nova-escola-estadual-do-vitapolis-tem-entrega-prevista-para-inicio-de-2027\/"]}]},{"@type":"ImageObject","inLanguage":"pt-PT","@id":"https:\/\/www.decaracomaverdade.com.br\/noticias\/inicio\/itapevi-nova-escola-estadual-do-vitapolis-tem-entrega-prevista-para-inicio-de-2027\/#primaryimage","url":"https:\/\/www.decaracomaverdade.com.br\/noticias\/wp-content\/uploads\/2026\/08\/Felipe-Barros-PMI-10-1024x768.jpg","contentUrl":"https:\/\/www.decaracomaverdade.com.br\/noticias\/wp-content\/uploads\/2026\/08\/Felipe-Barros-PMI-10-1024x768.jpg"},{"@type":"BreadcrumbList","@id":"https:\/\/www.decaracomaverdade.com.br\/noticias\/inicio\/itapevi-nova-escola-estadual-do-vitapolis-tem-entrega-prevista-para-inicio-de-2027\/#breadcrumb","itemListElement":[{"@type":"ListItem","position":1,"name":"In\u00edcio","item":"https:\/\/www.decaracomaverdade.com.br\/noticias\/inicio\/"},{"@type":"ListItem","position":2,"name":"Itapevi: Nova Escola Estadual do Vit\u00e1polis tem entrega prevista para in\u00edcio de 2027"}]},{"@type":"WebSite","@id":"https:\/\/www.decaracomaverdade.com.br\/noticias\/inicio\/#website","url":"https:\/\/www.decaracomaverdade.com.br\/noticias\/inicio\/","name":"DE CARA COM A VERDADE","description":"Get The Most Freshy News Every Day","potentialAction":[{"@type":"SearchAction","target":{"@type":"EntryPoint","urlTemplate":"https:\/\/www.decaracomaverdade.com.br\/noticias\/inicio\/?s={search_term_string}"},"query-input":{"@type":"PropertyValueSpecification","valueRequired":true,"valueName":"search_term_string"}}],"inLanguage":"pt-PT"},{"@type":"Person","@id":"https:\/\/www.decaracomaverdade.com.br\/noticias\/inicio\/#\/schema\/person\/57b3d7bc6204e8cb0524a8fe4e443f12","name":"admin","image":{"@type":"ImageObject","inLanguage":"pt-PT","@id":"https:\/\/secure.gravatar.com\/avatar\/a58535844e1157019c1c46d6fed66689c314ba5bed048d83012b7f39ae98a79c?s=96&d=mm&r=g","url":"https:\/\/secure.gravatar.com\/avatar\/a58535844e1157019c1c46d6fed66689c314ba5bed048d83012b7f39ae98a79c?s=96&d=mm&r=g","contentUrl":"https:\/\/secure.gravatar.com\/avatar\/a58535844e1157019c1c46d6fed66689c314ba5bed048d83012b7f39ae98a79c?s=96&d=mm&r=g","caption":"admin"},"sameAs":["https:\/\/www.decaracomaverdade.com.br\/noticias"],"url":"https:\/\/www.decaracomaverdade.com.br\/noticias\/inicio\/author\/admin\/"}]}},"blog_post_layout_featured_media_urls":{"thumbnail":"","full":""},"categories_names":{"3":{"name":"Cidades","link":"https:\/\/www.decaracomaverdade.com.br\/noticias\/inicio\/category\/cidades\/"}},"tags_names":[],"comments_number":"0","wpmagazine_modules_lite_featured_media_urls":{"thumbnail":"","cvmm-medium":"","cvmm-medium-plus":"","cvmm-portrait":"","cvmm-medium-square":"","cvmm-large":"","cvmm-small":"","full":""},"_links":{"self":[{"href":"https:\/\/www.decaracomaverdade.com.br\/noticias\/inicio\/wp-json\/wp\/v2\/posts\/12781","targetHints":{"allow":["GET"]}}],"collection":[{"href":"https:\/\/www.decaracomaverdade.com.br\/noticias\/inicio\/wp-json\/wp\/v2\/posts"}],"about":[{"href":"https:\/\/www.decaracomaverdade.com.br\/noticias\/inicio\/wp-json\/wp\/v2\/types\/post"}],"author":[{"embeddable":true,"href":"https:\/\/www.decaracomaverdade.com.br\/noticias\/inicio\/wp-json\/wp\/v2\/users\/1"}],"replies":[{"embeddable":true,"href":"https:\/\/www.decaracomaverdade.com.br\/noticias\/inicio\/wp-json\/wp\/v2\/comments?post=12781"}],"version-history":[{"count":4,"href":"https:\/\/www.decaracomaverdade.com.br\/noticias\/inicio\/wp-json\/wp\/v2\/posts\/12781\/revisions"}],"predecessor-version":[{"id":12786,"href":"https:\/\/www.decaracomaverdade.com.br\/noticias\/inicio\/wp-json\/wp\/v2\/posts\/12781\/revisions\/12786"}],"wp:attachment":[{"href":"https:\/\/www.decaracomaverdade.com.br\/noticias\/inicio\/wp-json\/wp\/v2\/media?parent=12781"}],"wp:term":[{"taxonomy":"category","embeddable":true,"href":"https:\/\/www.decaracomaverdade.com.br\/noticias\/inicio\/wp-json\/wp\/v2\/categories?post=12781"},{"taxonomy":"post_tag","embeddable":true,"href":"https:\/\/www.decaracomaverdade.com.br\/noticias\/inicio\/wp-json\/wp\/v2\/tags?post=12781"}],"curies":[{"name":"wp","href":"https:\/\/api.w.org\/{rel}","templated":true}]}}