{"id":12775,"date":"2026-08-21T19:47:23","date_gmt":"2026-08-21T19:47:23","guid":{"rendered":"https:\/\/www.decaracomaverdade.com.br\/noticias\/inicio\/?p=12775"},"modified":"2026-08-21T19:49:44","modified_gmt":"2026-08-21T19:49:44","slug":"guarulhos-saude-leva-vacimovel-ao-terminal-pimentas-para-vacinacao-contra-sarampo-e-gripe","status":"publish","type":"post","link":"https:\/\/www.decaracomaverdade.com.br\/noticias\/inicio\/guarulhos-saude-leva-vacimovel-ao-terminal-pimentas-para-vacinacao-contra-sarampo-e-gripe\/","title":{"rendered":"Guarulhos: Sa\u00fade leva Vacim\u00f3vel ao Terminal Pimentas para vacina\u00e7\u00e3o contra sarampo e gripe"},"content":{"rendered":"\t\t<div data-elementor-type=\"wp-post\" data-elementor-id=\"12775\" class=\"elementor elementor-12775\">\n\t\t\t\t\t\t<section class=\"elementor-section elementor-top-section elementor-element elementor-element-9bfd772 elementor-section-boxed elementor-section-height-default elementor-section-height-default\" data-id=\"9bfd772\" data-element_type=\"section\" data-e-type=\"section\">\n\t\t\t\t\t\t<div class=\"elementor-container elementor-column-gap-default\">\n\t\t\t\t\t<div class=\"elementor-column elementor-col-100 elementor-top-column elementor-element elementor-element-1684a0f\" data-id=\"1684a0f\" data-element_type=\"column\" data-e-type=\"column\">\n\t\t\t<div class=\"elementor-widget-wrap elementor-element-populated\">\n\t\t\t\t\t\t<div class=\"elementor-element elementor-element-80a65b3 elementor-widget elementor-widget-image\" data-id=\"80a65b3\" data-element_type=\"widget\" data-e-type=\"widget\" data-widget_type=\"image.default\">\n\t\t\t\t<div class=\"elementor-widget-container\">\n\t\t\t\t\t\t\t\t\t\t\t\t\t\t\t<img loading=\"lazy\" width=\"509\" height=\"340\" src=\"https:\/\/www.decaracomaverdade.com.br\/noticias\/wp-content\/uploads\/2026\/08\/Vacimovel-Terminal-Taboao_Marcio-Lino-_12_.jpg\" class=\"attachment-large size-large wp-image-12777\" alt=\"Vacim\u00f3vel-Terminal-Tabo\u00e3o_Marcio-Lino-_12_\" srcset=\"https:\/\/www.decaracomaverdade.com.br\/noticias\/wp-content\/uploads\/2026\/08\/Vacimovel-Terminal-Taboao_Marcio-Lino-_12_.jpg 509w, https:\/\/www.decaracomaverdade.com.br\/noticias\/wp-content\/uploads\/2026\/08\/Vacimovel-Terminal-Taboao_Marcio-Lino-_12_-300x200.jpg 300w\" sizes=\"auto, (max-width: 509px) 100vw, 509px\" loading=\"lazy\" decoding=\"async\" \/>\t\t\t\t\t\t\t\t\t\t\t\t\t\t\t<\/div>\n\t\t\t\t<\/div>\n\t\t\t\t\t<\/div>\n\t\t<\/div>\n\t\t\t\t\t<\/div>\n\t\t<\/section>\n\t\t\t\t<section class=\"elementor-section elementor-top-section elementor-element elementor-element-4cac7f2 elementor-section-boxed elementor-section-height-default elementor-section-height-default\" data-id=\"4cac7f2\" data-element_type=\"section\" data-e-type=\"section\">\n\t\t\t\t\t\t<div class=\"elementor-container elementor-column-gap-default\">\n\t\t\t\t\t<div class=\"elementor-column elementor-col-100 elementor-top-column elementor-element elementor-element-a401240\" data-id=\"a401240\" data-element_type=\"column\" data-e-type=\"column\">\n\t\t\t<div class=\"elementor-widget-wrap elementor-element-populated\">\n\t\t\t\t\t\t<div class=\"elementor-element elementor-element-0880c4a elementor-widget elementor-widget-text-editor\" data-id=\"0880c4a\" data-element_type=\"widget\" data-e-type=\"widget\" data-widget_type=\"text-editor.default\">\n\t\t\t\t<div class=\"elementor-widget-container\">\n\t\t\t\t\t\t\t\t\t<p style=\"text-align: justify;\">A Prefeitura de Guarulhos continua ampliando o acesso \u00e0 vacina\u00e7\u00e3o com as a\u00e7\u00f5es do Vacim\u00f3vel. Na pr\u00f3xima semana, de segunda (24) a sexta-feira (28), a unidade estar\u00e1 no Terminal Pimentas oferecendo vacinas contra o sarampo e a influenza (gripe), das 9h \u00e0s 16h.<\/p><p style=\"text-align: justify;\">A iniciativa tem como objetivo facilitar o acesso da popula\u00e7\u00e3o \u00e0 imuniza\u00e7\u00e3o, levando os servi\u00e7os de sa\u00fade para locais de grande circula\u00e7\u00e3o de pessoas.<br \/>Durante a a\u00e7\u00e3o, os moradores poder\u00e3o aproveitar a passagem pelo terminal para verificar a situa\u00e7\u00e3o vacinal e receber os imunizantes dispon\u00edveis, conforme os crit\u00e9rios estabelecidos pelo Minist\u00e9rio da Sa\u00fade e pela Secretaria da Sa\u00fade.<\/p><p style=\"text-align: justify;\">A estrat\u00e9gia faz parte das a\u00e7\u00f5es cont\u00ednuas da Prefeitura para ampliar a cobertura vacinal no munic\u00edpio.<\/p><p style=\"text-align: justify;\"><strong>Servi\u00e7o<\/strong><\/p><p style=\"text-align: justify;\">Local: Terminal Pimentas<br \/>Endere\u00e7o: Estrada Presidente Juscelino Kubitschek de Oliveira \u2013 Pimentas &#8211; Guarulhos<br \/>Per\u00edodo: 24 a 28 de agosto (segunda a sexta-feira)<br \/>Hor\u00e1rio: das 9h \u00e0s 16h<br \/>Vacinas: sarampo e influenza (gripe)<\/p>\t\t\t\t\t\t\t\t<\/div>\n\t\t\t\t<\/div>\n\t\t\t\t\t<\/div>\n\t\t<\/div>\n\t\t\t\t\t<\/div>\n\t\t<\/section>\n\t\t\t\t<\/div>\n\t\t","protected":false},"excerpt":{"rendered":"<p>A Prefeitura de Guarulhos continua ampliando o acesso \u00e0 vacina\u00e7\u00e3o com as a\u00e7\u00f5es do Vacim\u00f3vel. Na pr\u00f3xima semana,<\/p>\n","protected":false},"author":1,"featured_media":0,"comment_status":"closed","ping_status":"open","sticky":false,"template":"","format":"standard","meta":{"_eb_attr":"","footnotes":""},"categories":[3],"tags":[],"class_list":["post-12775","post","type-post","status-publish","format-standard","hentry","category-cidades"],"yoast_head":"<!-- This site is optimized with the Yoast SEO plugin v28.3 - https:\/\/yoast.com\/product\/yoast-seo-wordpress\/ -->\n<title>Guarulhos: Sa\u00fade leva Vacim\u00f3vel ao Terminal Pimentas para vacina\u00e7\u00e3o contra sarampo e gripe - DE CARA COM A VERDADE<\/title>\n<meta name=\"robots\" content=\"index, follow, max-snippet:-1, max-image-preview:large, max-video-preview:-1\" \/>\n<link rel=\"canonical\" href=\"https:\/\/www.decaracomaverdade.com.br\/noticias\/inicio\/guarulhos-saude-leva-vacimovel-ao-terminal-pimentas-para-vacinacao-contra-sarampo-e-gripe\/\" \/>\n<meta property=\"og:locale\" content=\"pt_PT\" \/>\n<meta property=\"og:type\" content=\"article\" \/>\n<meta property=\"og:title\" content=\"Guarulhos: Sa\u00fade leva Vacim\u00f3vel ao Terminal Pimentas para vacina\u00e7\u00e3o contra sarampo e gripe - DE CARA COM A VERDADE\" \/>\n<meta property=\"og:description\" content=\"A Prefeitura de Guarulhos continua ampliando o acesso \u00e0 vacina\u00e7\u00e3o com as a\u00e7\u00f5es do Vacim\u00f3vel. Na pr\u00f3xima semana,\" \/>\n<meta property=\"og:url\" content=\"https:\/\/www.decaracomaverdade.com.br\/noticias\/inicio\/guarulhos-saude-leva-vacimovel-ao-terminal-pimentas-para-vacinacao-contra-sarampo-e-gripe\/\" \/>\n<meta property=\"og:site_name\" content=\"DE CARA COM A VERDADE\" \/>\n<meta property=\"article:published_time\" content=\"2026-08-21T19:47:23+00:00\" \/>\n<meta property=\"article:modified_time\" content=\"2026-08-21T19:49:44+00:00\" \/>\n<meta property=\"og:image\" content=\"https:\/\/www.decaracomaverdade.com.br\/noticias\/wp-content\/uploads\/2026\/08\/Vacimovel-Terminal-Taboao_Marcio-Lino-_12_.jpg\" \/>\n\t<meta property=\"og:image:width\" content=\"509\" \/>\n\t<meta property=\"og:image:height\" content=\"340\" \/>\n\t<meta property=\"og:image:type\" content=\"image\/jpeg\" \/>\n<meta name=\"author\" content=\"admin\" \/>\n<meta name=\"twitter:card\" content=\"summary_large_image\" \/>\n<meta name=\"twitter:label1\" content=\"Escrito por\" \/>\n\t<meta name=\"twitter:data1\" content=\"\" \/>\n\t<meta name=\"twitter:label2\" content=\"Tempo estimado de leitura\" \/>\n\t<meta name=\"twitter:data2\" content=\"1 minuto\" \/>\n<script type=\"application\/ld+json\" class=\"yoast-schema-graph\">{\"@context\":\"https:\\\/\\\/schema.org\",\"@graph\":[{\"@type\":\"Article\",\"@id\":\"https:\\\/\\\/www.decaracomaverdade.com.br\\\/noticias\\\/inicio\\\/guarulhos-saude-leva-vacimovel-ao-terminal-pimentas-para-vacinacao-contra-sarampo-e-gripe\\\/#article\",\"isPartOf\":{\"@id\":\"https:\\\/\\\/www.decaracomaverdade.com.br\\\/noticias\\\/inicio\\\/guarulhos-saude-leva-vacimovel-ao-terminal-pimentas-para-vacinacao-contra-sarampo-e-gripe\\\/\"},\"author\":{\"name\":\"admin\",\"@id\":\"https:\\\/\\\/www.decaracomaverdade.com.br\\\/noticias\\\/inicio\\\/#\\\/schema\\\/person\\\/57b3d7bc6204e8cb0524a8fe4e443f12\"},\"headline\":\"Guarulhos: Sa\u00fade leva Vacim\u00f3vel ao Terminal Pimentas para vacina\u00e7\u00e3o contra sarampo e gripe\",\"datePublished\":\"2026-08-21T19:47:23+00:00\",\"dateModified\":\"2026-08-21T19:49:44+00:00\",\"mainEntityOfPage\":{\"@id\":\"https:\\\/\\\/www.decaracomaverdade.com.br\\\/noticias\\\/inicio\\\/guarulhos-saude-leva-vacimovel-ao-terminal-pimentas-para-vacinacao-contra-sarampo-e-gripe\\\/\"},\"wordCount\":182,\"image\":{\"@id\":\"https:\\\/\\\/www.decaracomaverdade.com.br\\\/noticias\\\/inicio\\\/guarulhos-saude-leva-vacimovel-ao-terminal-pimentas-para-vacinacao-contra-sarampo-e-gripe\\\/#primaryimage\"},\"thumbnailUrl\":\"https:\\\/\\\/www.decaracomaverdade.com.br\\\/noticias\\\/wp-content\\\/uploads\\\/2026\\\/08\\\/Vacimovel-Terminal-Taboao_Marcio-Lino-_12_.jpg\",\"articleSection\":[\"Cidades\"],\"inLanguage\":\"pt-PT\"},{\"@type\":\"WebPage\",\"@id\":\"https:\\\/\\\/www.decaracomaverdade.com.br\\\/noticias\\\/inicio\\\/guarulhos-saude-leva-vacimovel-ao-terminal-pimentas-para-vacinacao-contra-sarampo-e-gripe\\\/\",\"url\":\"https:\\\/\\\/www.decaracomaverdade.com.br\\\/noticias\\\/inicio\\\/guarulhos-saude-leva-vacimovel-ao-terminal-pimentas-para-vacinacao-contra-sarampo-e-gripe\\\/\",\"name\":\"Guarulhos: Sa\u00fade leva Vacim\u00f3vel ao Terminal Pimentas para vacina\u00e7\u00e3o contra sarampo e gripe - DE CARA COM A VERDADE\",\"isPartOf\":{\"@id\":\"https:\\\/\\\/www.decaracomaverdade.com.br\\\/noticias\\\/inicio\\\/#website\"},\"primaryImageOfPage\":{\"@id\":\"https:\\\/\\\/www.decaracomaverdade.com.br\\\/noticias\\\/inicio\\\/guarulhos-saude-leva-vacimovel-ao-terminal-pimentas-para-vacinacao-contra-sarampo-e-gripe\\\/#primaryimage\"},\"image\":{\"@id\":\"https:\\\/\\\/www.decaracomaverdade.com.br\\\/noticias\\\/inicio\\\/guarulhos-saude-leva-vacimovel-ao-terminal-pimentas-para-vacinacao-contra-sarampo-e-gripe\\\/#primaryimage\"},\"thumbnailUrl\":\"https:\\\/\\\/www.decaracomaverdade.com.br\\\/noticias\\\/wp-content\\\/uploads\\\/2026\\\/08\\\/Vacimovel-Terminal-Taboao_Marcio-Lino-_12_.jpg\",\"datePublished\":\"2026-08-21T19:47:23+00:00\",\"dateModified\":\"2026-08-21T19:49:44+00:00\",\"author\":{\"@id\":\"https:\\\/\\\/www.decaracomaverdade.com.br\\\/noticias\\\/inicio\\\/#\\\/schema\\\/person\\\/57b3d7bc6204e8cb0524a8fe4e443f12\"},\"breadcrumb\":{\"@id\":\"https:\\\/\\\/www.decaracomaverdade.com.br\\\/noticias\\\/inicio\\\/guarulhos-saude-leva-vacimovel-ao-terminal-pimentas-para-vacinacao-contra-sarampo-e-gripe\\\/#breadcrumb\"},\"inLanguage\":\"pt-PT\",\"potentialAction\":[{\"@type\":\"ReadAction\",\"target\":[\"https:\\\/\\\/www.decaracomaverdade.com.br\\\/noticias\\\/inicio\\\/guarulhos-saude-leva-vacimovel-ao-terminal-pimentas-para-vacinacao-contra-sarampo-e-gripe\\\/\"]}]},{\"@type\":\"ImageObject\",\"inLanguage\":\"pt-PT\",\"@id\":\"https:\\\/\\\/www.decaracomaverdade.com.br\\\/noticias\\\/inicio\\\/guarulhos-saude-leva-vacimovel-ao-terminal-pimentas-para-vacinacao-contra-sarampo-e-gripe\\\/#primaryimage\",\"url\":\"https:\\\/\\\/www.decaracomaverdade.com.br\\\/noticias\\\/wp-content\\\/uploads\\\/2026\\\/08\\\/Vacimovel-Terminal-Taboao_Marcio-Lino-_12_.jpg\",\"contentUrl\":\"https:\\\/\\\/www.decaracomaverdade.com.br\\\/noticias\\\/wp-content\\\/uploads\\\/2026\\\/08\\\/Vacimovel-Terminal-Taboao_Marcio-Lino-_12_.jpg\"},{\"@type\":\"BreadcrumbList\",\"@id\":\"https:\\\/\\\/www.decaracomaverdade.com.br\\\/noticias\\\/inicio\\\/guarulhos-saude-leva-vacimovel-ao-terminal-pimentas-para-vacinacao-contra-sarampo-e-gripe\\\/#breadcrumb\",\"itemListElement\":[{\"@type\":\"ListItem\",\"position\":1,\"name\":\"In\u00edcio\",\"item\":\"https:\\\/\\\/www.decaracomaverdade.com.br\\\/noticias\\\/inicio\\\/\"},{\"@type\":\"ListItem\",\"position\":2,\"name\":\"Guarulhos: Sa\u00fade leva Vacim\u00f3vel ao Terminal Pimentas para vacina\u00e7\u00e3o contra sarampo e gripe\"}]},{\"@type\":\"WebSite\",\"@id\":\"https:\\\/\\\/www.decaracomaverdade.com.br\\\/noticias\\\/inicio\\\/#website\",\"url\":\"https:\\\/\\\/www.decaracomaverdade.com.br\\\/noticias\\\/inicio\\\/\",\"name\":\"DE CARA COM A VERDADE\",\"description\":\"Get The Most Freshy News Every Day\",\"potentialAction\":[{\"@type\":\"SearchAction\",\"target\":{\"@type\":\"EntryPoint\",\"urlTemplate\":\"https:\\\/\\\/www.decaracomaverdade.com.br\\\/noticias\\\/inicio\\\/?s={search_term_string}\"},\"query-input\":{\"@type\":\"PropertyValueSpecification\",\"valueRequired\":true,\"valueName\":\"search_term_string\"}}],\"inLanguage\":\"pt-PT\"},{\"@type\":\"Person\",\"@id\":\"https:\\\/\\\/www.decaracomaverdade.com.br\\\/noticias\\\/inicio\\\/#\\\/schema\\\/person\\\/57b3d7bc6204e8cb0524a8fe4e443f12\",\"name\":\"admin\",\"image\":{\"@type\":\"ImageObject\",\"inLanguage\":\"pt-PT\",\"@id\":\"https:\\\/\\\/secure.gravatar.com\\\/avatar\\\/a58535844e1157019c1c46d6fed66689c314ba5bed048d83012b7f39ae98a79c?s=96&d=mm&r=g\",\"url\":\"https:\\\/\\\/secure.gravatar.com\\\/avatar\\\/a58535844e1157019c1c46d6fed66689c314ba5bed048d83012b7f39ae98a79c?s=96&d=mm&r=g\",\"contentUrl\":\"https:\\\/\\\/secure.gravatar.com\\\/avatar\\\/a58535844e1157019c1c46d6fed66689c314ba5bed048d83012b7f39ae98a79c?s=96&d=mm&r=g\",\"caption\":\"admin\"},\"sameAs\":[\"https:\\\/\\\/www.decaracomaverdade.com.br\\\/noticias\"],\"url\":\"https:\\\/\\\/www.decaracomaverdade.com.br\\\/noticias\\\/inicio\\\/author\\\/admin\\\/\"}]}<\/script>\n<!-- \/ Yoast SEO plugin. -->","yoast_head_json":{"title":"Guarulhos: Sa\u00fade leva Vacim\u00f3vel ao Terminal Pimentas para vacina\u00e7\u00e3o contra sarampo e gripe - DE CARA COM A VERDADE","robots":{"index":"index","follow":"follow","max-snippet":"max-snippet:-1","max-image-preview":"max-image-preview:large","max-video-preview":"max-video-preview:-1"},"canonical":"https:\/\/www.decaracomaverdade.com.br\/noticias\/inicio\/guarulhos-saude-leva-vacimovel-ao-terminal-pimentas-para-vacinacao-contra-sarampo-e-gripe\/","og_locale":"pt_PT","og_type":"article","og_title":"Guarulhos: Sa\u00fade leva Vacim\u00f3vel ao Terminal Pimentas para vacina\u00e7\u00e3o contra sarampo e gripe - DE CARA COM A VERDADE","og_description":"A Prefeitura de Guarulhos continua ampliando o acesso \u00e0 vacina\u00e7\u00e3o com as a\u00e7\u00f5es do Vacim\u00f3vel. Na pr\u00f3xima semana,","og_url":"https:\/\/www.decaracomaverdade.com.br\/noticias\/inicio\/guarulhos-saude-leva-vacimovel-ao-terminal-pimentas-para-vacinacao-contra-sarampo-e-gripe\/","og_site_name":"DE CARA COM A VERDADE","article_published_time":"2026-08-21T19:47:23+00:00","article_modified_time":"2026-08-21T19:49:44+00:00","og_image":[{"width":509,"height":340,"url":"https:\/\/www.decaracomaverdade.com.br\/noticias\/wp-content\/uploads\/2026\/08\/Vacimovel-Terminal-Taboao_Marcio-Lino-_12_.jpg","type":"image\/jpeg"}],"author":"admin","twitter_card":"summary_large_image","twitter_misc":{"Escrito por":false,"Tempo estimado de leitura":"1 minuto"},"schema":{"@context":"https:\/\/schema.org","@graph":[{"@type":"Article","@id":"https:\/\/www.decaracomaverdade.com.br\/noticias\/inicio\/guarulhos-saude-leva-vacimovel-ao-terminal-pimentas-para-vacinacao-contra-sarampo-e-gripe\/#article","isPartOf":{"@id":"https:\/\/www.decaracomaverdade.com.br\/noticias\/inicio\/guarulhos-saude-leva-vacimovel-ao-terminal-pimentas-para-vacinacao-contra-sarampo-e-gripe\/"},"author":{"name":"admin","@id":"https:\/\/www.decaracomaverdade.com.br\/noticias\/inicio\/#\/schema\/person\/57b3d7bc6204e8cb0524a8fe4e443f12"},"headline":"Guarulhos: Sa\u00fade leva Vacim\u00f3vel ao Terminal Pimentas para vacina\u00e7\u00e3o contra sarampo e gripe","datePublished":"2026-08-21T19:47:23+00:00","dateModified":"2026-08-21T19:49:44+00:00","mainEntityOfPage":{"@id":"https:\/\/www.decaracomaverdade.com.br\/noticias\/inicio\/guarulhos-saude-leva-vacimovel-ao-terminal-pimentas-para-vacinacao-contra-sarampo-e-gripe\/"},"wordCount":182,"image":{"@id":"https:\/\/www.decaracomaverdade.com.br\/noticias\/inicio\/guarulhos-saude-leva-vacimovel-ao-terminal-pimentas-para-vacinacao-contra-sarampo-e-gripe\/#primaryimage"},"thumbnailUrl":"https:\/\/www.decaracomaverdade.com.br\/noticias\/wp-content\/uploads\/2026\/08\/Vacimovel-Terminal-Taboao_Marcio-Lino-_12_.jpg","articleSection":["Cidades"],"inLanguage":"pt-PT"},{"@type":"WebPage","@id":"https:\/\/www.decaracomaverdade.com.br\/noticias\/inicio\/guarulhos-saude-leva-vacimovel-ao-terminal-pimentas-para-vacinacao-contra-sarampo-e-gripe\/","url":"https:\/\/www.decaracomaverdade.com.br\/noticias\/inicio\/guarulhos-saude-leva-vacimovel-ao-terminal-pimentas-para-vacinacao-contra-sarampo-e-gripe\/","name":"Guarulhos: Sa\u00fade leva Vacim\u00f3vel ao Terminal Pimentas para vacina\u00e7\u00e3o contra sarampo e gripe - DE CARA COM A VERDADE","isPartOf":{"@id":"https:\/\/www.decaracomaverdade.com.br\/noticias\/inicio\/#website"},"primaryImageOfPage":{"@id":"https:\/\/www.decaracomaverdade.com.br\/noticias\/inicio\/guarulhos-saude-leva-vacimovel-ao-terminal-pimentas-para-vacinacao-contra-sarampo-e-gripe\/#primaryimage"},"image":{"@id":"https:\/\/www.decaracomaverdade.com.br\/noticias\/inicio\/guarulhos-saude-leva-vacimovel-ao-terminal-pimentas-para-vacinacao-contra-sarampo-e-gripe\/#primaryimage"},"thumbnailUrl":"https:\/\/www.decaracomaverdade.com.br\/noticias\/wp-content\/uploads\/2026\/08\/Vacimovel-Terminal-Taboao_Marcio-Lino-_12_.jpg","datePublished":"2026-08-21T19:47:23+00:00","dateModified":"2026-08-21T19:49:44+00:00","author":{"@id":"https:\/\/www.decaracomaverdade.com.br\/noticias\/inicio\/#\/schema\/person\/57b3d7bc6204e8cb0524a8fe4e443f12"},"breadcrumb":{"@id":"https:\/\/www.decaracomaverdade.com.br\/noticias\/inicio\/guarulhos-saude-leva-vacimovel-ao-terminal-pimentas-para-vacinacao-contra-sarampo-e-gripe\/#breadcrumb"},"inLanguage":"pt-PT","potentialAction":[{"@type":"ReadAction","target":["https:\/\/www.decaracomaverdade.com.br\/noticias\/inicio\/guarulhos-saude-leva-vacimovel-ao-terminal-pimentas-para-vacinacao-contra-sarampo-e-gripe\/"]}]},{"@type":"ImageObject","inLanguage":"pt-PT","@id":"https:\/\/www.decaracomaverdade.com.br\/noticias\/inicio\/guarulhos-saude-leva-vacimovel-ao-terminal-pimentas-para-vacinacao-contra-sarampo-e-gripe\/#primaryimage","url":"https:\/\/www.decaracomaverdade.com.br\/noticias\/wp-content\/uploads\/2026\/08\/Vacimovel-Terminal-Taboao_Marcio-Lino-_12_.jpg","contentUrl":"https:\/\/www.decaracomaverdade.com.br\/noticias\/wp-content\/uploads\/2026\/08\/Vacimovel-Terminal-Taboao_Marcio-Lino-_12_.jpg"},{"@type":"BreadcrumbList","@id":"https:\/\/www.decaracomaverdade.com.br\/noticias\/inicio\/guarulhos-saude-leva-vacimovel-ao-terminal-pimentas-para-vacinacao-contra-sarampo-e-gripe\/#breadcrumb","itemListElement":[{"@type":"ListItem","position":1,"name":"In\u00edcio","item":"https:\/\/www.decaracomaverdade.com.br\/noticias\/inicio\/"},{"@type":"ListItem","position":2,"name":"Guarulhos: Sa\u00fade leva Vacim\u00f3vel ao Terminal Pimentas para vacina\u00e7\u00e3o contra sarampo e gripe"}]},{"@type":"WebSite","@id":"https:\/\/www.decaracomaverdade.com.br\/noticias\/inicio\/#website","url":"https:\/\/www.decaracomaverdade.com.br\/noticias\/inicio\/","name":"DE CARA COM A VERDADE","description":"Get The Most Freshy News Every Day","potentialAction":[{"@type":"SearchAction","target":{"@type":"EntryPoint","urlTemplate":"https:\/\/www.decaracomaverdade.com.br\/noticias\/inicio\/?s={search_term_string}"},"query-input":{"@type":"PropertyValueSpecification","valueRequired":true,"valueName":"search_term_string"}}],"inLanguage":"pt-PT"},{"@type":"Person","@id":"https:\/\/www.decaracomaverdade.com.br\/noticias\/inicio\/#\/schema\/person\/57b3d7bc6204e8cb0524a8fe4e443f12","name":"admin","image":{"@type":"ImageObject","inLanguage":"pt-PT","@id":"https:\/\/secure.gravatar.com\/avatar\/a58535844e1157019c1c46d6fed66689c314ba5bed048d83012b7f39ae98a79c?s=96&d=mm&r=g","url":"https:\/\/secure.gravatar.com\/avatar\/a58535844e1157019c1c46d6fed66689c314ba5bed048d83012b7f39ae98a79c?s=96&d=mm&r=g","contentUrl":"https:\/\/secure.gravatar.com\/avatar\/a58535844e1157019c1c46d6fed66689c314ba5bed048d83012b7f39ae98a79c?s=96&d=mm&r=g","caption":"admin"},"sameAs":["https:\/\/www.decaracomaverdade.com.br\/noticias"],"url":"https:\/\/www.decaracomaverdade.com.br\/noticias\/inicio\/author\/admin\/"}]}},"blog_post_layout_featured_media_urls":{"thumbnail":"","full":""},"categories_names":{"3":{"name":"Cidades","link":"https:\/\/www.decaracomaverdade.com.br\/noticias\/inicio\/category\/cidades\/"}},"tags_names":[],"comments_number":"0","wpmagazine_modules_lite_featured_media_urls":{"thumbnail":"","cvmm-medium":"","cvmm-medium-plus":"","cvmm-portrait":"","cvmm-medium-square":"","cvmm-large":"","cvmm-small":"","full":""},"_links":{"self":[{"href":"https:\/\/www.decaracomaverdade.com.br\/noticias\/inicio\/wp-json\/wp\/v2\/posts\/12775","targetHints":{"allow":["GET"]}}],"collection":[{"href":"https:\/\/www.decaracomaverdade.com.br\/noticias\/inicio\/wp-json\/wp\/v2\/posts"}],"about":[{"href":"https:\/\/www.decaracomaverdade.com.br\/noticias\/inicio\/wp-json\/wp\/v2\/types\/post"}],"author":[{"embeddable":true,"href":"https:\/\/www.decaracomaverdade.com.br\/noticias\/inicio\/wp-json\/wp\/v2\/users\/1"}],"replies":[{"embeddable":true,"href":"https:\/\/www.decaracomaverdade.com.br\/noticias\/inicio\/wp-json\/wp\/v2\/comments?post=12775"}],"version-history":[{"count":4,"href":"https:\/\/www.decaracomaverdade.com.br\/noticias\/inicio\/wp-json\/wp\/v2\/posts\/12775\/revisions"}],"predecessor-version":[{"id":12780,"href":"https:\/\/www.decaracomaverdade.com.br\/noticias\/inicio\/wp-json\/wp\/v2\/posts\/12775\/revisions\/12780"}],"wp:attachment":[{"href":"https:\/\/www.decaracomaverdade.com.br\/noticias\/inicio\/wp-json\/wp\/v2\/media?parent=12775"}],"wp:term":[{"taxonomy":"category","embeddable":true,"href":"https:\/\/www.decaracomaverdade.com.br\/noticias\/inicio\/wp-json\/wp\/v2\/categories?post=12775"},{"taxonomy":"post_tag","embeddable":true,"href":"https:\/\/www.decaracomaverdade.com.br\/noticias\/inicio\/wp-json\/wp\/v2\/tags?post=12775"}],"curies":[{"name":"wp","href":"https:\/\/api.w.org\/{rel}","templated":true}]}}