{"id":12767,"date":"2026-08-21T19:11:50","date_gmt":"2026-08-21T19:11:50","guid":{"rendered":"https:\/\/www.decaracomaverdade.com.br\/noticias\/inicio\/?p=12767"},"modified":"2026-08-21T19:38:38","modified_gmt":"2026-08-21T19:38:38","slug":"barueri-obras-de-reforma-no-parque-taddeo-cananeia-seguem-em-ritmo-acelerado","status":"publish","type":"post","link":"https:\/\/www.decaracomaverdade.com.br\/noticias\/inicio\/barueri-obras-de-reforma-no-parque-taddeo-cananeia-seguem-em-ritmo-acelerado\/","title":{"rendered":"Barueri: Obras de  reforma no Parque Taddeo Canan\u00e9ia seguem em ritmo acelerado"},"content":{"rendered":"\t\t<div data-elementor-type=\"wp-post\" data-elementor-id=\"12767\" class=\"elementor elementor-12767\">\n\t\t\t\t\t\t<section class=\"elementor-section elementor-top-section elementor-element elementor-element-9724c49 elementor-section-boxed elementor-section-height-default elementor-section-height-default\" data-id=\"9724c49\" data-element_type=\"section\" data-e-type=\"section\">\n\t\t\t\t\t\t<div class=\"elementor-container elementor-column-gap-default\">\n\t\t\t\t\t<div class=\"elementor-column elementor-col-100 elementor-top-column elementor-element elementor-element-e1973e1\" data-id=\"e1973e1\" data-element_type=\"column\" data-e-type=\"column\">\n\t\t\t<div class=\"elementor-widget-wrap elementor-element-populated\">\n\t\t\t\t\t\t<div class=\"elementor-element elementor-element-f3f4fa8 elementor-widget elementor-widget-image\" data-id=\"f3f4fa8\" data-element_type=\"widget\" data-e-type=\"widget\" data-widget_type=\"image.default\">\n\t\t\t\t<div class=\"elementor-widget-container\">\n\t\t\t\t\t\t\t\t\t\t\t\t\t\t\t<img loading=\"lazy\" width=\"640\" height=\"427\" src=\"https:\/\/www.decaracomaverdade.com.br\/noticias\/wp-content\/uploads\/2026\/08\/CAPA_IMG_4771_639214610020967023.jpg\" class=\"attachment-large size-large wp-image-12770\" alt=\"CAPA_IMG_4771_639214610020967023\" srcset=\"https:\/\/www.decaracomaverdade.com.br\/noticias\/wp-content\/uploads\/2026\/08\/CAPA_IMG_4771_639214610020967023.jpg 1024w, https:\/\/www.decaracomaverdade.com.br\/noticias\/wp-content\/uploads\/2026\/08\/CAPA_IMG_4771_639214610020967023-300x200.jpg 300w, https:\/\/www.decaracomaverdade.com.br\/noticias\/wp-content\/uploads\/2026\/08\/CAPA_IMG_4771_639214610020967023-768x512.jpg 768w\" sizes=\"auto, (max-width: 640px) 100vw, 640px\" loading=\"lazy\" decoding=\"async\" \/>\t\t\t\t\t\t\t\t\t\t\t\t\t\t\t<\/div>\n\t\t\t\t<\/div>\n\t\t\t\t\t<\/div>\n\t\t<\/div>\n\t\t\t\t\t<\/div>\n\t\t<\/section>\n\t\t\t\t<section class=\"elementor-section elementor-top-section elementor-element elementor-element-6b7afb0 elementor-section-boxed elementor-section-height-default elementor-section-height-default\" data-id=\"6b7afb0\" data-element_type=\"section\" data-e-type=\"section\">\n\t\t\t\t\t\t<div class=\"elementor-container elementor-column-gap-default\">\n\t\t\t\t\t<div class=\"elementor-column elementor-col-100 elementor-top-column elementor-element elementor-element-e0418ed\" data-id=\"e0418ed\" data-element_type=\"column\" data-e-type=\"column\">\n\t\t\t<div class=\"elementor-widget-wrap elementor-element-populated\">\n\t\t\t\t\t\t<div class=\"elementor-element elementor-element-ca8a6ef elementor-widget elementor-widget-text-editor\" data-id=\"ca8a6ef\" data-element_type=\"widget\" data-e-type=\"widget\" data-widget_type=\"text-editor.default\">\n\t\t\t\t<div class=\"elementor-widget-container\">\n\t\t\t\t\t\t\t\t\t<p style=\"text-align: justify;\">O Parque Taddeo de Almeida Canan\u00e9ia, localizado no Parque Imperial, est\u00e1 passando por uma ampla reforma para oferecer mais conforto, seguran\u00e7a e qualidade aos moradores. A obra contempla a moderniza\u00e7\u00e3o da infraestrutura e a revitaliza\u00e7\u00e3o das \u00e1reas esportivas e de conviv\u00eancia.<\/p><p style=\"text-align: justify;\">De acordo com a Secretaria de Obras de Barueri, a conclus\u00e3o est\u00e1 prevista para janeiro de 2027.<\/p><p style=\"text-align: justify;\">Os servi\u00e7os incluem a revis\u00e3o das instala\u00e7\u00f5es el\u00e9tricas e hidr\u00e1ulicas, a recupera\u00e7\u00e3o da cobertura, a substitui\u00e7\u00e3o das divis\u00f3rias dos sanit\u00e1rios, a troca de pisos e revestimentos, al\u00e9m da pintura interna e externa. A quadra poliesportiva ser\u00e1 reformada e receber\u00e1 uma cobertura em tela.<\/p><p style=\"text-align: justify;\">A pista de skate tamb\u00e9m ser\u00e1 revitalizada. J\u00e1 o campo de futebol contar\u00e1 com novo gramado sint\u00e9tico e alambrados renovados.<\/p><p style=\"text-align: justify;\">Novos equipamentos<\/p><p style=\"text-align: justify;\">O projeto tamb\u00e9m prev\u00ea a instala\u00e7\u00e3o de um playground, equipamentos de gin\u00e1stica ao ar livre e novo mobili\u00e1rio urbano, como mesas, bancos e lixeiras, ampliando as op\u00e7\u00f5es de lazer para pessoas de todas as idades.<\/p><p style=\"text-align: justify;\">Durante a execu\u00e7\u00e3o das obras, o parque permanecer\u00e1 fechado para garantir a seguran\u00e7a dos frequentadores. A medida \u00e9 tempor\u00e1ria e ser\u00e1 mantida at\u00e9 a conclus\u00e3o da reforma.<\/p><p style=\"text-align: justify;\">Com investimento de aproximadamente R$ 2,9 milh\u00f5es, a revitaliza\u00e7\u00e3o modernizar\u00e1 o espa\u00e7o, tornando-o mais confort\u00e1vel, acess\u00edvel e preparado para receber fam\u00edlias, esportistas e visitantes com mais seguran\u00e7a.<\/p>\t\t\t\t\t\t\t\t<\/div>\n\t\t\t\t<\/div>\n\t\t\t\t\t<\/div>\n\t\t<\/div>\n\t\t\t\t\t<\/div>\n\t\t<\/section>\n\t\t\t\t<\/div>\n\t\t","protected":false},"excerpt":{"rendered":"<p>O Parque Taddeo de Almeida Canan\u00e9ia, localizado no Parque Imperial, est\u00e1 passando por uma ampla reforma para oferecer<\/p>\n","protected":false},"author":1,"featured_media":0,"comment_status":"closed","ping_status":"open","sticky":false,"template":"","format":"standard","meta":{"_eb_attr":"","footnotes":""},"categories":[3],"tags":[],"class_list":["post-12767","post","type-post","status-publish","format-standard","hentry","category-cidades"],"yoast_head":"<!-- This site is optimized with the Yoast SEO plugin v28.3 - https:\/\/yoast.com\/product\/yoast-seo-wordpress\/ -->\n<title>Barueri: Obras de reforma no Parque Taddeo Canan\u00e9ia seguem em ritmo acelerado - DE CARA COM A VERDADE<\/title>\n<meta name=\"robots\" content=\"index, follow, max-snippet:-1, max-image-preview:large, max-video-preview:-1\" \/>\n<link rel=\"canonical\" href=\"https:\/\/www.decaracomaverdade.com.br\/noticias\/inicio\/barueri-obras-de-reforma-no-parque-taddeo-cananeia-seguem-em-ritmo-acelerado\/\" \/>\n<meta property=\"og:locale\" content=\"pt_PT\" \/>\n<meta property=\"og:type\" content=\"article\" \/>\n<meta property=\"og:title\" content=\"Barueri: Obras de reforma no Parque Taddeo Canan\u00e9ia seguem em ritmo acelerado - DE CARA COM A VERDADE\" \/>\n<meta property=\"og:description\" content=\"O Parque Taddeo de Almeida Canan\u00e9ia, localizado no Parque Imperial, est\u00e1 passando por uma ampla reforma para oferecer\" \/>\n<meta property=\"og:url\" content=\"https:\/\/www.decaracomaverdade.com.br\/noticias\/inicio\/barueri-obras-de-reforma-no-parque-taddeo-cananeia-seguem-em-ritmo-acelerado\/\" \/>\n<meta property=\"og:site_name\" content=\"DE CARA COM A VERDADE\" \/>\n<meta property=\"article:published_time\" content=\"2026-08-21T19:11:50+00:00\" \/>\n<meta property=\"article:modified_time\" content=\"2026-08-21T19:38:38+00:00\" \/>\n<meta property=\"og:image\" content=\"https:\/\/www.decaracomaverdade.com.br\/noticias\/wp-content\/uploads\/2026\/08\/CAPA_IMG_4771_639214610020967023.jpg\" \/>\n\t<meta property=\"og:image:width\" content=\"1024\" \/>\n\t<meta property=\"og:image:height\" content=\"683\" \/>\n\t<meta property=\"og:image:type\" content=\"image\/jpeg\" \/>\n<meta name=\"author\" content=\"admin\" \/>\n<meta name=\"twitter:card\" content=\"summary_large_image\" \/>\n<meta name=\"twitter:label1\" content=\"Escrito por\" \/>\n\t<meta name=\"twitter:data1\" content=\"\" \/>\n\t<meta name=\"twitter:label2\" content=\"Tempo estimado de leitura\" \/>\n\t<meta name=\"twitter:data2\" content=\"1 minuto\" \/>\n<script type=\"application\/ld+json\" class=\"yoast-schema-graph\">{\"@context\":\"https:\\\/\\\/schema.org\",\"@graph\":[{\"@type\":\"Article\",\"@id\":\"https:\\\/\\\/www.decaracomaverdade.com.br\\\/noticias\\\/inicio\\\/barueri-obras-de-reforma-no-parque-taddeo-cananeia-seguem-em-ritmo-acelerado\\\/#article\",\"isPartOf\":{\"@id\":\"https:\\\/\\\/www.decaracomaverdade.com.br\\\/noticias\\\/inicio\\\/barueri-obras-de-reforma-no-parque-taddeo-cananeia-seguem-em-ritmo-acelerado\\\/\"},\"author\":{\"name\":\"admin\",\"@id\":\"https:\\\/\\\/www.decaracomaverdade.com.br\\\/noticias\\\/inicio\\\/#\\\/schema\\\/person\\\/57b3d7bc6204e8cb0524a8fe4e443f12\"},\"headline\":\"Barueri: Obras de reforma no Parque Taddeo Canan\u00e9ia seguem em ritmo acelerado\",\"datePublished\":\"2026-08-21T19:11:50+00:00\",\"dateModified\":\"2026-08-21T19:38:38+00:00\",\"mainEntityOfPage\":{\"@id\":\"https:\\\/\\\/www.decaracomaverdade.com.br\\\/noticias\\\/inicio\\\/barueri-obras-de-reforma-no-parque-taddeo-cananeia-seguem-em-ritmo-acelerado\\\/\"},\"wordCount\":256,\"image\":{\"@id\":\"https:\\\/\\\/www.decaracomaverdade.com.br\\\/noticias\\\/inicio\\\/barueri-obras-de-reforma-no-parque-taddeo-cananeia-seguem-em-ritmo-acelerado\\\/#primaryimage\"},\"thumbnailUrl\":\"https:\\\/\\\/www.decaracomaverdade.com.br\\\/noticias\\\/wp-content\\\/uploads\\\/2026\\\/08\\\/CAPA_IMG_4771_639214610020967023.jpg\",\"articleSection\":[\"Cidades\"],\"inLanguage\":\"pt-PT\"},{\"@type\":\"WebPage\",\"@id\":\"https:\\\/\\\/www.decaracomaverdade.com.br\\\/noticias\\\/inicio\\\/barueri-obras-de-reforma-no-parque-taddeo-cananeia-seguem-em-ritmo-acelerado\\\/\",\"url\":\"https:\\\/\\\/www.decaracomaverdade.com.br\\\/noticias\\\/inicio\\\/barueri-obras-de-reforma-no-parque-taddeo-cananeia-seguem-em-ritmo-acelerado\\\/\",\"name\":\"Barueri: Obras de reforma no Parque Taddeo Canan\u00e9ia seguem em ritmo acelerado - DE CARA COM A VERDADE\",\"isPartOf\":{\"@id\":\"https:\\\/\\\/www.decaracomaverdade.com.br\\\/noticias\\\/inicio\\\/#website\"},\"primaryImageOfPage\":{\"@id\":\"https:\\\/\\\/www.decaracomaverdade.com.br\\\/noticias\\\/inicio\\\/barueri-obras-de-reforma-no-parque-taddeo-cananeia-seguem-em-ritmo-acelerado\\\/#primaryimage\"},\"image\":{\"@id\":\"https:\\\/\\\/www.decaracomaverdade.com.br\\\/noticias\\\/inicio\\\/barueri-obras-de-reforma-no-parque-taddeo-cananeia-seguem-em-ritmo-acelerado\\\/#primaryimage\"},\"thumbnailUrl\":\"https:\\\/\\\/www.decaracomaverdade.com.br\\\/noticias\\\/wp-content\\\/uploads\\\/2026\\\/08\\\/CAPA_IMG_4771_639214610020967023.jpg\",\"datePublished\":\"2026-08-21T19:11:50+00:00\",\"dateModified\":\"2026-08-21T19:38:38+00:00\",\"author\":{\"@id\":\"https:\\\/\\\/www.decaracomaverdade.com.br\\\/noticias\\\/inicio\\\/#\\\/schema\\\/person\\\/57b3d7bc6204e8cb0524a8fe4e443f12\"},\"breadcrumb\":{\"@id\":\"https:\\\/\\\/www.decaracomaverdade.com.br\\\/noticias\\\/inicio\\\/barueri-obras-de-reforma-no-parque-taddeo-cananeia-seguem-em-ritmo-acelerado\\\/#breadcrumb\"},\"inLanguage\":\"pt-PT\",\"potentialAction\":[{\"@type\":\"ReadAction\",\"target\":[\"https:\\\/\\\/www.decaracomaverdade.com.br\\\/noticias\\\/inicio\\\/barueri-obras-de-reforma-no-parque-taddeo-cananeia-seguem-em-ritmo-acelerado\\\/\"]}]},{\"@type\":\"ImageObject\",\"inLanguage\":\"pt-PT\",\"@id\":\"https:\\\/\\\/www.decaracomaverdade.com.br\\\/noticias\\\/inicio\\\/barueri-obras-de-reforma-no-parque-taddeo-cananeia-seguem-em-ritmo-acelerado\\\/#primaryimage\",\"url\":\"https:\\\/\\\/www.decaracomaverdade.com.br\\\/noticias\\\/wp-content\\\/uploads\\\/2026\\\/08\\\/CAPA_IMG_4771_639214610020967023.jpg\",\"contentUrl\":\"https:\\\/\\\/www.decaracomaverdade.com.br\\\/noticias\\\/wp-content\\\/uploads\\\/2026\\\/08\\\/CAPA_IMG_4771_639214610020967023.jpg\"},{\"@type\":\"BreadcrumbList\",\"@id\":\"https:\\\/\\\/www.decaracomaverdade.com.br\\\/noticias\\\/inicio\\\/barueri-obras-de-reforma-no-parque-taddeo-cananeia-seguem-em-ritmo-acelerado\\\/#breadcrumb\",\"itemListElement\":[{\"@type\":\"ListItem\",\"position\":1,\"name\":\"In\u00edcio\",\"item\":\"https:\\\/\\\/www.decaracomaverdade.com.br\\\/noticias\\\/inicio\\\/\"},{\"@type\":\"ListItem\",\"position\":2,\"name\":\"Barueri: Obras de reforma no Parque Taddeo Canan\u00e9ia seguem em ritmo acelerado\"}]},{\"@type\":\"WebSite\",\"@id\":\"https:\\\/\\\/www.decaracomaverdade.com.br\\\/noticias\\\/inicio\\\/#website\",\"url\":\"https:\\\/\\\/www.decaracomaverdade.com.br\\\/noticias\\\/inicio\\\/\",\"name\":\"DE CARA COM A VERDADE\",\"description\":\"Get The Most Freshy News Every Day\",\"potentialAction\":[{\"@type\":\"SearchAction\",\"target\":{\"@type\":\"EntryPoint\",\"urlTemplate\":\"https:\\\/\\\/www.decaracomaverdade.com.br\\\/noticias\\\/inicio\\\/?s={search_term_string}\"},\"query-input\":{\"@type\":\"PropertyValueSpecification\",\"valueRequired\":true,\"valueName\":\"search_term_string\"}}],\"inLanguage\":\"pt-PT\"},{\"@type\":\"Person\",\"@id\":\"https:\\\/\\\/www.decaracomaverdade.com.br\\\/noticias\\\/inicio\\\/#\\\/schema\\\/person\\\/57b3d7bc6204e8cb0524a8fe4e443f12\",\"name\":\"admin\",\"image\":{\"@type\":\"ImageObject\",\"inLanguage\":\"pt-PT\",\"@id\":\"https:\\\/\\\/secure.gravatar.com\\\/avatar\\\/a58535844e1157019c1c46d6fed66689c314ba5bed048d83012b7f39ae98a79c?s=96&d=mm&r=g\",\"url\":\"https:\\\/\\\/secure.gravatar.com\\\/avatar\\\/a58535844e1157019c1c46d6fed66689c314ba5bed048d83012b7f39ae98a79c?s=96&d=mm&r=g\",\"contentUrl\":\"https:\\\/\\\/secure.gravatar.com\\\/avatar\\\/a58535844e1157019c1c46d6fed66689c314ba5bed048d83012b7f39ae98a79c?s=96&d=mm&r=g\",\"caption\":\"admin\"},\"sameAs\":[\"https:\\\/\\\/www.decaracomaverdade.com.br\\\/noticias\"],\"url\":\"https:\\\/\\\/www.decaracomaverdade.com.br\\\/noticias\\\/inicio\\\/author\\\/admin\\\/\"}]}<\/script>\n<!-- \/ Yoast SEO plugin. -->","yoast_head_json":{"title":"Barueri: Obras de reforma no Parque Taddeo Canan\u00e9ia seguem em ritmo acelerado - DE CARA COM A VERDADE","robots":{"index":"index","follow":"follow","max-snippet":"max-snippet:-1","max-image-preview":"max-image-preview:large","max-video-preview":"max-video-preview:-1"},"canonical":"https:\/\/www.decaracomaverdade.com.br\/noticias\/inicio\/barueri-obras-de-reforma-no-parque-taddeo-cananeia-seguem-em-ritmo-acelerado\/","og_locale":"pt_PT","og_type":"article","og_title":"Barueri: Obras de reforma no Parque Taddeo Canan\u00e9ia seguem em ritmo acelerado - DE CARA COM A VERDADE","og_description":"O Parque Taddeo de Almeida Canan\u00e9ia, localizado no Parque Imperial, est\u00e1 passando por uma ampla reforma para oferecer","og_url":"https:\/\/www.decaracomaverdade.com.br\/noticias\/inicio\/barueri-obras-de-reforma-no-parque-taddeo-cananeia-seguem-em-ritmo-acelerado\/","og_site_name":"DE CARA COM A VERDADE","article_published_time":"2026-08-21T19:11:50+00:00","article_modified_time":"2026-08-21T19:38:38+00:00","og_image":[{"width":1024,"height":683,"url":"https:\/\/www.decaracomaverdade.com.br\/noticias\/wp-content\/uploads\/2026\/08\/CAPA_IMG_4771_639214610020967023.jpg","type":"image\/jpeg"}],"author":"admin","twitter_card":"summary_large_image","twitter_misc":{"Escrito por":false,"Tempo estimado de leitura":"1 minuto"},"schema":{"@context":"https:\/\/schema.org","@graph":[{"@type":"Article","@id":"https:\/\/www.decaracomaverdade.com.br\/noticias\/inicio\/barueri-obras-de-reforma-no-parque-taddeo-cananeia-seguem-em-ritmo-acelerado\/#article","isPartOf":{"@id":"https:\/\/www.decaracomaverdade.com.br\/noticias\/inicio\/barueri-obras-de-reforma-no-parque-taddeo-cananeia-seguem-em-ritmo-acelerado\/"},"author":{"name":"admin","@id":"https:\/\/www.decaracomaverdade.com.br\/noticias\/inicio\/#\/schema\/person\/57b3d7bc6204e8cb0524a8fe4e443f12"},"headline":"Barueri: Obras de reforma no Parque Taddeo Canan\u00e9ia seguem em ritmo acelerado","datePublished":"2026-08-21T19:11:50+00:00","dateModified":"2026-08-21T19:38:38+00:00","mainEntityOfPage":{"@id":"https:\/\/www.decaracomaverdade.com.br\/noticias\/inicio\/barueri-obras-de-reforma-no-parque-taddeo-cananeia-seguem-em-ritmo-acelerado\/"},"wordCount":256,"image":{"@id":"https:\/\/www.decaracomaverdade.com.br\/noticias\/inicio\/barueri-obras-de-reforma-no-parque-taddeo-cananeia-seguem-em-ritmo-acelerado\/#primaryimage"},"thumbnailUrl":"https:\/\/www.decaracomaverdade.com.br\/noticias\/wp-content\/uploads\/2026\/08\/CAPA_IMG_4771_639214610020967023.jpg","articleSection":["Cidades"],"inLanguage":"pt-PT"},{"@type":"WebPage","@id":"https:\/\/www.decaracomaverdade.com.br\/noticias\/inicio\/barueri-obras-de-reforma-no-parque-taddeo-cananeia-seguem-em-ritmo-acelerado\/","url":"https:\/\/www.decaracomaverdade.com.br\/noticias\/inicio\/barueri-obras-de-reforma-no-parque-taddeo-cananeia-seguem-em-ritmo-acelerado\/","name":"Barueri: Obras de reforma no Parque Taddeo Canan\u00e9ia seguem em ritmo acelerado - DE CARA COM A VERDADE","isPartOf":{"@id":"https:\/\/www.decaracomaverdade.com.br\/noticias\/inicio\/#website"},"primaryImageOfPage":{"@id":"https:\/\/www.decaracomaverdade.com.br\/noticias\/inicio\/barueri-obras-de-reforma-no-parque-taddeo-cananeia-seguem-em-ritmo-acelerado\/#primaryimage"},"image":{"@id":"https:\/\/www.decaracomaverdade.com.br\/noticias\/inicio\/barueri-obras-de-reforma-no-parque-taddeo-cananeia-seguem-em-ritmo-acelerado\/#primaryimage"},"thumbnailUrl":"https:\/\/www.decaracomaverdade.com.br\/noticias\/wp-content\/uploads\/2026\/08\/CAPA_IMG_4771_639214610020967023.jpg","datePublished":"2026-08-21T19:11:50+00:00","dateModified":"2026-08-21T19:38:38+00:00","author":{"@id":"https:\/\/www.decaracomaverdade.com.br\/noticias\/inicio\/#\/schema\/person\/57b3d7bc6204e8cb0524a8fe4e443f12"},"breadcrumb":{"@id":"https:\/\/www.decaracomaverdade.com.br\/noticias\/inicio\/barueri-obras-de-reforma-no-parque-taddeo-cananeia-seguem-em-ritmo-acelerado\/#breadcrumb"},"inLanguage":"pt-PT","potentialAction":[{"@type":"ReadAction","target":["https:\/\/www.decaracomaverdade.com.br\/noticias\/inicio\/barueri-obras-de-reforma-no-parque-taddeo-cananeia-seguem-em-ritmo-acelerado\/"]}]},{"@type":"ImageObject","inLanguage":"pt-PT","@id":"https:\/\/www.decaracomaverdade.com.br\/noticias\/inicio\/barueri-obras-de-reforma-no-parque-taddeo-cananeia-seguem-em-ritmo-acelerado\/#primaryimage","url":"https:\/\/www.decaracomaverdade.com.br\/noticias\/wp-content\/uploads\/2026\/08\/CAPA_IMG_4771_639214610020967023.jpg","contentUrl":"https:\/\/www.decaracomaverdade.com.br\/noticias\/wp-content\/uploads\/2026\/08\/CAPA_IMG_4771_639214610020967023.jpg"},{"@type":"BreadcrumbList","@id":"https:\/\/www.decaracomaverdade.com.br\/noticias\/inicio\/barueri-obras-de-reforma-no-parque-taddeo-cananeia-seguem-em-ritmo-acelerado\/#breadcrumb","itemListElement":[{"@type":"ListItem","position":1,"name":"In\u00edcio","item":"https:\/\/www.decaracomaverdade.com.br\/noticias\/inicio\/"},{"@type":"ListItem","position":2,"name":"Barueri: Obras de reforma no Parque Taddeo Canan\u00e9ia seguem em ritmo acelerado"}]},{"@type":"WebSite","@id":"https:\/\/www.decaracomaverdade.com.br\/noticias\/inicio\/#website","url":"https:\/\/www.decaracomaverdade.com.br\/noticias\/inicio\/","name":"DE CARA COM A VERDADE","description":"Get The Most Freshy News Every Day","potentialAction":[{"@type":"SearchAction","target":{"@type":"EntryPoint","urlTemplate":"https:\/\/www.decaracomaverdade.com.br\/noticias\/inicio\/?s={search_term_string}"},"query-input":{"@type":"PropertyValueSpecification","valueRequired":true,"valueName":"search_term_string"}}],"inLanguage":"pt-PT"},{"@type":"Person","@id":"https:\/\/www.decaracomaverdade.com.br\/noticias\/inicio\/#\/schema\/person\/57b3d7bc6204e8cb0524a8fe4e443f12","name":"admin","image":{"@type":"ImageObject","inLanguage":"pt-PT","@id":"https:\/\/secure.gravatar.com\/avatar\/a58535844e1157019c1c46d6fed66689c314ba5bed048d83012b7f39ae98a79c?s=96&d=mm&r=g","url":"https:\/\/secure.gravatar.com\/avatar\/a58535844e1157019c1c46d6fed66689c314ba5bed048d83012b7f39ae98a79c?s=96&d=mm&r=g","contentUrl":"https:\/\/secure.gravatar.com\/avatar\/a58535844e1157019c1c46d6fed66689c314ba5bed048d83012b7f39ae98a79c?s=96&d=mm&r=g","caption":"admin"},"sameAs":["https:\/\/www.decaracomaverdade.com.br\/noticias"],"url":"https:\/\/www.decaracomaverdade.com.br\/noticias\/inicio\/author\/admin\/"}]}},"blog_post_layout_featured_media_urls":{"thumbnail":"","full":""},"categories_names":{"3":{"name":"Cidades","link":"https:\/\/www.decaracomaverdade.com.br\/noticias\/inicio\/category\/cidades\/"}},"tags_names":[],"comments_number":"0","wpmagazine_modules_lite_featured_media_urls":{"thumbnail":"","cvmm-medium":"","cvmm-medium-plus":"","cvmm-portrait":"","cvmm-medium-square":"","cvmm-large":"","cvmm-small":"","full":""},"_links":{"self":[{"href":"https:\/\/www.decaracomaverdade.com.br\/noticias\/inicio\/wp-json\/wp\/v2\/posts\/12767","targetHints":{"allow":["GET"]}}],"collection":[{"href":"https:\/\/www.decaracomaverdade.com.br\/noticias\/inicio\/wp-json\/wp\/v2\/posts"}],"about":[{"href":"https:\/\/www.decaracomaverdade.com.br\/noticias\/inicio\/wp-json\/wp\/v2\/types\/post"}],"author":[{"embeddable":true,"href":"https:\/\/www.decaracomaverdade.com.br\/noticias\/inicio\/wp-json\/wp\/v2\/users\/1"}],"replies":[{"embeddable":true,"href":"https:\/\/www.decaracomaverdade.com.br\/noticias\/inicio\/wp-json\/wp\/v2\/comments?post=12767"}],"version-history":[{"count":4,"href":"https:\/\/www.decaracomaverdade.com.br\/noticias\/inicio\/wp-json\/wp\/v2\/posts\/12767\/revisions"}],"predecessor-version":[{"id":12773,"href":"https:\/\/www.decaracomaverdade.com.br\/noticias\/inicio\/wp-json\/wp\/v2\/posts\/12767\/revisions\/12773"}],"wp:attachment":[{"href":"https:\/\/www.decaracomaverdade.com.br\/noticias\/inicio\/wp-json\/wp\/v2\/media?parent=12767"}],"wp:term":[{"taxonomy":"category","embeddable":true,"href":"https:\/\/www.decaracomaverdade.com.br\/noticias\/inicio\/wp-json\/wp\/v2\/categories?post=12767"},{"taxonomy":"post_tag","embeddable":true,"href":"https:\/\/www.decaracomaverdade.com.br\/noticias\/inicio\/wp-json\/wp\/v2\/tags?post=12767"}],"curies":[{"name":"wp","href":"https:\/\/api.w.org\/{rel}","templated":true}]}}