{"id":12761,"date":"2026-08-21T19:07:11","date_gmt":"2026-08-21T19:07:11","guid":{"rendered":"https:\/\/www.decaracomaverdade.com.br\/noticias\/inicio\/?p=12761"},"modified":"2026-08-21T19:08:42","modified_gmt":"2026-08-21T19:08:42","slug":"osasco-prefeitura-da-posse-a-156-novos-servidores","status":"publish","type":"post","link":"https:\/\/www.decaracomaverdade.com.br\/noticias\/inicio\/osasco-prefeitura-da-posse-a-156-novos-servidores\/","title":{"rendered":"Osasco: Prefeitura d\u00e1 posse a 156 novos servidores"},"content":{"rendered":"\t\t<div data-elementor-type=\"wp-post\" data-elementor-id=\"12761\" class=\"elementor elementor-12761\">\n\t\t\t\t\t\t<section class=\"elementor-section elementor-top-section elementor-element elementor-element-21f73ea elementor-section-boxed elementor-section-height-default elementor-section-height-default\" data-id=\"21f73ea\" data-element_type=\"section\" data-e-type=\"section\">\n\t\t\t\t\t\t<div class=\"elementor-container elementor-column-gap-default\">\n\t\t\t\t\t<div class=\"elementor-column elementor-col-100 elementor-top-column elementor-element elementor-element-dc0e04d\" data-id=\"dc0e04d\" data-element_type=\"column\" data-e-type=\"column\">\n\t\t\t<div class=\"elementor-widget-wrap elementor-element-populated\">\n\t\t\t\t\t\t<div class=\"elementor-element elementor-element-c78a6a6 elementor-widget elementor-widget-image\" data-id=\"c78a6a6\" data-element_type=\"widget\" data-e-type=\"widget\" data-widget_type=\"image.default\">\n\t\t\t\t<div class=\"elementor-widget-container\">\n\t\t\t\t\t\t\t\t\t\t\t\t\t\t\t<img loading=\"lazy\" width=\"640\" height=\"348\" src=\"https:\/\/www.decaracomaverdade.com.br\/noticias\/wp-content\/uploads\/2026\/08\/result__avi4458.webp\" class=\"attachment-large size-large wp-image-12763\" alt=\"result__avi4458\" srcset=\"https:\/\/www.decaracomaverdade.com.br\/noticias\/wp-content\/uploads\/2026\/08\/result__avi4458.webp 1000w, https:\/\/www.decaracomaverdade.com.br\/noticias\/wp-content\/uploads\/2026\/08\/result__avi4458-300x163.webp 300w, https:\/\/www.decaracomaverdade.com.br\/noticias\/wp-content\/uploads\/2026\/08\/result__avi4458-768x417.webp 768w\" sizes=\"auto, (max-width: 640px) 100vw, 640px\" loading=\"lazy\" decoding=\"async\" \/>\t\t\t\t\t\t\t\t\t\t\t\t\t\t\t<\/div>\n\t\t\t\t<\/div>\n\t\t\t\t\t<\/div>\n\t\t<\/div>\n\t\t\t\t\t<\/div>\n\t\t<\/section>\n\t\t\t\t<section class=\"elementor-section elementor-top-section elementor-element elementor-element-490dba9 elementor-section-boxed elementor-section-height-default elementor-section-height-default\" data-id=\"490dba9\" data-element_type=\"section\" data-e-type=\"section\">\n\t\t\t\t\t\t<div class=\"elementor-container elementor-column-gap-default\">\n\t\t\t\t\t<div class=\"elementor-column elementor-col-100 elementor-top-column elementor-element elementor-element-f9f3031\" data-id=\"f9f3031\" data-element_type=\"column\" data-e-type=\"column\">\n\t\t\t<div class=\"elementor-widget-wrap elementor-element-populated\">\n\t\t\t\t\t\t<div class=\"elementor-element elementor-element-0262ea4 elementor-widget elementor-widget-text-editor\" data-id=\"0262ea4\" data-element_type=\"widget\" data-e-type=\"widget\" data-widget_type=\"text-editor.default\">\n\t\t\t\t<div class=\"elementor-widget-container\">\n\t\t\t\t\t\t\t\t\t<p style=\"text-align: justify;\">A Prefeitura de Osasco, por meio da Secretaria de Administra\u00e7\u00e3o, empossou na ter\u00e7a-feira, 4 de agosto, 156 novos servidores p\u00fablicos. Os novos colaboradores participaram de uma integra\u00e7\u00e3o conduzida pelas equipes de Gest\u00e3o de Pessoas e Recursos Humanos.<\/p><p style=\"text-align: justify;\">O evento que ocorreu na Sala Osasco \u2013 Sala Luiz Roberto Claudino da Silva, contou com a participa\u00e7\u00e3o do prefeito Gerson Pessoa acompanhado do secret\u00e1rio da Administra\u00e7\u00e3o Cl\u00e1udio Monteiro e dos adjuntos Suzete Franco (Sa\u00fade) e Justino Santos (Administra\u00e7\u00e3o).<\/p><p style=\"text-align: justify;\">Os cargos preenchidos abrangem diversas \u00e1reas entre elas: assistente social (2), analista financeiro (1), enfermeiro obstetra (1), motorista de transporte pesado (1), t\u00e9cnico de enfermagem (1), oficial administrativo (3), enfermeiro (1), auxiliar de desenvolvimento e apoio escolar (11), t\u00e9cnico de enfermagem SAMU (3), professor de educa\u00e7\u00e3o b\u00e1sica II adjunto \u2013 defici\u00eancia mental (4), professor de educa\u00e7\u00e3o b\u00e1sica II adjunto \u2013 ingl\u00eas (1), professor de educa\u00e7\u00e3o b\u00e1sica I (6), professor de educa\u00e7\u00e3o b\u00e1sica II adjunto \u2013 defici\u00eancia auditiva (2), professor de desenvolvimento infantil (1), professor de educa\u00e7\u00e3o b\u00e1sica II adjunto \u2013 educa\u00e7\u00e3o f\u00edsica (3), professor de educa\u00e7\u00e3o b\u00e1sica II adjunto \u2013 educa\u00e7\u00e3o art\u00edsitica (3), agente fiscal de posturas e abastecimento (2), m\u00e9dico cl\u00ednico geral plantonista (1), zelador espa\u00e7o esportivo (1), educador social (1), psic\u00f3logo (1), arquiteto (2), cozinheiro (12),\u00a0 agente de tr\u00e2nsito (1), enfermeiro ESF (11), servente de escola (34), t\u00e9cnico de enfermagem SAMU (3), condutor SAMU (2) e arquiteto (2), totalizando 156 vagas.<\/p><p style=\"text-align: justify;\">O secret\u00e1rio de Administra\u00e7\u00e3o, Cl\u00e1udio Monteiro, destacou em sua fala a import\u00e2ncia da escolha consciente de servir ao munic\u00edpio. \u201cVoc\u00eas est\u00e3o aqui por livre decis\u00e3o, estudaram, prestaram concurso e conquistaram a vaga entre milhares de candidatos. Isso mostra que cada um fez uma escolha de servir. Espero que todos atuem com respeito e dedica\u00e7\u00e3o, porque \u00e9 isso que sustenta a nossa cidade\u201d.<\/p><p style=\"text-align: justify;\">Ele lembrou ainda que a Prefeitura de Osasco conta com mais de 18 mil servidores efetivos e refor\u00e7ou que o atendimento \u00e0 popula\u00e7\u00e3o deve ser pautado pelo cuidado e pelo respeito ao ser humano.<\/p><p style=\"text-align: justify;\">O prefeito Gerson Pessoa ressaltou que 80% dos cargos s\u00e3o para as secretarias de Educa\u00e7\u00e3o e Sa\u00fade, consideradas pastas pilares da administra\u00e7\u00e3o. \u201cUm pa\u00eds melhor passa pela educa\u00e7\u00e3o. Em Osasco, temos quase 10 mil servidores na \u00e1rea, mais de 6 mil professores e uma rede que atende mais de 70 mil alunos. Essa estrutura exige dedica\u00e7\u00e3o e compromisso. Na sa\u00fade, tamb\u00e9m avan\u00e7amos muito, recebemos pr\u00eamios estaduais e nacionais pelas pr\u00e1ticas aplicadas. Isso s\u00f3 \u00e9 poss\u00edvel gra\u00e7as ao trabalho dos servidores\u201d.<\/p><p style=\"text-align: justify;\">Segundo o prefeito, embora Osasco tenha se consolidado como a segunda economia do Estado e a oitava do pa\u00eds, ainda h\u00e1 muito a ser feito. \u201cNossa meta \u00e9 fazer um \u00f3timo trabalho, por isso, precisamos de cada servidor comprometido em servir bem a popula\u00e7\u00e3o\u201d.<\/p><p style=\"text-align: justify;\">\u00a0<\/p>\t\t\t\t\t\t\t\t<\/div>\n\t\t\t\t<\/div>\n\t\t\t\t\t<\/div>\n\t\t<\/div>\n\t\t\t\t\t<\/div>\n\t\t<\/section>\n\t\t\t\t<\/div>\n\t\t","protected":false},"excerpt":{"rendered":"<p>A Prefeitura de Osasco, por meio da Secretaria de Administra\u00e7\u00e3o, empossou na ter\u00e7a-feira, 4 de agosto, 156 novos<\/p>\n","protected":false},"author":1,"featured_media":0,"comment_status":"closed","ping_status":"open","sticky":false,"template":"","format":"standard","meta":{"_eb_attr":"","footnotes":""},"categories":[3],"tags":[],"class_list":["post-12761","post","type-post","status-publish","format-standard","hentry","category-cidades"],"yoast_head":"<!-- This site is optimized with the Yoast SEO plugin v28.3 - https:\/\/yoast.com\/product\/yoast-seo-wordpress\/ -->\n<title>Osasco: Prefeitura d\u00e1 posse a 156 novos servidores - DE CARA COM A VERDADE<\/title>\n<meta name=\"robots\" content=\"index, follow, max-snippet:-1, max-image-preview:large, max-video-preview:-1\" \/>\n<link rel=\"canonical\" href=\"https:\/\/www.decaracomaverdade.com.br\/noticias\/inicio\/osasco-prefeitura-da-posse-a-156-novos-servidores\/\" \/>\n<meta property=\"og:locale\" content=\"pt_PT\" \/>\n<meta property=\"og:type\" content=\"article\" \/>\n<meta property=\"og:title\" content=\"Osasco: Prefeitura d\u00e1 posse a 156 novos servidores - DE CARA COM A VERDADE\" \/>\n<meta property=\"og:description\" content=\"A Prefeitura de Osasco, por meio da Secretaria de Administra\u00e7\u00e3o, empossou na ter\u00e7a-feira, 4 de agosto, 156 novos\" \/>\n<meta property=\"og:url\" content=\"https:\/\/www.decaracomaverdade.com.br\/noticias\/inicio\/osasco-prefeitura-da-posse-a-156-novos-servidores\/\" \/>\n<meta property=\"og:site_name\" content=\"DE CARA COM A VERDADE\" \/>\n<meta property=\"article:published_time\" content=\"2026-08-21T19:07:11+00:00\" \/>\n<meta property=\"article:modified_time\" content=\"2026-08-21T19:08:42+00:00\" \/>\n<meta property=\"og:image\" content=\"https:\/\/www.decaracomaverdade.com.br\/noticias\/wp-content\/uploads\/2026\/08\/result__avi4458.webp\" \/>\n\t<meta property=\"og:image:width\" content=\"1000\" \/>\n\t<meta property=\"og:image:height\" content=\"543\" \/>\n\t<meta property=\"og:image:type\" content=\"image\/webp\" \/>\n<meta name=\"author\" content=\"admin\" \/>\n<meta name=\"twitter:card\" content=\"summary_large_image\" \/>\n<meta name=\"twitter:label1\" content=\"Escrito por\" \/>\n\t<meta name=\"twitter:data1\" content=\"\" \/>\n\t<meta name=\"twitter:label2\" content=\"Tempo estimado de leitura\" \/>\n\t<meta name=\"twitter:data2\" content=\"2 minutos\" \/>\n<script type=\"application\/ld+json\" class=\"yoast-schema-graph\">{\"@context\":\"https:\\\/\\\/schema.org\",\"@graph\":[{\"@type\":\"Article\",\"@id\":\"https:\\\/\\\/www.decaracomaverdade.com.br\\\/noticias\\\/inicio\\\/osasco-prefeitura-da-posse-a-156-novos-servidores\\\/#article\",\"isPartOf\":{\"@id\":\"https:\\\/\\\/www.decaracomaverdade.com.br\\\/noticias\\\/inicio\\\/osasco-prefeitura-da-posse-a-156-novos-servidores\\\/\"},\"author\":{\"name\":\"admin\",\"@id\":\"https:\\\/\\\/www.decaracomaverdade.com.br\\\/noticias\\\/inicio\\\/#\\\/schema\\\/person\\\/57b3d7bc6204e8cb0524a8fe4e443f12\"},\"headline\":\"Osasco: Prefeitura d\u00e1 posse a 156 novos servidores\",\"datePublished\":\"2026-08-21T19:07:11+00:00\",\"dateModified\":\"2026-08-21T19:08:42+00:00\",\"mainEntityOfPage\":{\"@id\":\"https:\\\/\\\/www.decaracomaverdade.com.br\\\/noticias\\\/inicio\\\/osasco-prefeitura-da-posse-a-156-novos-servidores\\\/\"},\"wordCount\":474,\"image\":{\"@id\":\"https:\\\/\\\/www.decaracomaverdade.com.br\\\/noticias\\\/inicio\\\/osasco-prefeitura-da-posse-a-156-novos-servidores\\\/#primaryimage\"},\"thumbnailUrl\":\"https:\\\/\\\/www.decaracomaverdade.com.br\\\/noticias\\\/wp-content\\\/uploads\\\/2026\\\/08\\\/result__avi4458.webp\",\"articleSection\":[\"Cidades\"],\"inLanguage\":\"pt-PT\"},{\"@type\":\"WebPage\",\"@id\":\"https:\\\/\\\/www.decaracomaverdade.com.br\\\/noticias\\\/inicio\\\/osasco-prefeitura-da-posse-a-156-novos-servidores\\\/\",\"url\":\"https:\\\/\\\/www.decaracomaverdade.com.br\\\/noticias\\\/inicio\\\/osasco-prefeitura-da-posse-a-156-novos-servidores\\\/\",\"name\":\"Osasco: Prefeitura d\u00e1 posse a 156 novos servidores - DE CARA COM A VERDADE\",\"isPartOf\":{\"@id\":\"https:\\\/\\\/www.decaracomaverdade.com.br\\\/noticias\\\/inicio\\\/#website\"},\"primaryImageOfPage\":{\"@id\":\"https:\\\/\\\/www.decaracomaverdade.com.br\\\/noticias\\\/inicio\\\/osasco-prefeitura-da-posse-a-156-novos-servidores\\\/#primaryimage\"},\"image\":{\"@id\":\"https:\\\/\\\/www.decaracomaverdade.com.br\\\/noticias\\\/inicio\\\/osasco-prefeitura-da-posse-a-156-novos-servidores\\\/#primaryimage\"},\"thumbnailUrl\":\"https:\\\/\\\/www.decaracomaverdade.com.br\\\/noticias\\\/wp-content\\\/uploads\\\/2026\\\/08\\\/result__avi4458.webp\",\"datePublished\":\"2026-08-21T19:07:11+00:00\",\"dateModified\":\"2026-08-21T19:08:42+00:00\",\"author\":{\"@id\":\"https:\\\/\\\/www.decaracomaverdade.com.br\\\/noticias\\\/inicio\\\/#\\\/schema\\\/person\\\/57b3d7bc6204e8cb0524a8fe4e443f12\"},\"breadcrumb\":{\"@id\":\"https:\\\/\\\/www.decaracomaverdade.com.br\\\/noticias\\\/inicio\\\/osasco-prefeitura-da-posse-a-156-novos-servidores\\\/#breadcrumb\"},\"inLanguage\":\"pt-PT\",\"potentialAction\":[{\"@type\":\"ReadAction\",\"target\":[\"https:\\\/\\\/www.decaracomaverdade.com.br\\\/noticias\\\/inicio\\\/osasco-prefeitura-da-posse-a-156-novos-servidores\\\/\"]}]},{\"@type\":\"ImageObject\",\"inLanguage\":\"pt-PT\",\"@id\":\"https:\\\/\\\/www.decaracomaverdade.com.br\\\/noticias\\\/inicio\\\/osasco-prefeitura-da-posse-a-156-novos-servidores\\\/#primaryimage\",\"url\":\"https:\\\/\\\/www.decaracomaverdade.com.br\\\/noticias\\\/wp-content\\\/uploads\\\/2026\\\/08\\\/result__avi4458.webp\",\"contentUrl\":\"https:\\\/\\\/www.decaracomaverdade.com.br\\\/noticias\\\/wp-content\\\/uploads\\\/2026\\\/08\\\/result__avi4458.webp\"},{\"@type\":\"BreadcrumbList\",\"@id\":\"https:\\\/\\\/www.decaracomaverdade.com.br\\\/noticias\\\/inicio\\\/osasco-prefeitura-da-posse-a-156-novos-servidores\\\/#breadcrumb\",\"itemListElement\":[{\"@type\":\"ListItem\",\"position\":1,\"name\":\"In\u00edcio\",\"item\":\"https:\\\/\\\/www.decaracomaverdade.com.br\\\/noticias\\\/inicio\\\/\"},{\"@type\":\"ListItem\",\"position\":2,\"name\":\"Osasco: Prefeitura d\u00e1 posse a 156 novos servidores\"}]},{\"@type\":\"WebSite\",\"@id\":\"https:\\\/\\\/www.decaracomaverdade.com.br\\\/noticias\\\/inicio\\\/#website\",\"url\":\"https:\\\/\\\/www.decaracomaverdade.com.br\\\/noticias\\\/inicio\\\/\",\"name\":\"DE CARA COM A VERDADE\",\"description\":\"Get The Most Freshy News Every Day\",\"potentialAction\":[{\"@type\":\"SearchAction\",\"target\":{\"@type\":\"EntryPoint\",\"urlTemplate\":\"https:\\\/\\\/www.decaracomaverdade.com.br\\\/noticias\\\/inicio\\\/?s={search_term_string}\"},\"query-input\":{\"@type\":\"PropertyValueSpecification\",\"valueRequired\":true,\"valueName\":\"search_term_string\"}}],\"inLanguage\":\"pt-PT\"},{\"@type\":\"Person\",\"@id\":\"https:\\\/\\\/www.decaracomaverdade.com.br\\\/noticias\\\/inicio\\\/#\\\/schema\\\/person\\\/57b3d7bc6204e8cb0524a8fe4e443f12\",\"name\":\"admin\",\"image\":{\"@type\":\"ImageObject\",\"inLanguage\":\"pt-PT\",\"@id\":\"https:\\\/\\\/secure.gravatar.com\\\/avatar\\\/a58535844e1157019c1c46d6fed66689c314ba5bed048d83012b7f39ae98a79c?s=96&d=mm&r=g\",\"url\":\"https:\\\/\\\/secure.gravatar.com\\\/avatar\\\/a58535844e1157019c1c46d6fed66689c314ba5bed048d83012b7f39ae98a79c?s=96&d=mm&r=g\",\"contentUrl\":\"https:\\\/\\\/secure.gravatar.com\\\/avatar\\\/a58535844e1157019c1c46d6fed66689c314ba5bed048d83012b7f39ae98a79c?s=96&d=mm&r=g\",\"caption\":\"admin\"},\"sameAs\":[\"https:\\\/\\\/www.decaracomaverdade.com.br\\\/noticias\"],\"url\":\"https:\\\/\\\/www.decaracomaverdade.com.br\\\/noticias\\\/inicio\\\/author\\\/admin\\\/\"}]}<\/script>\n<!-- \/ Yoast SEO plugin. -->","yoast_head_json":{"title":"Osasco: Prefeitura d\u00e1 posse a 156 novos servidores - DE CARA COM A VERDADE","robots":{"index":"index","follow":"follow","max-snippet":"max-snippet:-1","max-image-preview":"max-image-preview:large","max-video-preview":"max-video-preview:-1"},"canonical":"https:\/\/www.decaracomaverdade.com.br\/noticias\/inicio\/osasco-prefeitura-da-posse-a-156-novos-servidores\/","og_locale":"pt_PT","og_type":"article","og_title":"Osasco: Prefeitura d\u00e1 posse a 156 novos servidores - DE CARA COM A VERDADE","og_description":"A Prefeitura de Osasco, por meio da Secretaria de Administra\u00e7\u00e3o, empossou na ter\u00e7a-feira, 4 de agosto, 156 novos","og_url":"https:\/\/www.decaracomaverdade.com.br\/noticias\/inicio\/osasco-prefeitura-da-posse-a-156-novos-servidores\/","og_site_name":"DE CARA COM A VERDADE","article_published_time":"2026-08-21T19:07:11+00:00","article_modified_time":"2026-08-21T19:08:42+00:00","og_image":[{"width":1000,"height":543,"url":"https:\/\/www.decaracomaverdade.com.br\/noticias\/wp-content\/uploads\/2026\/08\/result__avi4458.webp","type":"image\/webp"}],"author":"admin","twitter_card":"summary_large_image","twitter_misc":{"Escrito por":false,"Tempo estimado de leitura":"2 minutos"},"schema":{"@context":"https:\/\/schema.org","@graph":[{"@type":"Article","@id":"https:\/\/www.decaracomaverdade.com.br\/noticias\/inicio\/osasco-prefeitura-da-posse-a-156-novos-servidores\/#article","isPartOf":{"@id":"https:\/\/www.decaracomaverdade.com.br\/noticias\/inicio\/osasco-prefeitura-da-posse-a-156-novos-servidores\/"},"author":{"name":"admin","@id":"https:\/\/www.decaracomaverdade.com.br\/noticias\/inicio\/#\/schema\/person\/57b3d7bc6204e8cb0524a8fe4e443f12"},"headline":"Osasco: Prefeitura d\u00e1 posse a 156 novos servidores","datePublished":"2026-08-21T19:07:11+00:00","dateModified":"2026-08-21T19:08:42+00:00","mainEntityOfPage":{"@id":"https:\/\/www.decaracomaverdade.com.br\/noticias\/inicio\/osasco-prefeitura-da-posse-a-156-novos-servidores\/"},"wordCount":474,"image":{"@id":"https:\/\/www.decaracomaverdade.com.br\/noticias\/inicio\/osasco-prefeitura-da-posse-a-156-novos-servidores\/#primaryimage"},"thumbnailUrl":"https:\/\/www.decaracomaverdade.com.br\/noticias\/wp-content\/uploads\/2026\/08\/result__avi4458.webp","articleSection":["Cidades"],"inLanguage":"pt-PT"},{"@type":"WebPage","@id":"https:\/\/www.decaracomaverdade.com.br\/noticias\/inicio\/osasco-prefeitura-da-posse-a-156-novos-servidores\/","url":"https:\/\/www.decaracomaverdade.com.br\/noticias\/inicio\/osasco-prefeitura-da-posse-a-156-novos-servidores\/","name":"Osasco: Prefeitura d\u00e1 posse a 156 novos servidores - DE CARA COM A VERDADE","isPartOf":{"@id":"https:\/\/www.decaracomaverdade.com.br\/noticias\/inicio\/#website"},"primaryImageOfPage":{"@id":"https:\/\/www.decaracomaverdade.com.br\/noticias\/inicio\/osasco-prefeitura-da-posse-a-156-novos-servidores\/#primaryimage"},"image":{"@id":"https:\/\/www.decaracomaverdade.com.br\/noticias\/inicio\/osasco-prefeitura-da-posse-a-156-novos-servidores\/#primaryimage"},"thumbnailUrl":"https:\/\/www.decaracomaverdade.com.br\/noticias\/wp-content\/uploads\/2026\/08\/result__avi4458.webp","datePublished":"2026-08-21T19:07:11+00:00","dateModified":"2026-08-21T19:08:42+00:00","author":{"@id":"https:\/\/www.decaracomaverdade.com.br\/noticias\/inicio\/#\/schema\/person\/57b3d7bc6204e8cb0524a8fe4e443f12"},"breadcrumb":{"@id":"https:\/\/www.decaracomaverdade.com.br\/noticias\/inicio\/osasco-prefeitura-da-posse-a-156-novos-servidores\/#breadcrumb"},"inLanguage":"pt-PT","potentialAction":[{"@type":"ReadAction","target":["https:\/\/www.decaracomaverdade.com.br\/noticias\/inicio\/osasco-prefeitura-da-posse-a-156-novos-servidores\/"]}]},{"@type":"ImageObject","inLanguage":"pt-PT","@id":"https:\/\/www.decaracomaverdade.com.br\/noticias\/inicio\/osasco-prefeitura-da-posse-a-156-novos-servidores\/#primaryimage","url":"https:\/\/www.decaracomaverdade.com.br\/noticias\/wp-content\/uploads\/2026\/08\/result__avi4458.webp","contentUrl":"https:\/\/www.decaracomaverdade.com.br\/noticias\/wp-content\/uploads\/2026\/08\/result__avi4458.webp"},{"@type":"BreadcrumbList","@id":"https:\/\/www.decaracomaverdade.com.br\/noticias\/inicio\/osasco-prefeitura-da-posse-a-156-novos-servidores\/#breadcrumb","itemListElement":[{"@type":"ListItem","position":1,"name":"In\u00edcio","item":"https:\/\/www.decaracomaverdade.com.br\/noticias\/inicio\/"},{"@type":"ListItem","position":2,"name":"Osasco: Prefeitura d\u00e1 posse a 156 novos servidores"}]},{"@type":"WebSite","@id":"https:\/\/www.decaracomaverdade.com.br\/noticias\/inicio\/#website","url":"https:\/\/www.decaracomaverdade.com.br\/noticias\/inicio\/","name":"DE CARA COM A VERDADE","description":"Get The Most Freshy News Every Day","potentialAction":[{"@type":"SearchAction","target":{"@type":"EntryPoint","urlTemplate":"https:\/\/www.decaracomaverdade.com.br\/noticias\/inicio\/?s={search_term_string}"},"query-input":{"@type":"PropertyValueSpecification","valueRequired":true,"valueName":"search_term_string"}}],"inLanguage":"pt-PT"},{"@type":"Person","@id":"https:\/\/www.decaracomaverdade.com.br\/noticias\/inicio\/#\/schema\/person\/57b3d7bc6204e8cb0524a8fe4e443f12","name":"admin","image":{"@type":"ImageObject","inLanguage":"pt-PT","@id":"https:\/\/secure.gravatar.com\/avatar\/a58535844e1157019c1c46d6fed66689c314ba5bed048d83012b7f39ae98a79c?s=96&d=mm&r=g","url":"https:\/\/secure.gravatar.com\/avatar\/a58535844e1157019c1c46d6fed66689c314ba5bed048d83012b7f39ae98a79c?s=96&d=mm&r=g","contentUrl":"https:\/\/secure.gravatar.com\/avatar\/a58535844e1157019c1c46d6fed66689c314ba5bed048d83012b7f39ae98a79c?s=96&d=mm&r=g","caption":"admin"},"sameAs":["https:\/\/www.decaracomaverdade.com.br\/noticias"],"url":"https:\/\/www.decaracomaverdade.com.br\/noticias\/inicio\/author\/admin\/"}]}},"blog_post_layout_featured_media_urls":{"thumbnail":"","full":""},"categories_names":{"3":{"name":"Cidades","link":"https:\/\/www.decaracomaverdade.com.br\/noticias\/inicio\/category\/cidades\/"}},"tags_names":[],"comments_number":"0","wpmagazine_modules_lite_featured_media_urls":{"thumbnail":"","cvmm-medium":"","cvmm-medium-plus":"","cvmm-portrait":"","cvmm-medium-square":"","cvmm-large":"","cvmm-small":"","full":""},"_links":{"self":[{"href":"https:\/\/www.decaracomaverdade.com.br\/noticias\/inicio\/wp-json\/wp\/v2\/posts\/12761","targetHints":{"allow":["GET"]}}],"collection":[{"href":"https:\/\/www.decaracomaverdade.com.br\/noticias\/inicio\/wp-json\/wp\/v2\/posts"}],"about":[{"href":"https:\/\/www.decaracomaverdade.com.br\/noticias\/inicio\/wp-json\/wp\/v2\/types\/post"}],"author":[{"embeddable":true,"href":"https:\/\/www.decaracomaverdade.com.br\/noticias\/inicio\/wp-json\/wp\/v2\/users\/1"}],"replies":[{"embeddable":true,"href":"https:\/\/www.decaracomaverdade.com.br\/noticias\/inicio\/wp-json\/wp\/v2\/comments?post=12761"}],"version-history":[{"count":4,"href":"https:\/\/www.decaracomaverdade.com.br\/noticias\/inicio\/wp-json\/wp\/v2\/posts\/12761\/revisions"}],"predecessor-version":[{"id":12766,"href":"https:\/\/www.decaracomaverdade.com.br\/noticias\/inicio\/wp-json\/wp\/v2\/posts\/12761\/revisions\/12766"}],"wp:attachment":[{"href":"https:\/\/www.decaracomaverdade.com.br\/noticias\/inicio\/wp-json\/wp\/v2\/media?parent=12761"}],"wp:term":[{"taxonomy":"category","embeddable":true,"href":"https:\/\/www.decaracomaverdade.com.br\/noticias\/inicio\/wp-json\/wp\/v2\/categories?post=12761"},{"taxonomy":"post_tag","embeddable":true,"href":"https:\/\/www.decaracomaverdade.com.br\/noticias\/inicio\/wp-json\/wp\/v2\/tags?post=12761"}],"curies":[{"name":"wp","href":"https:\/\/api.w.org\/{rel}","templated":true}]}}