{"id":12745,"date":"2026-08-12T16:43:01","date_gmt":"2026-08-12T16:43:01","guid":{"rendered":"https:\/\/www.decaracomaverdade.com.br\/noticias\/inicio\/?p=12745"},"modified":"2026-08-21T16:45:53","modified_gmt":"2026-08-21T16:45:53","slug":"camara-instala-comissao-sobre-pec-da-reducao-da-maioridade-penal","status":"publish","type":"post","link":"https:\/\/www.decaracomaverdade.com.br\/noticias\/inicio\/camara-instala-comissao-sobre-pec-da-reducao-da-maioridade-penal\/","title":{"rendered":"C\u00e2mara instala comiss\u00e3o sobre PEC da redu\u00e7\u00e3o da maioridade penal"},"content":{"rendered":"\t\t<div data-elementor-type=\"wp-post\" data-elementor-id=\"12745\" class=\"elementor elementor-12745\">\n\t\t\t\t\t\t<section class=\"elementor-section elementor-top-section elementor-element elementor-element-7e449be elementor-section-boxed elementor-section-height-default elementor-section-height-default\" data-id=\"7e449be\" data-element_type=\"section\" data-e-type=\"section\">\n\t\t\t\t\t\t<div class=\"elementor-container elementor-column-gap-default\">\n\t\t\t\t\t<div class=\"elementor-column elementor-col-100 elementor-top-column elementor-element elementor-element-0b1d2ac\" data-id=\"0b1d2ac\" data-element_type=\"column\" data-e-type=\"column\">\n\t\t\t<div class=\"elementor-widget-wrap elementor-element-populated\">\n\t\t\t\t\t\t<div class=\"elementor-element elementor-element-1362d14 elementor-widget elementor-widget-image\" data-id=\"1362d14\" data-element_type=\"widget\" data-e-type=\"widget\" data-widget_type=\"image.default\">\n\t\t\t\t<div class=\"elementor-widget-container\">\n\t\t\t\t\t\t\t\t\t\t\t\t\t\t\t<img loading=\"lazy\" width=\"640\" height=\"383\" src=\"https:\/\/www.decaracomaverdade.com.br\/noticias\/wp-content\/uploads\/2026\/08\/img20260609154304394-1024x613.jpeg\" class=\"attachment-large size-large wp-image-12747\" alt=\"img20260609154304394\" srcset=\"https:\/\/www.decaracomaverdade.com.br\/noticias\/wp-content\/uploads\/2026\/08\/img20260609154304394-1024x613.jpeg 1024w, https:\/\/www.decaracomaverdade.com.br\/noticias\/wp-content\/uploads\/2026\/08\/img20260609154304394-300x179.jpeg 300w, https:\/\/www.decaracomaverdade.com.br\/noticias\/wp-content\/uploads\/2026\/08\/img20260609154304394-768x459.jpeg 768w, https:\/\/www.decaracomaverdade.com.br\/noticias\/wp-content\/uploads\/2026\/08\/img20260609154304394.jpeg 1170w\" sizes=\"auto, (max-width: 640px) 100vw, 640px\" loading=\"lazy\" decoding=\"async\" \/>\t\t\t\t\t\t\t\t\t\t\t\t\t\t\t<\/div>\n\t\t\t\t<\/div>\n\t\t\t\t\t<\/div>\n\t\t<\/div>\n\t\t\t\t\t<\/div>\n\t\t<\/section>\n\t\t\t\t<section class=\"elementor-section elementor-top-section elementor-element elementor-element-724af00 elementor-section-boxed elementor-section-height-default elementor-section-height-default\" data-id=\"724af00\" data-element_type=\"section\" data-e-type=\"section\">\n\t\t\t\t\t\t<div class=\"elementor-container elementor-column-gap-default\">\n\t\t\t\t\t<div class=\"elementor-column elementor-col-100 elementor-top-column elementor-element elementor-element-d838a5b\" data-id=\"d838a5b\" data-element_type=\"column\" data-e-type=\"column\">\n\t\t\t<div class=\"elementor-widget-wrap elementor-element-populated\">\n\t\t\t\t\t\t<div class=\"elementor-element elementor-element-a3c53b4 elementor-widget elementor-widget-text-editor\" data-id=\"a3c53b4\" data-element_type=\"widget\" data-e-type=\"widget\" data-widget_type=\"text-editor.default\">\n\t\t\t\t<div class=\"elementor-widget-container\">\n\t\t\t\t\t\t\t\t\t<p style=\"text-align: justify;\">A C\u00e2mara dos Deputados instalou, nesta quarta-feira (12), a Comiss\u00e3o Especial para analisar a Proposta de Emenda \u00e0 Constitui\u00e7\u00e3o (PEC)\u00a0que reduz a maioridade penal no Brasil de 18 anos para 16 anos.\u00a0<strong>O relator escolhido foi o deputado federal Mendon\u00e7a Filho (Uni\u00e3o-PE).<\/strong><img decoding=\"async\" src=\"https:\/\/agenciabrasil.ebc.com.br\/ebc.png?id=1699480&amp;o=node\" \/><img decoding=\"async\" src=\"https:\/\/agenciabrasil.ebc.com.br\/ebc.gif?id=1699480&amp;o=node\" \/><\/p><p style=\"text-align: justify;\">Com a instala\u00e7\u00e3o, a comiss\u00e3o ter\u00e1 de 10 a 40 sess\u00f5es do plen\u00e1rio da C\u00e2mara para votar um relat\u00f3rio sobre o tema. A PEC 32 de 2015<a href=\"https:\/\/agenciabrasil.ebc.com.br\/politica\/noticia\/2026-06\/comissao-da-camara-aprova-reducao-da-maioridade-penal-para-16-anos\" target=\"_blank\" rel=\"noopener\">\u00a0foi aprovada\u00a0<\/a>na Comiss\u00e3o de Constitui\u00e7\u00e3o e Justi\u00e7a (CCJ) da C\u00e2mara\u00a0em junho deste ano.<\/p><p style=\"text-align: justify;\"><strong>Durante a sess\u00e3o, foi eleita a mesa que vai conduzir o processo. A chapa \u00fanica foi eleita com 19 votos, tendo como presidente o deputado Alu\u00edsio Mendes (Republicanos-MA). Como a escolha cabe ao presidente da comiss\u00e3o, Mendes anunciou o deputado Mendon\u00e7a Filho para relator da PEC., Mendes anunciou o deputado Mendon\u00e7a Filho para relator da PEC.<\/strong><\/p><p style=\"text-align: justify;\">O colegiado ainda elegeu o 1\u00ba vice-presidente, deputado Guilherme Derrite (PL-SP), o 2\u00ba vice-presidente, Benes Leoc\u00e1dio (Uni\u00e3o-RN) e o 3\u00ba vice-presidente, o deputado Sargento Fahur (PL-PR).<\/p><p style=\"text-align: justify;\"><strong>Se aprovada na Comiss\u00e3o Especial, a PEC segue para an\u00e1lise dos plen\u00e1rios da C\u00e2mara e do Senado, onde deve ser aprovada, em dois turnos, com maioria de tr\u00eas quintos dos parlamentares por se tratar de uma mudan\u00e7a constitucional.<\/strong><\/p><p style=\"text-align: justify;\">Os defensores da proposta sustentam que a legisla\u00e7\u00e3o para adolescentes \u00e9 branda. Por outro lado, organiza\u00e7\u00f5es sociais\u00a0criticam a\u00a0medida,\u00a0argumentando\u00a0que\u00a0apenas amplia as pris\u00f5es, sem resultados positivos para a seguran\u00e7a p\u00fablica.<\/p>\t\t\t\t\t\t\t\t<\/div>\n\t\t\t\t<\/div>\n\t\t\t\t\t<\/div>\n\t\t<\/div>\n\t\t\t\t\t<\/div>\n\t\t<\/section>\n\t\t\t\t<\/div>\n\t\t","protected":false},"excerpt":{"rendered":"<p>A C\u00e2mara dos Deputados instalou, nesta quarta-feira (12), a Comiss\u00e3o Especial para analisar a Proposta de Emenda \u00e0<\/p>\n","protected":false},"author":1,"featured_media":0,"comment_status":"closed","ping_status":"open","sticky":false,"template":"","format":"standard","meta":{"_eb_attr":"","footnotes":""},"categories":[6],"tags":[],"class_list":["post-12745","post","type-post","status-publish","format-standard","hentry","category-politica"],"yoast_head":"<!-- This site is optimized with the Yoast SEO plugin v28.3 - https:\/\/yoast.com\/product\/yoast-seo-wordpress\/ -->\n<title>C\u00e2mara instala comiss\u00e3o sobre PEC da redu\u00e7\u00e3o da maioridade penal - DE CARA COM A VERDADE<\/title>\n<meta name=\"robots\" content=\"index, follow, max-snippet:-1, max-image-preview:large, max-video-preview:-1\" \/>\n<link rel=\"canonical\" href=\"https:\/\/www.decaracomaverdade.com.br\/noticias\/inicio\/camara-instala-comissao-sobre-pec-da-reducao-da-maioridade-penal\/\" \/>\n<meta property=\"og:locale\" content=\"pt_PT\" \/>\n<meta property=\"og:type\" content=\"article\" \/>\n<meta property=\"og:title\" content=\"C\u00e2mara instala comiss\u00e3o sobre PEC da redu\u00e7\u00e3o da maioridade penal - DE CARA COM A VERDADE\" \/>\n<meta property=\"og:description\" content=\"A C\u00e2mara dos Deputados instalou, nesta quarta-feira (12), a Comiss\u00e3o Especial para analisar a Proposta de Emenda \u00e0\" \/>\n<meta property=\"og:url\" content=\"https:\/\/www.decaracomaverdade.com.br\/noticias\/inicio\/camara-instala-comissao-sobre-pec-da-reducao-da-maioridade-penal\/\" \/>\n<meta property=\"og:site_name\" content=\"DE CARA COM A VERDADE\" \/>\n<meta property=\"article:published_time\" content=\"2026-08-12T16:43:01+00:00\" \/>\n<meta property=\"article:modified_time\" content=\"2026-08-21T16:45:53+00:00\" \/>\n<meta property=\"og:image\" content=\"https:\/\/www.decaracomaverdade.com.br\/noticias\/wp-content\/uploads\/2026\/08\/img20260609154304394.jpeg\" \/>\n\t<meta property=\"og:image:width\" content=\"1170\" \/>\n\t<meta property=\"og:image:height\" content=\"700\" \/>\n\t<meta property=\"og:image:type\" content=\"image\/jpeg\" \/>\n<meta name=\"author\" content=\"admin\" \/>\n<meta name=\"twitter:card\" content=\"summary_large_image\" \/>\n<meta name=\"twitter:label1\" content=\"Escrito por\" \/>\n\t<meta name=\"twitter:data1\" content=\"\" \/>\n\t<meta name=\"twitter:label2\" content=\"Tempo estimado de leitura\" \/>\n\t<meta name=\"twitter:data2\" content=\"1 minuto\" \/>\n<script type=\"application\/ld+json\" class=\"yoast-schema-graph\">{\"@context\":\"https:\\\/\\\/schema.org\",\"@graph\":[{\"@type\":\"Article\",\"@id\":\"https:\\\/\\\/www.decaracomaverdade.com.br\\\/noticias\\\/inicio\\\/camara-instala-comissao-sobre-pec-da-reducao-da-maioridade-penal\\\/#article\",\"isPartOf\":{\"@id\":\"https:\\\/\\\/www.decaracomaverdade.com.br\\\/noticias\\\/inicio\\\/camara-instala-comissao-sobre-pec-da-reducao-da-maioridade-penal\\\/\"},\"author\":{\"name\":\"admin\",\"@id\":\"https:\\\/\\\/www.decaracomaverdade.com.br\\\/noticias\\\/inicio\\\/#\\\/schema\\\/person\\\/57b3d7bc6204e8cb0524a8fe4e443f12\"},\"headline\":\"C\u00e2mara instala comiss\u00e3o sobre PEC da redu\u00e7\u00e3o da maioridade penal\",\"datePublished\":\"2026-08-12T16:43:01+00:00\",\"dateModified\":\"2026-08-21T16:45:53+00:00\",\"mainEntityOfPage\":{\"@id\":\"https:\\\/\\\/www.decaracomaverdade.com.br\\\/noticias\\\/inicio\\\/camara-instala-comissao-sobre-pec-da-reducao-da-maioridade-penal\\\/\"},\"wordCount\":271,\"image\":{\"@id\":\"https:\\\/\\\/www.decaracomaverdade.com.br\\\/noticias\\\/inicio\\\/camara-instala-comissao-sobre-pec-da-reducao-da-maioridade-penal\\\/#primaryimage\"},\"thumbnailUrl\":\"https:\\\/\\\/www.decaracomaverdade.com.br\\\/noticias\\\/wp-content\\\/uploads\\\/2026\\\/08\\\/img20260609154304394-1024x613.jpeg\",\"articleSection\":[\"Politica\"],\"inLanguage\":\"pt-PT\"},{\"@type\":\"WebPage\",\"@id\":\"https:\\\/\\\/www.decaracomaverdade.com.br\\\/noticias\\\/inicio\\\/camara-instala-comissao-sobre-pec-da-reducao-da-maioridade-penal\\\/\",\"url\":\"https:\\\/\\\/www.decaracomaverdade.com.br\\\/noticias\\\/inicio\\\/camara-instala-comissao-sobre-pec-da-reducao-da-maioridade-penal\\\/\",\"name\":\"C\u00e2mara instala comiss\u00e3o sobre PEC da redu\u00e7\u00e3o da maioridade penal - DE CARA COM A VERDADE\",\"isPartOf\":{\"@id\":\"https:\\\/\\\/www.decaracomaverdade.com.br\\\/noticias\\\/inicio\\\/#website\"},\"primaryImageOfPage\":{\"@id\":\"https:\\\/\\\/www.decaracomaverdade.com.br\\\/noticias\\\/inicio\\\/camara-instala-comissao-sobre-pec-da-reducao-da-maioridade-penal\\\/#primaryimage\"},\"image\":{\"@id\":\"https:\\\/\\\/www.decaracomaverdade.com.br\\\/noticias\\\/inicio\\\/camara-instala-comissao-sobre-pec-da-reducao-da-maioridade-penal\\\/#primaryimage\"},\"thumbnailUrl\":\"https:\\\/\\\/www.decaracomaverdade.com.br\\\/noticias\\\/wp-content\\\/uploads\\\/2026\\\/08\\\/img20260609154304394-1024x613.jpeg\",\"datePublished\":\"2026-08-12T16:43:01+00:00\",\"dateModified\":\"2026-08-21T16:45:53+00:00\",\"author\":{\"@id\":\"https:\\\/\\\/www.decaracomaverdade.com.br\\\/noticias\\\/inicio\\\/#\\\/schema\\\/person\\\/57b3d7bc6204e8cb0524a8fe4e443f12\"},\"breadcrumb\":{\"@id\":\"https:\\\/\\\/www.decaracomaverdade.com.br\\\/noticias\\\/inicio\\\/camara-instala-comissao-sobre-pec-da-reducao-da-maioridade-penal\\\/#breadcrumb\"},\"inLanguage\":\"pt-PT\",\"potentialAction\":[{\"@type\":\"ReadAction\",\"target\":[\"https:\\\/\\\/www.decaracomaverdade.com.br\\\/noticias\\\/inicio\\\/camara-instala-comissao-sobre-pec-da-reducao-da-maioridade-penal\\\/\"]}]},{\"@type\":\"ImageObject\",\"inLanguage\":\"pt-PT\",\"@id\":\"https:\\\/\\\/www.decaracomaverdade.com.br\\\/noticias\\\/inicio\\\/camara-instala-comissao-sobre-pec-da-reducao-da-maioridade-penal\\\/#primaryimage\",\"url\":\"https:\\\/\\\/www.decaracomaverdade.com.br\\\/noticias\\\/wp-content\\\/uploads\\\/2026\\\/08\\\/img20260609154304394-1024x613.jpeg\",\"contentUrl\":\"https:\\\/\\\/www.decaracomaverdade.com.br\\\/noticias\\\/wp-content\\\/uploads\\\/2026\\\/08\\\/img20260609154304394-1024x613.jpeg\"},{\"@type\":\"BreadcrumbList\",\"@id\":\"https:\\\/\\\/www.decaracomaverdade.com.br\\\/noticias\\\/inicio\\\/camara-instala-comissao-sobre-pec-da-reducao-da-maioridade-penal\\\/#breadcrumb\",\"itemListElement\":[{\"@type\":\"ListItem\",\"position\":1,\"name\":\"In\u00edcio\",\"item\":\"https:\\\/\\\/www.decaracomaverdade.com.br\\\/noticias\\\/inicio\\\/\"},{\"@type\":\"ListItem\",\"position\":2,\"name\":\"C\u00e2mara instala comiss\u00e3o sobre PEC da redu\u00e7\u00e3o da maioridade penal\"}]},{\"@type\":\"WebSite\",\"@id\":\"https:\\\/\\\/www.decaracomaverdade.com.br\\\/noticias\\\/inicio\\\/#website\",\"url\":\"https:\\\/\\\/www.decaracomaverdade.com.br\\\/noticias\\\/inicio\\\/\",\"name\":\"DE CARA COM A VERDADE\",\"description\":\"Get The Most Freshy News Every Day\",\"potentialAction\":[{\"@type\":\"SearchAction\",\"target\":{\"@type\":\"EntryPoint\",\"urlTemplate\":\"https:\\\/\\\/www.decaracomaverdade.com.br\\\/noticias\\\/inicio\\\/?s={search_term_string}\"},\"query-input\":{\"@type\":\"PropertyValueSpecification\",\"valueRequired\":true,\"valueName\":\"search_term_string\"}}],\"inLanguage\":\"pt-PT\"},{\"@type\":\"Person\",\"@id\":\"https:\\\/\\\/www.decaracomaverdade.com.br\\\/noticias\\\/inicio\\\/#\\\/schema\\\/person\\\/57b3d7bc6204e8cb0524a8fe4e443f12\",\"name\":\"admin\",\"image\":{\"@type\":\"ImageObject\",\"inLanguage\":\"pt-PT\",\"@id\":\"https:\\\/\\\/secure.gravatar.com\\\/avatar\\\/a58535844e1157019c1c46d6fed66689c314ba5bed048d83012b7f39ae98a79c?s=96&d=mm&r=g\",\"url\":\"https:\\\/\\\/secure.gravatar.com\\\/avatar\\\/a58535844e1157019c1c46d6fed66689c314ba5bed048d83012b7f39ae98a79c?s=96&d=mm&r=g\",\"contentUrl\":\"https:\\\/\\\/secure.gravatar.com\\\/avatar\\\/a58535844e1157019c1c46d6fed66689c314ba5bed048d83012b7f39ae98a79c?s=96&d=mm&r=g\",\"caption\":\"admin\"},\"sameAs\":[\"https:\\\/\\\/www.decaracomaverdade.com.br\\\/noticias\"],\"url\":\"https:\\\/\\\/www.decaracomaverdade.com.br\\\/noticias\\\/inicio\\\/author\\\/admin\\\/\"}]}<\/script>\n<!-- \/ Yoast SEO plugin. -->","yoast_head_json":{"title":"C\u00e2mara instala comiss\u00e3o sobre PEC da redu\u00e7\u00e3o da maioridade penal - DE CARA COM A VERDADE","robots":{"index":"index","follow":"follow","max-snippet":"max-snippet:-1","max-image-preview":"max-image-preview:large","max-video-preview":"max-video-preview:-1"},"canonical":"https:\/\/www.decaracomaverdade.com.br\/noticias\/inicio\/camara-instala-comissao-sobre-pec-da-reducao-da-maioridade-penal\/","og_locale":"pt_PT","og_type":"article","og_title":"C\u00e2mara instala comiss\u00e3o sobre PEC da redu\u00e7\u00e3o da maioridade penal - DE CARA COM A VERDADE","og_description":"A C\u00e2mara dos Deputados instalou, nesta quarta-feira (12), a Comiss\u00e3o Especial para analisar a Proposta de Emenda \u00e0","og_url":"https:\/\/www.decaracomaverdade.com.br\/noticias\/inicio\/camara-instala-comissao-sobre-pec-da-reducao-da-maioridade-penal\/","og_site_name":"DE CARA COM A VERDADE","article_published_time":"2026-08-12T16:43:01+00:00","article_modified_time":"2026-08-21T16:45:53+00:00","og_image":[{"width":1170,"height":700,"url":"https:\/\/www.decaracomaverdade.com.br\/noticias\/wp-content\/uploads\/2026\/08\/img20260609154304394.jpeg","type":"image\/jpeg"}],"author":"admin","twitter_card":"summary_large_image","twitter_misc":{"Escrito por":false,"Tempo estimado de leitura":"1 minuto"},"schema":{"@context":"https:\/\/schema.org","@graph":[{"@type":"Article","@id":"https:\/\/www.decaracomaverdade.com.br\/noticias\/inicio\/camara-instala-comissao-sobre-pec-da-reducao-da-maioridade-penal\/#article","isPartOf":{"@id":"https:\/\/www.decaracomaverdade.com.br\/noticias\/inicio\/camara-instala-comissao-sobre-pec-da-reducao-da-maioridade-penal\/"},"author":{"name":"admin","@id":"https:\/\/www.decaracomaverdade.com.br\/noticias\/inicio\/#\/schema\/person\/57b3d7bc6204e8cb0524a8fe4e443f12"},"headline":"C\u00e2mara instala comiss\u00e3o sobre PEC da redu\u00e7\u00e3o da maioridade penal","datePublished":"2026-08-12T16:43:01+00:00","dateModified":"2026-08-21T16:45:53+00:00","mainEntityOfPage":{"@id":"https:\/\/www.decaracomaverdade.com.br\/noticias\/inicio\/camara-instala-comissao-sobre-pec-da-reducao-da-maioridade-penal\/"},"wordCount":271,"image":{"@id":"https:\/\/www.decaracomaverdade.com.br\/noticias\/inicio\/camara-instala-comissao-sobre-pec-da-reducao-da-maioridade-penal\/#primaryimage"},"thumbnailUrl":"https:\/\/www.decaracomaverdade.com.br\/noticias\/wp-content\/uploads\/2026\/08\/img20260609154304394-1024x613.jpeg","articleSection":["Politica"],"inLanguage":"pt-PT"},{"@type":"WebPage","@id":"https:\/\/www.decaracomaverdade.com.br\/noticias\/inicio\/camara-instala-comissao-sobre-pec-da-reducao-da-maioridade-penal\/","url":"https:\/\/www.decaracomaverdade.com.br\/noticias\/inicio\/camara-instala-comissao-sobre-pec-da-reducao-da-maioridade-penal\/","name":"C\u00e2mara instala comiss\u00e3o sobre PEC da redu\u00e7\u00e3o da maioridade penal - DE CARA COM A VERDADE","isPartOf":{"@id":"https:\/\/www.decaracomaverdade.com.br\/noticias\/inicio\/#website"},"primaryImageOfPage":{"@id":"https:\/\/www.decaracomaverdade.com.br\/noticias\/inicio\/camara-instala-comissao-sobre-pec-da-reducao-da-maioridade-penal\/#primaryimage"},"image":{"@id":"https:\/\/www.decaracomaverdade.com.br\/noticias\/inicio\/camara-instala-comissao-sobre-pec-da-reducao-da-maioridade-penal\/#primaryimage"},"thumbnailUrl":"https:\/\/www.decaracomaverdade.com.br\/noticias\/wp-content\/uploads\/2026\/08\/img20260609154304394-1024x613.jpeg","datePublished":"2026-08-12T16:43:01+00:00","dateModified":"2026-08-21T16:45:53+00:00","author":{"@id":"https:\/\/www.decaracomaverdade.com.br\/noticias\/inicio\/#\/schema\/person\/57b3d7bc6204e8cb0524a8fe4e443f12"},"breadcrumb":{"@id":"https:\/\/www.decaracomaverdade.com.br\/noticias\/inicio\/camara-instala-comissao-sobre-pec-da-reducao-da-maioridade-penal\/#breadcrumb"},"inLanguage":"pt-PT","potentialAction":[{"@type":"ReadAction","target":["https:\/\/www.decaracomaverdade.com.br\/noticias\/inicio\/camara-instala-comissao-sobre-pec-da-reducao-da-maioridade-penal\/"]}]},{"@type":"ImageObject","inLanguage":"pt-PT","@id":"https:\/\/www.decaracomaverdade.com.br\/noticias\/inicio\/camara-instala-comissao-sobre-pec-da-reducao-da-maioridade-penal\/#primaryimage","url":"https:\/\/www.decaracomaverdade.com.br\/noticias\/wp-content\/uploads\/2026\/08\/img20260609154304394-1024x613.jpeg","contentUrl":"https:\/\/www.decaracomaverdade.com.br\/noticias\/wp-content\/uploads\/2026\/08\/img20260609154304394-1024x613.jpeg"},{"@type":"BreadcrumbList","@id":"https:\/\/www.decaracomaverdade.com.br\/noticias\/inicio\/camara-instala-comissao-sobre-pec-da-reducao-da-maioridade-penal\/#breadcrumb","itemListElement":[{"@type":"ListItem","position":1,"name":"In\u00edcio","item":"https:\/\/www.decaracomaverdade.com.br\/noticias\/inicio\/"},{"@type":"ListItem","position":2,"name":"C\u00e2mara instala comiss\u00e3o sobre PEC da redu\u00e7\u00e3o da maioridade penal"}]},{"@type":"WebSite","@id":"https:\/\/www.decaracomaverdade.com.br\/noticias\/inicio\/#website","url":"https:\/\/www.decaracomaverdade.com.br\/noticias\/inicio\/","name":"DE CARA COM A VERDADE","description":"Get The Most Freshy News Every Day","potentialAction":[{"@type":"SearchAction","target":{"@type":"EntryPoint","urlTemplate":"https:\/\/www.decaracomaverdade.com.br\/noticias\/inicio\/?s={search_term_string}"},"query-input":{"@type":"PropertyValueSpecification","valueRequired":true,"valueName":"search_term_string"}}],"inLanguage":"pt-PT"},{"@type":"Person","@id":"https:\/\/www.decaracomaverdade.com.br\/noticias\/inicio\/#\/schema\/person\/57b3d7bc6204e8cb0524a8fe4e443f12","name":"admin","image":{"@type":"ImageObject","inLanguage":"pt-PT","@id":"https:\/\/secure.gravatar.com\/avatar\/a58535844e1157019c1c46d6fed66689c314ba5bed048d83012b7f39ae98a79c?s=96&d=mm&r=g","url":"https:\/\/secure.gravatar.com\/avatar\/a58535844e1157019c1c46d6fed66689c314ba5bed048d83012b7f39ae98a79c?s=96&d=mm&r=g","contentUrl":"https:\/\/secure.gravatar.com\/avatar\/a58535844e1157019c1c46d6fed66689c314ba5bed048d83012b7f39ae98a79c?s=96&d=mm&r=g","caption":"admin"},"sameAs":["https:\/\/www.decaracomaverdade.com.br\/noticias"],"url":"https:\/\/www.decaracomaverdade.com.br\/noticias\/inicio\/author\/admin\/"}]}},"blog_post_layout_featured_media_urls":{"thumbnail":"","full":""},"categories_names":{"6":{"name":"Politica","link":"https:\/\/www.decaracomaverdade.com.br\/noticias\/inicio\/category\/politica\/"}},"tags_names":[],"comments_number":"0","wpmagazine_modules_lite_featured_media_urls":{"thumbnail":"","cvmm-medium":"","cvmm-medium-plus":"","cvmm-portrait":"","cvmm-medium-square":"","cvmm-large":"","cvmm-small":"","full":""},"_links":{"self":[{"href":"https:\/\/www.decaracomaverdade.com.br\/noticias\/inicio\/wp-json\/wp\/v2\/posts\/12745","targetHints":{"allow":["GET"]}}],"collection":[{"href":"https:\/\/www.decaracomaverdade.com.br\/noticias\/inicio\/wp-json\/wp\/v2\/posts"}],"about":[{"href":"https:\/\/www.decaracomaverdade.com.br\/noticias\/inicio\/wp-json\/wp\/v2\/types\/post"}],"author":[{"embeddable":true,"href":"https:\/\/www.decaracomaverdade.com.br\/noticias\/inicio\/wp-json\/wp\/v2\/users\/1"}],"replies":[{"embeddable":true,"href":"https:\/\/www.decaracomaverdade.com.br\/noticias\/inicio\/wp-json\/wp\/v2\/comments?post=12745"}],"version-history":[{"count":4,"href":"https:\/\/www.decaracomaverdade.com.br\/noticias\/inicio\/wp-json\/wp\/v2\/posts\/12745\/revisions"}],"predecessor-version":[{"id":12750,"href":"https:\/\/www.decaracomaverdade.com.br\/noticias\/inicio\/wp-json\/wp\/v2\/posts\/12745\/revisions\/12750"}],"wp:attachment":[{"href":"https:\/\/www.decaracomaverdade.com.br\/noticias\/inicio\/wp-json\/wp\/v2\/media?parent=12745"}],"wp:term":[{"taxonomy":"category","embeddable":true,"href":"https:\/\/www.decaracomaverdade.com.br\/noticias\/inicio\/wp-json\/wp\/v2\/categories?post=12745"},{"taxonomy":"post_tag","embeddable":true,"href":"https:\/\/www.decaracomaverdade.com.br\/noticias\/inicio\/wp-json\/wp\/v2\/tags?post=12745"}],"curies":[{"name":"wp","href":"https:\/\/api.w.org\/{rel}","templated":true}]}}