{"id":12727,"date":"2026-08-21T16:31:48","date_gmt":"2026-08-21T16:31:48","guid":{"rendered":"https:\/\/www.decaracomaverdade.com.br\/noticias\/inicio\/?p=12727"},"modified":"2026-08-21T16:33:36","modified_gmt":"2026-08-21T16:33:36","slug":"candidaturas-lgbt-tem-recorde-em-2026-e-se-espalham-por-mais-partidos","status":"publish","type":"post","link":"https:\/\/www.decaracomaverdade.com.br\/noticias\/inicio\/candidaturas-lgbt-tem-recorde-em-2026-e-se-espalham-por-mais-partidos\/","title":{"rendered":"Candidaturas LGBT+ t\u00eam recorde em 2026 e se espalham por mais partidos"},"content":{"rendered":"\t\t<div data-elementor-type=\"wp-post\" data-elementor-id=\"12727\" class=\"elementor elementor-12727\">\n\t\t\t\t\t\t<section class=\"elementor-section elementor-top-section elementor-element elementor-element-1ed5db6 elementor-section-boxed elementor-section-height-default elementor-section-height-default\" data-id=\"1ed5db6\" data-element_type=\"section\" data-e-type=\"section\">\n\t\t\t\t\t\t<div class=\"elementor-container elementor-column-gap-default\">\n\t\t\t\t\t<div class=\"elementor-column elementor-col-100 elementor-top-column elementor-element elementor-element-1b08779\" data-id=\"1b08779\" data-element_type=\"column\" data-e-type=\"column\">\n\t\t\t<div class=\"elementor-widget-wrap elementor-element-populated\">\n\t\t\t\t\t\t<div class=\"elementor-element elementor-element-45e9a18 elementor-widget elementor-widget-image\" data-id=\"45e9a18\" data-element_type=\"widget\" data-e-type=\"widget\" data-widget_type=\"image.default\">\n\t\t\t\t<div class=\"elementor-widget-container\">\n\t\t\t\t\t\t\t\t\t\t\t\t\t\t\t<img loading=\"lazy\" width=\"640\" height=\"383\" src=\"https:\/\/www.decaracomaverdade.com.br\/noticias\/wp-content\/uploads\/2026\/08\/raf2366-4-1024x613.webp\" class=\"attachment-large size-large wp-image-12729\" alt=\"_raf2366-4\" srcset=\"https:\/\/www.decaracomaverdade.com.br\/noticias\/wp-content\/uploads\/2026\/08\/raf2366-4-1024x613.webp 1024w, https:\/\/www.decaracomaverdade.com.br\/noticias\/wp-content\/uploads\/2026\/08\/raf2366-4-300x179.webp 300w, https:\/\/www.decaracomaverdade.com.br\/noticias\/wp-content\/uploads\/2026\/08\/raf2366-4-768x459.webp 768w, https:\/\/www.decaracomaverdade.com.br\/noticias\/wp-content\/uploads\/2026\/08\/raf2366-4.webp 1170w\" sizes=\"auto, (max-width: 640px) 100vw, 640px\" loading=\"lazy\" decoding=\"async\" \/>\t\t\t\t\t\t\t\t\t\t\t\t\t\t\t<\/div>\n\t\t\t\t<\/div>\n\t\t\t\t\t<\/div>\n\t\t<\/div>\n\t\t\t\t\t<\/div>\n\t\t<\/section>\n\t\t\t\t<section class=\"elementor-section elementor-top-section elementor-element elementor-element-eba8337 elementor-section-boxed elementor-section-height-default elementor-section-height-default\" data-id=\"eba8337\" data-element_type=\"section\" data-e-type=\"section\">\n\t\t\t\t\t\t<div class=\"elementor-container elementor-column-gap-default\">\n\t\t\t\t\t<div class=\"elementor-column elementor-col-100 elementor-top-column elementor-element elementor-element-ace7b6c\" data-id=\"ace7b6c\" data-element_type=\"column\" data-e-type=\"column\">\n\t\t\t<div class=\"elementor-widget-wrap elementor-element-populated\">\n\t\t\t\t\t\t<div class=\"elementor-element elementor-element-656e518 elementor-widget elementor-widget-text-editor\" data-id=\"656e518\" data-element_type=\"widget\" data-e-type=\"widget\" data-widget_type=\"text-editor.default\">\n\t\t\t\t<div class=\"elementor-widget-container\">\n\t\t\t\t\t\t\t\t\t<p>O n\u00famero de candidaturas LGBT+ registrou um recorde para as elei\u00e7\u00f5es gerais de 2026.<strong>\u00a0At\u00e9 o agora, h\u00e1 514 nomes confirmados, o que representa um crescimento de 57% na compara\u00e7\u00e3o com 2022<\/strong>.<img decoding=\"async\" src=\"https:\/\/agenciabrasil.ebc.com.br\/ebc.png?id=1700119&amp;o=node\" \/><img decoding=\"async\" src=\"https:\/\/agenciabrasil.ebc.com.br\/ebc.gif?id=1700119&amp;o=node\" \/><\/p><p>Os dados fazem parte de um levantamento divulgado\u00a0nesta ter\u00e7a-feira (18) pelo Instituto Plena Cidadania, organiza\u00e7\u00e3o que desenvolve projetos relacionados \u00e0 democracia, cidadania e direitos humanos.<\/p><p>A expans\u00e3o ocorre em sentido contr\u00e1rio ao universo geral da elei\u00e7\u00e3o. Em 2022, o total de candidaturas era de 29.262 e, em 2026, caiu para 20.524. Com isso, proporcionalmente, a participa\u00e7\u00e3o LGBT+ no universo eleitoral mais que dobrou, saindo de 1,12% para 2,5%.<\/p><p><strong>Enquanto, em 2022, havia uma candidatura LGBT+ para cada cerca de 90 candidaturas, em 2026, a propor\u00e7\u00e3o \u00e9 de uma para cada 40<\/strong>.<\/p><p>As candidaturas \u00e0 C\u00e2mara dos Deputados foram 116 na \u00faltima elei\u00e7\u00e3o e, neste ano, s\u00e3o 214, o que significa alta de 84%. Na disputa pelas\u00a0assembleias estaduais e distrital, o crescimento\u00a0foi de\u00a036%, passando de 205 para 279.<\/p><p>Gui Mohallem, da diretoria executiva do Instituto Plena Cidadania, descreveu que\u00a0<strong>a presen\u00e7a de candidaturas LGBT+ tamb\u00e9m est\u00e1\u00a0mais espalhada pelo sistema partid\u00e1rio<\/strong>. Pelos c\u00e1lculos do levantamento, em 2022, esses postulantes estavam\u00a0em 23 das 32 legendas. Neste ano, est\u00e3o\u00a0em\u00a027 dos 30 partidos em disputa.<\/p><p>O levantamento chama aten\u00e7\u00e3o para o n\u00edvel de investimento\u00a0dos partidos nessas campanhas, uma vez que a competitividade delas depende dos recursos.<\/p><p>Conforme o estudo, mais da metade das lideran\u00e7as LGBT+ eleitas em 2024\u00a0vinculadas a partidos de centro e de direita n\u00e3o receberam financiamento partid\u00e1rio. Entre as pessoas LGBT+ eleitas por partidos de esquerda, esse percentual foi de um quinto.<\/p><h2>Regi\u00f5es<\/h2><p><strong>O aumento de candidaturas LGBT+ foi maior fora do eixo Sul-Sudeste<\/strong>: na Regi\u00e3o Norte, subiu 141%;\u00a0seguida da Centro-Oeste, com 88%;\u00a0e da Nordeste, com 82%.<\/p><p>O Sudeste ainda concentra\u00a0o maior n\u00famero absoluto de candidaturas, apesar de ter recuado de 37,6% para 31,3% do total.<\/p><p>Em n\u00famero de candidaturas, a Regi\u00e3o Norte cresceu de 22 para 53 candidaturas; a Centro-Oeste, de 41 para 77; a Nordeste, de 73 para 133; e a Sudeste permanece na frente, com 161.<\/p><p>\u201cA gente est\u00e1 fazendo muito mais a\u00e7\u00f5es e decidiu, h\u00e1 tr\u00eas anos, focar fora do Sudeste, onde j\u00e1 estava mais organizado\u201d, acrescentou Gui, destacando que,\u00a0<strong>na elei\u00e7\u00e3o de 2022, os candidatos LGBT+ conseguiram 3,5 milh\u00f5es de votos no pa\u00eds<\/strong>.<\/p><p>Outra diferen\u00e7a em 2026 \u00e9 o espalhamento das candidaturas entre as legendas. Antes, eram mais concentradas no PT e PSOL, que ainda est\u00e3o na frente, mas j\u00e1 h\u00e1 mais candidatos\u00a0em outros partidos.<\/p><p>\u201cA nossa presen\u00e7a na sociedade \u00e9 inevit\u00e1vel. Est\u00e1 sendo interessante porque o aumento vai at\u00e9 os partidos de extrema direita\u201d, contou, completando que os partidos \u00e9 que fazem a declara\u00e7\u00e3o LGBT.<\/p><h2>Pautas<\/h2><p>O diretor executivo destacou ainda que as atua\u00e7\u00f5es de quem alcan\u00e7a uma cadeira nas casas legislativas n\u00e3o defendem apenas bandeiras LGBT+, mas se dedicam a quest\u00f5es sociais.<\/p><p>\u201cLGBT \u00e9 um dos grupos a quem s\u00e3o negados a cidadania plena. A gente tamb\u00e9m \u00e9 deficiente, mulher, favelado, negro. LGBT est\u00e1 em todos os lugares, ent\u00e3o, quando a gente chega no poder, tem uma bagagem muito maior e pronta para responder \u00e0s demandas da popula\u00e7\u00e3o\u201d, afirmou.<\/p><h2>Metodologia<\/h2><p>Os dados do levantamento s\u00e3o baseados em inscri\u00e7\u00f5es registradas no site do Tribunal Superior Eleitoral (TSE) e na plataforma do VoteLGBT, \u201cconsiderando as candidaturas autodeclaradas e com autoriza\u00e7\u00e3o de divulga\u00e7\u00e3o\u201d.<\/p><p>\u201cPor se tratar de dados autodeclarat\u00f3rios, novos cadastros poder\u00e3o ser inclu\u00eddos no site VoteLGBT, e as informa\u00e7\u00f5es poder\u00e3o ser atualizadas e complementadas periodicamente. Dados atualizados estar\u00e3o dispon\u00edveis ao longo da campanha no\u00a0<em>dashboard<\/em>\u00a0do projeto\u201d, informou o Instituto Plena Cidadania.<\/p><p>A iniciativa VoteLGBT foi criada em 2014 \u201cpara conectar eleitoras e eleitores brasileiros a lideran\u00e7as LGBT+ comprometidas com os direitos humanos, a democracia e a representatividade pol\u00edtica\u201d.<\/p>\t\t\t\t\t\t\t\t<\/div>\n\t\t\t\t<\/div>\n\t\t\t\t\t<\/div>\n\t\t<\/div>\n\t\t\t\t\t<\/div>\n\t\t<\/section>\n\t\t\t\t<\/div>\n\t\t","protected":false},"excerpt":{"rendered":"<p>O n\u00famero de candidaturas LGBT+ registrou um recorde para as elei\u00e7\u00f5es gerais de 2026.\u00a0At\u00e9 o agora, h\u00e1 514<\/p>\n","protected":false},"author":1,"featured_media":0,"comment_status":"closed","ping_status":"open","sticky":false,"template":"","format":"standard","meta":{"_eb_attr":"","footnotes":""},"categories":[6],"tags":[],"class_list":["post-12727","post","type-post","status-publish","format-standard","hentry","category-politica"],"yoast_head":"<!-- This site is optimized with the Yoast SEO plugin v28.3 - https:\/\/yoast.com\/product\/yoast-seo-wordpress\/ -->\n<title>Candidaturas LGBT+ t\u00eam recorde em 2026 e se espalham por mais partidos - DE CARA COM A VERDADE<\/title>\n<meta name=\"robots\" content=\"index, follow, max-snippet:-1, max-image-preview:large, max-video-preview:-1\" \/>\n<link rel=\"canonical\" href=\"https:\/\/www.decaracomaverdade.com.br\/noticias\/inicio\/candidaturas-lgbt-tem-recorde-em-2026-e-se-espalham-por-mais-partidos\/\" \/>\n<meta property=\"og:locale\" content=\"pt_PT\" \/>\n<meta property=\"og:type\" content=\"article\" \/>\n<meta property=\"og:title\" content=\"Candidaturas LGBT+ t\u00eam recorde em 2026 e se espalham por mais partidos - DE CARA COM A VERDADE\" \/>\n<meta property=\"og:description\" content=\"O n\u00famero de candidaturas LGBT+ registrou um recorde para as elei\u00e7\u00f5es gerais de 2026.\u00a0At\u00e9 o agora, h\u00e1 514\" \/>\n<meta property=\"og:url\" content=\"https:\/\/www.decaracomaverdade.com.br\/noticias\/inicio\/candidaturas-lgbt-tem-recorde-em-2026-e-se-espalham-por-mais-partidos\/\" \/>\n<meta property=\"og:site_name\" content=\"DE CARA COM A VERDADE\" \/>\n<meta property=\"article:published_time\" content=\"2026-08-21T16:31:48+00:00\" \/>\n<meta property=\"article:modified_time\" content=\"2026-08-21T16:33:36+00:00\" \/>\n<meta property=\"og:image\" content=\"https:\/\/www.decaracomaverdade.com.br\/noticias\/wp-content\/uploads\/2026\/08\/raf2366-4.webp\" \/>\n\t<meta property=\"og:image:width\" content=\"1170\" \/>\n\t<meta property=\"og:image:height\" content=\"700\" \/>\n\t<meta property=\"og:image:type\" content=\"image\/webp\" \/>\n<meta name=\"author\" content=\"admin\" \/>\n<meta name=\"twitter:card\" content=\"summary_large_image\" \/>\n<meta name=\"twitter:label1\" content=\"Escrito por\" \/>\n\t<meta name=\"twitter:data1\" content=\"\" \/>\n\t<meta name=\"twitter:label2\" content=\"Tempo estimado de leitura\" \/>\n\t<meta name=\"twitter:data2\" content=\"3 minutos\" \/>\n<script type=\"application\/ld+json\" class=\"yoast-schema-graph\">{\"@context\":\"https:\\\/\\\/schema.org\",\"@graph\":[{\"@type\":\"Article\",\"@id\":\"https:\\\/\\\/www.decaracomaverdade.com.br\\\/noticias\\\/inicio\\\/candidaturas-lgbt-tem-recorde-em-2026-e-se-espalham-por-mais-partidos\\\/#article\",\"isPartOf\":{\"@id\":\"https:\\\/\\\/www.decaracomaverdade.com.br\\\/noticias\\\/inicio\\\/candidaturas-lgbt-tem-recorde-em-2026-e-se-espalham-por-mais-partidos\\\/\"},\"author\":{\"name\":\"admin\",\"@id\":\"https:\\\/\\\/www.decaracomaverdade.com.br\\\/noticias\\\/inicio\\\/#\\\/schema\\\/person\\\/57b3d7bc6204e8cb0524a8fe4e443f12\"},\"headline\":\"Candidaturas LGBT+ t\u00eam recorde em 2026 e se espalham por mais partidos\",\"datePublished\":\"2026-08-21T16:31:48+00:00\",\"dateModified\":\"2026-08-21T16:33:36+00:00\",\"mainEntityOfPage\":{\"@id\":\"https:\\\/\\\/www.decaracomaverdade.com.br\\\/noticias\\\/inicio\\\/candidaturas-lgbt-tem-recorde-em-2026-e-se-espalham-por-mais-partidos\\\/\"},\"wordCount\":647,\"image\":{\"@id\":\"https:\\\/\\\/www.decaracomaverdade.com.br\\\/noticias\\\/inicio\\\/candidaturas-lgbt-tem-recorde-em-2026-e-se-espalham-por-mais-partidos\\\/#primaryimage\"},\"thumbnailUrl\":\"https:\\\/\\\/www.decaracomaverdade.com.br\\\/noticias\\\/wp-content\\\/uploads\\\/2026\\\/08\\\/raf2366-4-1024x613.webp\",\"articleSection\":[\"Politica\"],\"inLanguage\":\"pt-PT\"},{\"@type\":\"WebPage\",\"@id\":\"https:\\\/\\\/www.decaracomaverdade.com.br\\\/noticias\\\/inicio\\\/candidaturas-lgbt-tem-recorde-em-2026-e-se-espalham-por-mais-partidos\\\/\",\"url\":\"https:\\\/\\\/www.decaracomaverdade.com.br\\\/noticias\\\/inicio\\\/candidaturas-lgbt-tem-recorde-em-2026-e-se-espalham-por-mais-partidos\\\/\",\"name\":\"Candidaturas LGBT+ t\u00eam recorde em 2026 e se espalham por mais partidos - DE CARA COM A VERDADE\",\"isPartOf\":{\"@id\":\"https:\\\/\\\/www.decaracomaverdade.com.br\\\/noticias\\\/inicio\\\/#website\"},\"primaryImageOfPage\":{\"@id\":\"https:\\\/\\\/www.decaracomaverdade.com.br\\\/noticias\\\/inicio\\\/candidaturas-lgbt-tem-recorde-em-2026-e-se-espalham-por-mais-partidos\\\/#primaryimage\"},\"image\":{\"@id\":\"https:\\\/\\\/www.decaracomaverdade.com.br\\\/noticias\\\/inicio\\\/candidaturas-lgbt-tem-recorde-em-2026-e-se-espalham-por-mais-partidos\\\/#primaryimage\"},\"thumbnailUrl\":\"https:\\\/\\\/www.decaracomaverdade.com.br\\\/noticias\\\/wp-content\\\/uploads\\\/2026\\\/08\\\/raf2366-4-1024x613.webp\",\"datePublished\":\"2026-08-21T16:31:48+00:00\",\"dateModified\":\"2026-08-21T16:33:36+00:00\",\"author\":{\"@id\":\"https:\\\/\\\/www.decaracomaverdade.com.br\\\/noticias\\\/inicio\\\/#\\\/schema\\\/person\\\/57b3d7bc6204e8cb0524a8fe4e443f12\"},\"breadcrumb\":{\"@id\":\"https:\\\/\\\/www.decaracomaverdade.com.br\\\/noticias\\\/inicio\\\/candidaturas-lgbt-tem-recorde-em-2026-e-se-espalham-por-mais-partidos\\\/#breadcrumb\"},\"inLanguage\":\"pt-PT\",\"potentialAction\":[{\"@type\":\"ReadAction\",\"target\":[\"https:\\\/\\\/www.decaracomaverdade.com.br\\\/noticias\\\/inicio\\\/candidaturas-lgbt-tem-recorde-em-2026-e-se-espalham-por-mais-partidos\\\/\"]}]},{\"@type\":\"ImageObject\",\"inLanguage\":\"pt-PT\",\"@id\":\"https:\\\/\\\/www.decaracomaverdade.com.br\\\/noticias\\\/inicio\\\/candidaturas-lgbt-tem-recorde-em-2026-e-se-espalham-por-mais-partidos\\\/#primaryimage\",\"url\":\"https:\\\/\\\/www.decaracomaverdade.com.br\\\/noticias\\\/wp-content\\\/uploads\\\/2026\\\/08\\\/raf2366-4-1024x613.webp\",\"contentUrl\":\"https:\\\/\\\/www.decaracomaverdade.com.br\\\/noticias\\\/wp-content\\\/uploads\\\/2026\\\/08\\\/raf2366-4-1024x613.webp\"},{\"@type\":\"BreadcrumbList\",\"@id\":\"https:\\\/\\\/www.decaracomaverdade.com.br\\\/noticias\\\/inicio\\\/candidaturas-lgbt-tem-recorde-em-2026-e-se-espalham-por-mais-partidos\\\/#breadcrumb\",\"itemListElement\":[{\"@type\":\"ListItem\",\"position\":1,\"name\":\"In\u00edcio\",\"item\":\"https:\\\/\\\/www.decaracomaverdade.com.br\\\/noticias\\\/inicio\\\/\"},{\"@type\":\"ListItem\",\"position\":2,\"name\":\"Candidaturas LGBT+ t\u00eam recorde em 2026 e se espalham por mais partidos\"}]},{\"@type\":\"WebSite\",\"@id\":\"https:\\\/\\\/www.decaracomaverdade.com.br\\\/noticias\\\/inicio\\\/#website\",\"url\":\"https:\\\/\\\/www.decaracomaverdade.com.br\\\/noticias\\\/inicio\\\/\",\"name\":\"DE CARA COM A VERDADE\",\"description\":\"Get The Most Freshy News Every Day\",\"potentialAction\":[{\"@type\":\"SearchAction\",\"target\":{\"@type\":\"EntryPoint\",\"urlTemplate\":\"https:\\\/\\\/www.decaracomaverdade.com.br\\\/noticias\\\/inicio\\\/?s={search_term_string}\"},\"query-input\":{\"@type\":\"PropertyValueSpecification\",\"valueRequired\":true,\"valueName\":\"search_term_string\"}}],\"inLanguage\":\"pt-PT\"},{\"@type\":\"Person\",\"@id\":\"https:\\\/\\\/www.decaracomaverdade.com.br\\\/noticias\\\/inicio\\\/#\\\/schema\\\/person\\\/57b3d7bc6204e8cb0524a8fe4e443f12\",\"name\":\"admin\",\"image\":{\"@type\":\"ImageObject\",\"inLanguage\":\"pt-PT\",\"@id\":\"https:\\\/\\\/secure.gravatar.com\\\/avatar\\\/a58535844e1157019c1c46d6fed66689c314ba5bed048d83012b7f39ae98a79c?s=96&d=mm&r=g\",\"url\":\"https:\\\/\\\/secure.gravatar.com\\\/avatar\\\/a58535844e1157019c1c46d6fed66689c314ba5bed048d83012b7f39ae98a79c?s=96&d=mm&r=g\",\"contentUrl\":\"https:\\\/\\\/secure.gravatar.com\\\/avatar\\\/a58535844e1157019c1c46d6fed66689c314ba5bed048d83012b7f39ae98a79c?s=96&d=mm&r=g\",\"caption\":\"admin\"},\"sameAs\":[\"https:\\\/\\\/www.decaracomaverdade.com.br\\\/noticias\"],\"url\":\"https:\\\/\\\/www.decaracomaverdade.com.br\\\/noticias\\\/inicio\\\/author\\\/admin\\\/\"}]}<\/script>\n<!-- \/ Yoast SEO plugin. -->","yoast_head_json":{"title":"Candidaturas LGBT+ t\u00eam recorde em 2026 e se espalham por mais partidos - DE CARA COM A VERDADE","robots":{"index":"index","follow":"follow","max-snippet":"max-snippet:-1","max-image-preview":"max-image-preview:large","max-video-preview":"max-video-preview:-1"},"canonical":"https:\/\/www.decaracomaverdade.com.br\/noticias\/inicio\/candidaturas-lgbt-tem-recorde-em-2026-e-se-espalham-por-mais-partidos\/","og_locale":"pt_PT","og_type":"article","og_title":"Candidaturas LGBT+ t\u00eam recorde em 2026 e se espalham por mais partidos - DE CARA COM A VERDADE","og_description":"O n\u00famero de candidaturas LGBT+ registrou um recorde para as elei\u00e7\u00f5es gerais de 2026.\u00a0At\u00e9 o agora, h\u00e1 514","og_url":"https:\/\/www.decaracomaverdade.com.br\/noticias\/inicio\/candidaturas-lgbt-tem-recorde-em-2026-e-se-espalham-por-mais-partidos\/","og_site_name":"DE CARA COM A VERDADE","article_published_time":"2026-08-21T16:31:48+00:00","article_modified_time":"2026-08-21T16:33:36+00:00","og_image":[{"width":1170,"height":700,"url":"https:\/\/www.decaracomaverdade.com.br\/noticias\/wp-content\/uploads\/2026\/08\/raf2366-4.webp","type":"image\/webp"}],"author":"admin","twitter_card":"summary_large_image","twitter_misc":{"Escrito por":false,"Tempo estimado de leitura":"3 minutos"},"schema":{"@context":"https:\/\/schema.org","@graph":[{"@type":"Article","@id":"https:\/\/www.decaracomaverdade.com.br\/noticias\/inicio\/candidaturas-lgbt-tem-recorde-em-2026-e-se-espalham-por-mais-partidos\/#article","isPartOf":{"@id":"https:\/\/www.decaracomaverdade.com.br\/noticias\/inicio\/candidaturas-lgbt-tem-recorde-em-2026-e-se-espalham-por-mais-partidos\/"},"author":{"name":"admin","@id":"https:\/\/www.decaracomaverdade.com.br\/noticias\/inicio\/#\/schema\/person\/57b3d7bc6204e8cb0524a8fe4e443f12"},"headline":"Candidaturas LGBT+ t\u00eam recorde em 2026 e se espalham por mais partidos","datePublished":"2026-08-21T16:31:48+00:00","dateModified":"2026-08-21T16:33:36+00:00","mainEntityOfPage":{"@id":"https:\/\/www.decaracomaverdade.com.br\/noticias\/inicio\/candidaturas-lgbt-tem-recorde-em-2026-e-se-espalham-por-mais-partidos\/"},"wordCount":647,"image":{"@id":"https:\/\/www.decaracomaverdade.com.br\/noticias\/inicio\/candidaturas-lgbt-tem-recorde-em-2026-e-se-espalham-por-mais-partidos\/#primaryimage"},"thumbnailUrl":"https:\/\/www.decaracomaverdade.com.br\/noticias\/wp-content\/uploads\/2026\/08\/raf2366-4-1024x613.webp","articleSection":["Politica"],"inLanguage":"pt-PT"},{"@type":"WebPage","@id":"https:\/\/www.decaracomaverdade.com.br\/noticias\/inicio\/candidaturas-lgbt-tem-recorde-em-2026-e-se-espalham-por-mais-partidos\/","url":"https:\/\/www.decaracomaverdade.com.br\/noticias\/inicio\/candidaturas-lgbt-tem-recorde-em-2026-e-se-espalham-por-mais-partidos\/","name":"Candidaturas LGBT+ t\u00eam recorde em 2026 e se espalham por mais partidos - DE CARA COM A VERDADE","isPartOf":{"@id":"https:\/\/www.decaracomaverdade.com.br\/noticias\/inicio\/#website"},"primaryImageOfPage":{"@id":"https:\/\/www.decaracomaverdade.com.br\/noticias\/inicio\/candidaturas-lgbt-tem-recorde-em-2026-e-se-espalham-por-mais-partidos\/#primaryimage"},"image":{"@id":"https:\/\/www.decaracomaverdade.com.br\/noticias\/inicio\/candidaturas-lgbt-tem-recorde-em-2026-e-se-espalham-por-mais-partidos\/#primaryimage"},"thumbnailUrl":"https:\/\/www.decaracomaverdade.com.br\/noticias\/wp-content\/uploads\/2026\/08\/raf2366-4-1024x613.webp","datePublished":"2026-08-21T16:31:48+00:00","dateModified":"2026-08-21T16:33:36+00:00","author":{"@id":"https:\/\/www.decaracomaverdade.com.br\/noticias\/inicio\/#\/schema\/person\/57b3d7bc6204e8cb0524a8fe4e443f12"},"breadcrumb":{"@id":"https:\/\/www.decaracomaverdade.com.br\/noticias\/inicio\/candidaturas-lgbt-tem-recorde-em-2026-e-se-espalham-por-mais-partidos\/#breadcrumb"},"inLanguage":"pt-PT","potentialAction":[{"@type":"ReadAction","target":["https:\/\/www.decaracomaverdade.com.br\/noticias\/inicio\/candidaturas-lgbt-tem-recorde-em-2026-e-se-espalham-por-mais-partidos\/"]}]},{"@type":"ImageObject","inLanguage":"pt-PT","@id":"https:\/\/www.decaracomaverdade.com.br\/noticias\/inicio\/candidaturas-lgbt-tem-recorde-em-2026-e-se-espalham-por-mais-partidos\/#primaryimage","url":"https:\/\/www.decaracomaverdade.com.br\/noticias\/wp-content\/uploads\/2026\/08\/raf2366-4-1024x613.webp","contentUrl":"https:\/\/www.decaracomaverdade.com.br\/noticias\/wp-content\/uploads\/2026\/08\/raf2366-4-1024x613.webp"},{"@type":"BreadcrumbList","@id":"https:\/\/www.decaracomaverdade.com.br\/noticias\/inicio\/candidaturas-lgbt-tem-recorde-em-2026-e-se-espalham-por-mais-partidos\/#breadcrumb","itemListElement":[{"@type":"ListItem","position":1,"name":"In\u00edcio","item":"https:\/\/www.decaracomaverdade.com.br\/noticias\/inicio\/"},{"@type":"ListItem","position":2,"name":"Candidaturas LGBT+ t\u00eam recorde em 2026 e se espalham por mais partidos"}]},{"@type":"WebSite","@id":"https:\/\/www.decaracomaverdade.com.br\/noticias\/inicio\/#website","url":"https:\/\/www.decaracomaverdade.com.br\/noticias\/inicio\/","name":"DE CARA COM A VERDADE","description":"Get The Most Freshy News Every Day","potentialAction":[{"@type":"SearchAction","target":{"@type":"EntryPoint","urlTemplate":"https:\/\/www.decaracomaverdade.com.br\/noticias\/inicio\/?s={search_term_string}"},"query-input":{"@type":"PropertyValueSpecification","valueRequired":true,"valueName":"search_term_string"}}],"inLanguage":"pt-PT"},{"@type":"Person","@id":"https:\/\/www.decaracomaverdade.com.br\/noticias\/inicio\/#\/schema\/person\/57b3d7bc6204e8cb0524a8fe4e443f12","name":"admin","image":{"@type":"ImageObject","inLanguage":"pt-PT","@id":"https:\/\/secure.gravatar.com\/avatar\/a58535844e1157019c1c46d6fed66689c314ba5bed048d83012b7f39ae98a79c?s=96&d=mm&r=g","url":"https:\/\/secure.gravatar.com\/avatar\/a58535844e1157019c1c46d6fed66689c314ba5bed048d83012b7f39ae98a79c?s=96&d=mm&r=g","contentUrl":"https:\/\/secure.gravatar.com\/avatar\/a58535844e1157019c1c46d6fed66689c314ba5bed048d83012b7f39ae98a79c?s=96&d=mm&r=g","caption":"admin"},"sameAs":["https:\/\/www.decaracomaverdade.com.br\/noticias"],"url":"https:\/\/www.decaracomaverdade.com.br\/noticias\/inicio\/author\/admin\/"}]}},"blog_post_layout_featured_media_urls":{"thumbnail":"","full":""},"categories_names":{"6":{"name":"Politica","link":"https:\/\/www.decaracomaverdade.com.br\/noticias\/inicio\/category\/politica\/"}},"tags_names":[],"comments_number":"0","wpmagazine_modules_lite_featured_media_urls":{"thumbnail":"","cvmm-medium":"","cvmm-medium-plus":"","cvmm-portrait":"","cvmm-medium-square":"","cvmm-large":"","cvmm-small":"","full":""},"_links":{"self":[{"href":"https:\/\/www.decaracomaverdade.com.br\/noticias\/inicio\/wp-json\/wp\/v2\/posts\/12727","targetHints":{"allow":["GET"]}}],"collection":[{"href":"https:\/\/www.decaracomaverdade.com.br\/noticias\/inicio\/wp-json\/wp\/v2\/posts"}],"about":[{"href":"https:\/\/www.decaracomaverdade.com.br\/noticias\/inicio\/wp-json\/wp\/v2\/types\/post"}],"author":[{"embeddable":true,"href":"https:\/\/www.decaracomaverdade.com.br\/noticias\/inicio\/wp-json\/wp\/v2\/users\/1"}],"replies":[{"embeddable":true,"href":"https:\/\/www.decaracomaverdade.com.br\/noticias\/inicio\/wp-json\/wp\/v2\/comments?post=12727"}],"version-history":[{"count":4,"href":"https:\/\/www.decaracomaverdade.com.br\/noticias\/inicio\/wp-json\/wp\/v2\/posts\/12727\/revisions"}],"predecessor-version":[{"id":12732,"href":"https:\/\/www.decaracomaverdade.com.br\/noticias\/inicio\/wp-json\/wp\/v2\/posts\/12727\/revisions\/12732"}],"wp:attachment":[{"href":"https:\/\/www.decaracomaverdade.com.br\/noticias\/inicio\/wp-json\/wp\/v2\/media?parent=12727"}],"wp:term":[{"taxonomy":"category","embeddable":true,"href":"https:\/\/www.decaracomaverdade.com.br\/noticias\/inicio\/wp-json\/wp\/v2\/categories?post=12727"},{"taxonomy":"post_tag","embeddable":true,"href":"https:\/\/www.decaracomaverdade.com.br\/noticias\/inicio\/wp-json\/wp\/v2\/tags?post=12727"}],"curies":[{"name":"wp","href":"https:\/\/api.w.org\/{rel}","templated":true}]}}