{"id":12721,"date":"2026-08-21T16:26:45","date_gmt":"2026-08-21T16:26:45","guid":{"rendered":"https:\/\/www.decaracomaverdade.com.br\/noticias\/inicio\/?p=12721"},"modified":"2026-08-21T16:28:34","modified_gmt":"2026-08-21T16:28:34","slug":"traficante-foragido-da-justica-e-preso-pela-gcm-apos-identificacao-do-smart-sampa","status":"publish","type":"post","link":"https:\/\/www.decaracomaverdade.com.br\/noticias\/inicio\/traficante-foragido-da-justica-e-preso-pela-gcm-apos-identificacao-do-smart-sampa\/","title":{"rendered":"Traficante foragido da Justi\u00e7a \u00e9 preso pela GCM ap\u00f3s identifica\u00e7\u00e3o do Smart Sampa"},"content":{"rendered":"\t\t<div data-elementor-type=\"wp-post\" data-elementor-id=\"12721\" class=\"elementor elementor-12721\">\n\t\t\t\t\t\t<section class=\"elementor-section elementor-top-section elementor-element elementor-element-3bdbf00 elementor-section-boxed elementor-section-height-default elementor-section-height-default\" data-id=\"3bdbf00\" data-element_type=\"section\" data-e-type=\"section\">\n\t\t\t\t\t\t<div class=\"elementor-container elementor-column-gap-default\">\n\t\t\t\t\t<div class=\"elementor-column elementor-col-100 elementor-top-column elementor-element elementor-element-9920a91\" data-id=\"9920a91\" data-element_type=\"column\" data-e-type=\"column\">\n\t\t\t<div class=\"elementor-widget-wrap elementor-element-populated\">\n\t\t\t\t\t\t<div class=\"elementor-element elementor-element-385d8a1 elementor-widget elementor-widget-image\" data-id=\"385d8a1\" data-element_type=\"widget\" data-e-type=\"widget\" data-widget_type=\"image.default\">\n\t\t\t\t<div class=\"elementor-widget-container\">\n\t\t\t\t\t\t\t\t\t\t\t\t\t\t\t<img loading=\"lazy\" width=\"640\" height=\"360\" src=\"https:\/\/www.decaracomaverdade.com.br\/noticias\/wp-content\/uploads\/2026\/08\/capa-blog-1-r2uw2wy6g7c4wdbv7qohfj1yynse1gs8a3gfe7vvgg.webp\" class=\"attachment-large size-large wp-image-12723\" alt=\"capa-blog-1-r2uw2wy6g7c4wdbv7qohfj1yynse1gs8a3gfe7vvgg\" srcset=\"https:\/\/www.decaracomaverdade.com.br\/noticias\/wp-content\/uploads\/2026\/08\/capa-blog-1-r2uw2wy6g7c4wdbv7qohfj1yynse1gs8a3gfe7vvgg.webp 711w, https:\/\/www.decaracomaverdade.com.br\/noticias\/wp-content\/uploads\/2026\/08\/capa-blog-1-r2uw2wy6g7c4wdbv7qohfj1yynse1gs8a3gfe7vvgg-300x169.webp 300w\" sizes=\"auto, (max-width: 640px) 100vw, 640px\" loading=\"lazy\" decoding=\"async\" \/>\t\t\t\t\t\t\t\t\t\t\t\t\t\t\t<\/div>\n\t\t\t\t<\/div>\n\t\t\t\t\t<\/div>\n\t\t<\/div>\n\t\t\t\t\t<\/div>\n\t\t<\/section>\n\t\t\t\t<section class=\"elementor-section elementor-top-section elementor-element elementor-element-3f00480 elementor-section-boxed elementor-section-height-default elementor-section-height-default\" data-id=\"3f00480\" data-element_type=\"section\" data-e-type=\"section\">\n\t\t\t\t\t\t<div class=\"elementor-container elementor-column-gap-default\">\n\t\t\t\t\t<div class=\"elementor-column elementor-col-100 elementor-top-column elementor-element elementor-element-d67af9e\" data-id=\"d67af9e\" data-element_type=\"column\" data-e-type=\"column\">\n\t\t\t<div class=\"elementor-widget-wrap elementor-element-populated\">\n\t\t\t\t\t\t<div class=\"elementor-element elementor-element-d024044 elementor-widget elementor-widget-text-editor\" data-id=\"d024044\" data-element_type=\"widget\" data-e-type=\"widget\" data-widget_type=\"text-editor.default\">\n\t\t\t\t<div class=\"elementor-widget-container\">\n\t\t\t\t\t\t\t\t\t<p style=\"text-align: justify;\">A Guarda Civil Metropolitana (GCM) de S\u00e3o Paulo prendeu, na tarde desta quarta-feira (19), um homem que estava sendo procurado pela Justi\u00e7a depois de ser condenado a oito anos e quatro meses de pris\u00e3o, em regime fechado, por tr\u00e1fico de drogas. O criminoso foi detido ap\u00f3s ser identificado pelo sistema de videomonitoramento do Smart Sampa, nas proximidades do Terminal Vila Prudente, na Zona Leste da capital.<\/p><p style=\"text-align: justify;\">A equipe da GCM fazia patrulhamento na regi\u00e3o quando recebeu o alerta do sistema de que o foragido estava no local. Os agentes realizaram uma breve busca e localizaram o suspeito em um ponto de \u00f4nibus da Rua Ibitirama, na altura do n\u00famero 221.<\/p><p style=\"text-align: justify;\">Ao ser abordado, o homem n\u00e3o ofereceu resist\u00eancia e confirmou aos agentes que havia um mandado de pris\u00e3o em aberto contra ele. Identificado como Flavio Humberto Farias de Moura, de 29 anos, natural de Santo Andr\u00e9, ele tinha um mandado de pris\u00e3o expedido no dia 28 de julho de 2025 pela 1\u00aa Vara Criminal de Mau\u00e1 do Tribunal de Justi\u00e7a do Estado de S\u00e3o Paulo (TJSP).<\/p><p style=\"text-align: justify;\">O criminoso foi condenado a oito anos e quatro meses de pris\u00e3o, em regime fechado, pelo crime de tr\u00e1fico de drogas, previsto no artigo 33 da Lei de Drogas. Ele foi conduzido ao Departamento de Homic\u00eddios e de Prote\u00e7\u00e3o \u00e0 Pessoa (DHPP), onde foi registrado boletim de ocorr\u00eancia por captura de foragido, e segue \u00e0 disposi\u00e7\u00e3o da Justi\u00e7a.<\/p>\t\t\t\t\t\t\t\t<\/div>\n\t\t\t\t<\/div>\n\t\t\t\t\t<\/div>\n\t\t<\/div>\n\t\t\t\t\t<\/div>\n\t\t<\/section>\n\t\t\t\t<\/div>\n\t\t","protected":false},"excerpt":{"rendered":"<p>A Guarda Civil Metropolitana (GCM) de S\u00e3o Paulo prendeu, na tarde desta quarta-feira (19), um homem que estava<\/p>\n","protected":false},"author":1,"featured_media":0,"comment_status":"closed","ping_status":"open","sticky":false,"template":"","format":"standard","meta":{"_eb_attr":"","footnotes":""},"categories":[9],"tags":[],"class_list":["post-12721","post","type-post","status-publish","format-standard","hentry","category-policia"],"yoast_head":"<!-- This site is optimized with the Yoast SEO plugin v28.3 - https:\/\/yoast.com\/product\/yoast-seo-wordpress\/ -->\n<title>Traficante foragido da Justi\u00e7a \u00e9 preso pela GCM ap\u00f3s identifica\u00e7\u00e3o do Smart Sampa - DE CARA COM A VERDADE<\/title>\n<meta name=\"robots\" content=\"index, follow, max-snippet:-1, max-image-preview:large, max-video-preview:-1\" \/>\n<link rel=\"canonical\" href=\"https:\/\/www.decaracomaverdade.com.br\/noticias\/inicio\/traficante-foragido-da-justica-e-preso-pela-gcm-apos-identificacao-do-smart-sampa\/\" \/>\n<meta property=\"og:locale\" content=\"pt_PT\" \/>\n<meta property=\"og:type\" content=\"article\" \/>\n<meta property=\"og:title\" content=\"Traficante foragido da Justi\u00e7a \u00e9 preso pela GCM ap\u00f3s identifica\u00e7\u00e3o do Smart Sampa - DE CARA COM A VERDADE\" \/>\n<meta property=\"og:description\" content=\"A Guarda Civil Metropolitana (GCM) de S\u00e3o Paulo prendeu, na tarde desta quarta-feira (19), um homem que estava\" \/>\n<meta property=\"og:url\" content=\"https:\/\/www.decaracomaverdade.com.br\/noticias\/inicio\/traficante-foragido-da-justica-e-preso-pela-gcm-apos-identificacao-do-smart-sampa\/\" \/>\n<meta property=\"og:site_name\" content=\"DE CARA COM A VERDADE\" \/>\n<meta property=\"article:published_time\" content=\"2026-08-21T16:26:45+00:00\" \/>\n<meta property=\"article:modified_time\" content=\"2026-08-21T16:28:34+00:00\" \/>\n<meta property=\"og:image\" content=\"https:\/\/www.decaracomaverdade.com.br\/noticias\/wp-content\/uploads\/2026\/08\/capa-blog-1-r2uw2wy6g7c4wdbv7qohfj1yynse1gs8a3gfe7vvgg.webp\" \/>\n\t<meta property=\"og:image:width\" content=\"711\" \/>\n\t<meta property=\"og:image:height\" content=\"400\" \/>\n\t<meta property=\"og:image:type\" content=\"image\/webp\" \/>\n<meta name=\"author\" content=\"admin\" \/>\n<meta name=\"twitter:card\" content=\"summary_large_image\" \/>\n<meta name=\"twitter:label1\" content=\"Escrito por\" \/>\n\t<meta name=\"twitter:data1\" content=\"\" \/>\n\t<meta name=\"twitter:label2\" content=\"Tempo estimado de leitura\" \/>\n\t<meta name=\"twitter:data2\" content=\"1 minuto\" \/>\n<script type=\"application\/ld+json\" class=\"yoast-schema-graph\">{\"@context\":\"https:\\\/\\\/schema.org\",\"@graph\":[{\"@type\":\"Article\",\"@id\":\"https:\\\/\\\/www.decaracomaverdade.com.br\\\/noticias\\\/inicio\\\/traficante-foragido-da-justica-e-preso-pela-gcm-apos-identificacao-do-smart-sampa\\\/#article\",\"isPartOf\":{\"@id\":\"https:\\\/\\\/www.decaracomaverdade.com.br\\\/noticias\\\/inicio\\\/traficante-foragido-da-justica-e-preso-pela-gcm-apos-identificacao-do-smart-sampa\\\/\"},\"author\":{\"name\":\"admin\",\"@id\":\"https:\\\/\\\/www.decaracomaverdade.com.br\\\/noticias\\\/inicio\\\/#\\\/schema\\\/person\\\/57b3d7bc6204e8cb0524a8fe4e443f12\"},\"headline\":\"Traficante foragido da Justi\u00e7a \u00e9 preso pela GCM ap\u00f3s identifica\u00e7\u00e3o do Smart Sampa\",\"datePublished\":\"2026-08-21T16:26:45+00:00\",\"dateModified\":\"2026-08-21T16:28:34+00:00\",\"mainEntityOfPage\":{\"@id\":\"https:\\\/\\\/www.decaracomaverdade.com.br\\\/noticias\\\/inicio\\\/traficante-foragido-da-justica-e-preso-pela-gcm-apos-identificacao-do-smart-sampa\\\/\"},\"wordCount\":260,\"image\":{\"@id\":\"https:\\\/\\\/www.decaracomaverdade.com.br\\\/noticias\\\/inicio\\\/traficante-foragido-da-justica-e-preso-pela-gcm-apos-identificacao-do-smart-sampa\\\/#primaryimage\"},\"thumbnailUrl\":\"https:\\\/\\\/www.decaracomaverdade.com.br\\\/noticias\\\/wp-content\\\/uploads\\\/2026\\\/08\\\/capa-blog-1-r2uw2wy6g7c4wdbv7qohfj1yynse1gs8a3gfe7vvgg.webp\",\"articleSection\":[\"Policia\"],\"inLanguage\":\"pt-PT\"},{\"@type\":\"WebPage\",\"@id\":\"https:\\\/\\\/www.decaracomaverdade.com.br\\\/noticias\\\/inicio\\\/traficante-foragido-da-justica-e-preso-pela-gcm-apos-identificacao-do-smart-sampa\\\/\",\"url\":\"https:\\\/\\\/www.decaracomaverdade.com.br\\\/noticias\\\/inicio\\\/traficante-foragido-da-justica-e-preso-pela-gcm-apos-identificacao-do-smart-sampa\\\/\",\"name\":\"Traficante foragido da Justi\u00e7a \u00e9 preso pela GCM ap\u00f3s identifica\u00e7\u00e3o do Smart Sampa - DE CARA COM A VERDADE\",\"isPartOf\":{\"@id\":\"https:\\\/\\\/www.decaracomaverdade.com.br\\\/noticias\\\/inicio\\\/#website\"},\"primaryImageOfPage\":{\"@id\":\"https:\\\/\\\/www.decaracomaverdade.com.br\\\/noticias\\\/inicio\\\/traficante-foragido-da-justica-e-preso-pela-gcm-apos-identificacao-do-smart-sampa\\\/#primaryimage\"},\"image\":{\"@id\":\"https:\\\/\\\/www.decaracomaverdade.com.br\\\/noticias\\\/inicio\\\/traficante-foragido-da-justica-e-preso-pela-gcm-apos-identificacao-do-smart-sampa\\\/#primaryimage\"},\"thumbnailUrl\":\"https:\\\/\\\/www.decaracomaverdade.com.br\\\/noticias\\\/wp-content\\\/uploads\\\/2026\\\/08\\\/capa-blog-1-r2uw2wy6g7c4wdbv7qohfj1yynse1gs8a3gfe7vvgg.webp\",\"datePublished\":\"2026-08-21T16:26:45+00:00\",\"dateModified\":\"2026-08-21T16:28:34+00:00\",\"author\":{\"@id\":\"https:\\\/\\\/www.decaracomaverdade.com.br\\\/noticias\\\/inicio\\\/#\\\/schema\\\/person\\\/57b3d7bc6204e8cb0524a8fe4e443f12\"},\"breadcrumb\":{\"@id\":\"https:\\\/\\\/www.decaracomaverdade.com.br\\\/noticias\\\/inicio\\\/traficante-foragido-da-justica-e-preso-pela-gcm-apos-identificacao-do-smart-sampa\\\/#breadcrumb\"},\"inLanguage\":\"pt-PT\",\"potentialAction\":[{\"@type\":\"ReadAction\",\"target\":[\"https:\\\/\\\/www.decaracomaverdade.com.br\\\/noticias\\\/inicio\\\/traficante-foragido-da-justica-e-preso-pela-gcm-apos-identificacao-do-smart-sampa\\\/\"]}]},{\"@type\":\"ImageObject\",\"inLanguage\":\"pt-PT\",\"@id\":\"https:\\\/\\\/www.decaracomaverdade.com.br\\\/noticias\\\/inicio\\\/traficante-foragido-da-justica-e-preso-pela-gcm-apos-identificacao-do-smart-sampa\\\/#primaryimage\",\"url\":\"https:\\\/\\\/www.decaracomaverdade.com.br\\\/noticias\\\/wp-content\\\/uploads\\\/2026\\\/08\\\/capa-blog-1-r2uw2wy6g7c4wdbv7qohfj1yynse1gs8a3gfe7vvgg.webp\",\"contentUrl\":\"https:\\\/\\\/www.decaracomaverdade.com.br\\\/noticias\\\/wp-content\\\/uploads\\\/2026\\\/08\\\/capa-blog-1-r2uw2wy6g7c4wdbv7qohfj1yynse1gs8a3gfe7vvgg.webp\"},{\"@type\":\"BreadcrumbList\",\"@id\":\"https:\\\/\\\/www.decaracomaverdade.com.br\\\/noticias\\\/inicio\\\/traficante-foragido-da-justica-e-preso-pela-gcm-apos-identificacao-do-smart-sampa\\\/#breadcrumb\",\"itemListElement\":[{\"@type\":\"ListItem\",\"position\":1,\"name\":\"In\u00edcio\",\"item\":\"https:\\\/\\\/www.decaracomaverdade.com.br\\\/noticias\\\/inicio\\\/\"},{\"@type\":\"ListItem\",\"position\":2,\"name\":\"Traficante foragido da Justi\u00e7a \u00e9 preso pela GCM ap\u00f3s identifica\u00e7\u00e3o do Smart Sampa\"}]},{\"@type\":\"WebSite\",\"@id\":\"https:\\\/\\\/www.decaracomaverdade.com.br\\\/noticias\\\/inicio\\\/#website\",\"url\":\"https:\\\/\\\/www.decaracomaverdade.com.br\\\/noticias\\\/inicio\\\/\",\"name\":\"DE CARA COM A VERDADE\",\"description\":\"Get The Most Freshy News Every Day\",\"potentialAction\":[{\"@type\":\"SearchAction\",\"target\":{\"@type\":\"EntryPoint\",\"urlTemplate\":\"https:\\\/\\\/www.decaracomaverdade.com.br\\\/noticias\\\/inicio\\\/?s={search_term_string}\"},\"query-input\":{\"@type\":\"PropertyValueSpecification\",\"valueRequired\":true,\"valueName\":\"search_term_string\"}}],\"inLanguage\":\"pt-PT\"},{\"@type\":\"Person\",\"@id\":\"https:\\\/\\\/www.decaracomaverdade.com.br\\\/noticias\\\/inicio\\\/#\\\/schema\\\/person\\\/57b3d7bc6204e8cb0524a8fe4e443f12\",\"name\":\"admin\",\"image\":{\"@type\":\"ImageObject\",\"inLanguage\":\"pt-PT\",\"@id\":\"https:\\\/\\\/secure.gravatar.com\\\/avatar\\\/a58535844e1157019c1c46d6fed66689c314ba5bed048d83012b7f39ae98a79c?s=96&d=mm&r=g\",\"url\":\"https:\\\/\\\/secure.gravatar.com\\\/avatar\\\/a58535844e1157019c1c46d6fed66689c314ba5bed048d83012b7f39ae98a79c?s=96&d=mm&r=g\",\"contentUrl\":\"https:\\\/\\\/secure.gravatar.com\\\/avatar\\\/a58535844e1157019c1c46d6fed66689c314ba5bed048d83012b7f39ae98a79c?s=96&d=mm&r=g\",\"caption\":\"admin\"},\"sameAs\":[\"https:\\\/\\\/www.decaracomaverdade.com.br\\\/noticias\"],\"url\":\"https:\\\/\\\/www.decaracomaverdade.com.br\\\/noticias\\\/inicio\\\/author\\\/admin\\\/\"}]}<\/script>\n<!-- \/ Yoast SEO plugin. -->","yoast_head_json":{"title":"Traficante foragido da Justi\u00e7a \u00e9 preso pela GCM ap\u00f3s identifica\u00e7\u00e3o do Smart Sampa - DE CARA COM A VERDADE","robots":{"index":"index","follow":"follow","max-snippet":"max-snippet:-1","max-image-preview":"max-image-preview:large","max-video-preview":"max-video-preview:-1"},"canonical":"https:\/\/www.decaracomaverdade.com.br\/noticias\/inicio\/traficante-foragido-da-justica-e-preso-pela-gcm-apos-identificacao-do-smart-sampa\/","og_locale":"pt_PT","og_type":"article","og_title":"Traficante foragido da Justi\u00e7a \u00e9 preso pela GCM ap\u00f3s identifica\u00e7\u00e3o do Smart Sampa - DE CARA COM A VERDADE","og_description":"A Guarda Civil Metropolitana (GCM) de S\u00e3o Paulo prendeu, na tarde desta quarta-feira (19), um homem que estava","og_url":"https:\/\/www.decaracomaverdade.com.br\/noticias\/inicio\/traficante-foragido-da-justica-e-preso-pela-gcm-apos-identificacao-do-smart-sampa\/","og_site_name":"DE CARA COM A VERDADE","article_published_time":"2026-08-21T16:26:45+00:00","article_modified_time":"2026-08-21T16:28:34+00:00","og_image":[{"width":711,"height":400,"url":"https:\/\/www.decaracomaverdade.com.br\/noticias\/wp-content\/uploads\/2026\/08\/capa-blog-1-r2uw2wy6g7c4wdbv7qohfj1yynse1gs8a3gfe7vvgg.webp","type":"image\/webp"}],"author":"admin","twitter_card":"summary_large_image","twitter_misc":{"Escrito por":false,"Tempo estimado de leitura":"1 minuto"},"schema":{"@context":"https:\/\/schema.org","@graph":[{"@type":"Article","@id":"https:\/\/www.decaracomaverdade.com.br\/noticias\/inicio\/traficante-foragido-da-justica-e-preso-pela-gcm-apos-identificacao-do-smart-sampa\/#article","isPartOf":{"@id":"https:\/\/www.decaracomaverdade.com.br\/noticias\/inicio\/traficante-foragido-da-justica-e-preso-pela-gcm-apos-identificacao-do-smart-sampa\/"},"author":{"name":"admin","@id":"https:\/\/www.decaracomaverdade.com.br\/noticias\/inicio\/#\/schema\/person\/57b3d7bc6204e8cb0524a8fe4e443f12"},"headline":"Traficante foragido da Justi\u00e7a \u00e9 preso pela GCM ap\u00f3s identifica\u00e7\u00e3o do Smart Sampa","datePublished":"2026-08-21T16:26:45+00:00","dateModified":"2026-08-21T16:28:34+00:00","mainEntityOfPage":{"@id":"https:\/\/www.decaracomaverdade.com.br\/noticias\/inicio\/traficante-foragido-da-justica-e-preso-pela-gcm-apos-identificacao-do-smart-sampa\/"},"wordCount":260,"image":{"@id":"https:\/\/www.decaracomaverdade.com.br\/noticias\/inicio\/traficante-foragido-da-justica-e-preso-pela-gcm-apos-identificacao-do-smart-sampa\/#primaryimage"},"thumbnailUrl":"https:\/\/www.decaracomaverdade.com.br\/noticias\/wp-content\/uploads\/2026\/08\/capa-blog-1-r2uw2wy6g7c4wdbv7qohfj1yynse1gs8a3gfe7vvgg.webp","articleSection":["Policia"],"inLanguage":"pt-PT"},{"@type":"WebPage","@id":"https:\/\/www.decaracomaverdade.com.br\/noticias\/inicio\/traficante-foragido-da-justica-e-preso-pela-gcm-apos-identificacao-do-smart-sampa\/","url":"https:\/\/www.decaracomaverdade.com.br\/noticias\/inicio\/traficante-foragido-da-justica-e-preso-pela-gcm-apos-identificacao-do-smart-sampa\/","name":"Traficante foragido da Justi\u00e7a \u00e9 preso pela GCM ap\u00f3s identifica\u00e7\u00e3o do Smart Sampa - DE CARA COM A VERDADE","isPartOf":{"@id":"https:\/\/www.decaracomaverdade.com.br\/noticias\/inicio\/#website"},"primaryImageOfPage":{"@id":"https:\/\/www.decaracomaverdade.com.br\/noticias\/inicio\/traficante-foragido-da-justica-e-preso-pela-gcm-apos-identificacao-do-smart-sampa\/#primaryimage"},"image":{"@id":"https:\/\/www.decaracomaverdade.com.br\/noticias\/inicio\/traficante-foragido-da-justica-e-preso-pela-gcm-apos-identificacao-do-smart-sampa\/#primaryimage"},"thumbnailUrl":"https:\/\/www.decaracomaverdade.com.br\/noticias\/wp-content\/uploads\/2026\/08\/capa-blog-1-r2uw2wy6g7c4wdbv7qohfj1yynse1gs8a3gfe7vvgg.webp","datePublished":"2026-08-21T16:26:45+00:00","dateModified":"2026-08-21T16:28:34+00:00","author":{"@id":"https:\/\/www.decaracomaverdade.com.br\/noticias\/inicio\/#\/schema\/person\/57b3d7bc6204e8cb0524a8fe4e443f12"},"breadcrumb":{"@id":"https:\/\/www.decaracomaverdade.com.br\/noticias\/inicio\/traficante-foragido-da-justica-e-preso-pela-gcm-apos-identificacao-do-smart-sampa\/#breadcrumb"},"inLanguage":"pt-PT","potentialAction":[{"@type":"ReadAction","target":["https:\/\/www.decaracomaverdade.com.br\/noticias\/inicio\/traficante-foragido-da-justica-e-preso-pela-gcm-apos-identificacao-do-smart-sampa\/"]}]},{"@type":"ImageObject","inLanguage":"pt-PT","@id":"https:\/\/www.decaracomaverdade.com.br\/noticias\/inicio\/traficante-foragido-da-justica-e-preso-pela-gcm-apos-identificacao-do-smart-sampa\/#primaryimage","url":"https:\/\/www.decaracomaverdade.com.br\/noticias\/wp-content\/uploads\/2026\/08\/capa-blog-1-r2uw2wy6g7c4wdbv7qohfj1yynse1gs8a3gfe7vvgg.webp","contentUrl":"https:\/\/www.decaracomaverdade.com.br\/noticias\/wp-content\/uploads\/2026\/08\/capa-blog-1-r2uw2wy6g7c4wdbv7qohfj1yynse1gs8a3gfe7vvgg.webp"},{"@type":"BreadcrumbList","@id":"https:\/\/www.decaracomaverdade.com.br\/noticias\/inicio\/traficante-foragido-da-justica-e-preso-pela-gcm-apos-identificacao-do-smart-sampa\/#breadcrumb","itemListElement":[{"@type":"ListItem","position":1,"name":"In\u00edcio","item":"https:\/\/www.decaracomaverdade.com.br\/noticias\/inicio\/"},{"@type":"ListItem","position":2,"name":"Traficante foragido da Justi\u00e7a \u00e9 preso pela GCM ap\u00f3s identifica\u00e7\u00e3o do Smart Sampa"}]},{"@type":"WebSite","@id":"https:\/\/www.decaracomaverdade.com.br\/noticias\/inicio\/#website","url":"https:\/\/www.decaracomaverdade.com.br\/noticias\/inicio\/","name":"DE CARA COM A VERDADE","description":"Get The Most Freshy News Every Day","potentialAction":[{"@type":"SearchAction","target":{"@type":"EntryPoint","urlTemplate":"https:\/\/www.decaracomaverdade.com.br\/noticias\/inicio\/?s={search_term_string}"},"query-input":{"@type":"PropertyValueSpecification","valueRequired":true,"valueName":"search_term_string"}}],"inLanguage":"pt-PT"},{"@type":"Person","@id":"https:\/\/www.decaracomaverdade.com.br\/noticias\/inicio\/#\/schema\/person\/57b3d7bc6204e8cb0524a8fe4e443f12","name":"admin","image":{"@type":"ImageObject","inLanguage":"pt-PT","@id":"https:\/\/secure.gravatar.com\/avatar\/a58535844e1157019c1c46d6fed66689c314ba5bed048d83012b7f39ae98a79c?s=96&d=mm&r=g","url":"https:\/\/secure.gravatar.com\/avatar\/a58535844e1157019c1c46d6fed66689c314ba5bed048d83012b7f39ae98a79c?s=96&d=mm&r=g","contentUrl":"https:\/\/secure.gravatar.com\/avatar\/a58535844e1157019c1c46d6fed66689c314ba5bed048d83012b7f39ae98a79c?s=96&d=mm&r=g","caption":"admin"},"sameAs":["https:\/\/www.decaracomaverdade.com.br\/noticias"],"url":"https:\/\/www.decaracomaverdade.com.br\/noticias\/inicio\/author\/admin\/"}]}},"blog_post_layout_featured_media_urls":{"thumbnail":"","full":""},"categories_names":{"9":{"name":"Policia","link":"https:\/\/www.decaracomaverdade.com.br\/noticias\/inicio\/category\/policia\/"}},"tags_names":[],"comments_number":"0","wpmagazine_modules_lite_featured_media_urls":{"thumbnail":"","cvmm-medium":"","cvmm-medium-plus":"","cvmm-portrait":"","cvmm-medium-square":"","cvmm-large":"","cvmm-small":"","full":""},"_links":{"self":[{"href":"https:\/\/www.decaracomaverdade.com.br\/noticias\/inicio\/wp-json\/wp\/v2\/posts\/12721","targetHints":{"allow":["GET"]}}],"collection":[{"href":"https:\/\/www.decaracomaverdade.com.br\/noticias\/inicio\/wp-json\/wp\/v2\/posts"}],"about":[{"href":"https:\/\/www.decaracomaverdade.com.br\/noticias\/inicio\/wp-json\/wp\/v2\/types\/post"}],"author":[{"embeddable":true,"href":"https:\/\/www.decaracomaverdade.com.br\/noticias\/inicio\/wp-json\/wp\/v2\/users\/1"}],"replies":[{"embeddable":true,"href":"https:\/\/www.decaracomaverdade.com.br\/noticias\/inicio\/wp-json\/wp\/v2\/comments?post=12721"}],"version-history":[{"count":4,"href":"https:\/\/www.decaracomaverdade.com.br\/noticias\/inicio\/wp-json\/wp\/v2\/posts\/12721\/revisions"}],"predecessor-version":[{"id":12726,"href":"https:\/\/www.decaracomaverdade.com.br\/noticias\/inicio\/wp-json\/wp\/v2\/posts\/12721\/revisions\/12726"}],"wp:attachment":[{"href":"https:\/\/www.decaracomaverdade.com.br\/noticias\/inicio\/wp-json\/wp\/v2\/media?parent=12721"}],"wp:term":[{"taxonomy":"category","embeddable":true,"href":"https:\/\/www.decaracomaverdade.com.br\/noticias\/inicio\/wp-json\/wp\/v2\/categories?post=12721"},{"taxonomy":"post_tag","embeddable":true,"href":"https:\/\/www.decaracomaverdade.com.br\/noticias\/inicio\/wp-json\/wp\/v2\/tags?post=12721"}],"curies":[{"name":"wp","href":"https:\/\/api.w.org\/{rel}","templated":true}]}}